{"id":16316,"date":"2025-04-11T02:06:15","date_gmt":"2025-04-11T02:06:15","guid":{"rendered":"https:\/\/www.europesays.com\/fr\/16316\/"},"modified":"2025-04-11T02:06:15","modified_gmt":"2025-04-11T02:06:15","slug":"martin-et-bagnaia-dans-la-derniere-ligne-droite","status":"publish","type":"post","link":"https:\/\/www.europesays.com\/fr\/16316\/","title":{"rendered":"Martin et Bagnaia dans la derni\u00e8re ligne droite"},"content":{"rendered":"<p>Dix petits points : c&rsquo;est l&rsquo;\u00e9cart qui s\u00e9pare l&rsquo;Espagnol Jorge Martin de l&rsquo;Italien Francesco Bagnaia avant le Grand Prix d&rsquo;Australie ce weekend, 17e \u00e9preuve sur 20 du championnat du monde MotoGP, courue sur le magnifique &#8211;mais souvent tra\u00eetre&#8211; trac\u00e9 de Phillip Island.<\/p>\n<p>Bagnaia vise le tripl\u00e9<\/p>\n<p>Sur leurs Ducati, une machine d&rsquo;usine pour Bagnaia et une moto de l&rsquo;\u00e9curie satellite Pramac pour Martin, les deux pilotes poursuivent loin devant les autres leur duel pour le championnat remport\u00e9 les deux derni\u00e8res saisons par l&rsquo;Italien.<\/p>\n<p>Ce contenu est bloqu\u00e9 car vous n&rsquo;avez pas accept\u00e9 les cookies et autres traceurs.<\/p>\n<p>En cliquant sur \u00ab J\u2019accepte \u00bb, les cookies et autres traceurs seront d\u00e9pos\u00e9s et vous pourrez visualiser les contenus  (<a href=\"\" class=\"consentModule_policy\" target=\"_blank\" title=\"Consulter la politique de protection des donn\u00e9es du fournisseur\">plus d&rsquo;informations<\/a>).<\/p>\n<p>En cliquant sur \u00ab J\u2019accepte tous les cookies \u00bb, vous autorisez des d\u00e9p\u00f4ts de cookies et autres traceurs pour le stockage de vos donn\u00e9es sur nos sites et applications \u00e0 des fins de personnalisation et de ciblage publicitaire.<\/p>\n<p class=\"consentModule_secondaryText\">Vous gardez la possibilit\u00e9 de retirer votre consentement \u00e0 tout moment en consultant notre <a href=\"https:\/\/www.lejsl.com\/protection-des-donnees\" target=\"_blank\" title=\"Consulter notre politique de protection des donn\u00e9es\" rel=\"nofollow noopener\">politique de protection des donn\u00e9es<\/a>. <br \/>&#13;<br \/>\n            <a href=\"https:\/\/www.lejsl.com\/sport\/2024\/10\/18\/javascript:Didomi.notice.show()\" class=\"consentModule_cmp\" rel=\"nofollow noopener\" target=\"_blank\">G\u00e9rer mes choix<\/a>&#13;\n        <\/p>\n<p>&#13;<br \/>\n                        J&rsquo;accepte&#13;<br \/>\n            J&rsquo;accepte tous les cookies&#13;\n        <\/p>\n<p class=\"componentDescription\">\u00ab Du 50-50 \u00bb pour la course au titre<\/p>\n<p>\t<img class=\"placeholder-svg\" loading=\"lazy\" decoding=\"async\" src=\"https:\/\/www.europesays.com\/fr\/wp-content\/uploads\/2025\/04\/twitter-X.svg.svg+xml\" alt=\"Twitter PlaceHolder\"\/><\/p>\n<p>Le 3e au championnat, l&rsquo;Italien Enea Bastianini, \u00e9quipier de Bagnaia, est \u00e0 79 points de Martin alors que le septuple champion du monde espagnol <a href=\"https:\/\/www.lejsl.com\/p\/marc-marquez\" target=\"_blank\" rel=\"nofollow noopener\">Marc Marquez<\/a> (Ducati-Gresini) est juste derri\u00e8re \u00e0 81 points.<\/p>\n<p>Leurs chances au championnat sont surtout math\u00e9matiques mais leur lutte est intense car Bastianini sait d\u00e9j\u00e0 qu&rsquo;il devra laisser sa selle \u00e0 Marquez l&rsquo;an prochain au sein de l&rsquo;\u00e9curie d&rsquo;usine du constructeur de Borgo Panigale et se bat pour l&rsquo;honneur.<\/p>\n<p>Bagnaia dans la meilleur dynamique<\/p>\n<p>Bagnaia arrive \u00e0 Phillip Island, pr\u00e8s de Melbourne, <a href=\"https:\/\/www.lejsl.com\/sport\/2024\/10\/06\/francesco-bagnaia-gagne-au-japon-jorge-martin-aen-deuxieme-position\" target=\"_blank\" rel=\"nofollow noopener\">aur\u00e9ol\u00e9 de son carton plein au Japon o\u00f9 il a remport\u00e9 la course sprint et le Grand Prix<\/a>, empochant 37 points pour 26 \u00e0 Martin, 4e du sprint et 2e du GP.<\/p>\n<p>\u00ab Phillip Island est un circuit rapide o\u00f9 j&rsquo;ai toujours \u00e9t\u00e9 plut\u00f4t comp\u00e9titif mais qui est aussi un peu particulier, l&rsquo;adh\u00e9rence du rev\u00eatement et les conditions climatiques changeantes jouant toujours un r\u00f4le-cl\u00e9 \u00bb, souligne le Turinois.<\/p>\n<p>\u00ab Le temps change ici tout le temps et la gestion des pneus sera tr\u00e8s importante \u00bb, estime de son c\u00f4t\u00e9 son rival.<\/p>\n<p>Ce contenu est bloqu\u00e9 car vous n&rsquo;avez pas accept\u00e9 les cookies et autres traceurs.<\/p>\n<p>En cliquant sur \u00ab J\u2019accepte \u00bb, les cookies et autres traceurs seront d\u00e9pos\u00e9s et vous pourrez visualiser les contenus  (<a href=\"\" class=\"consentModule_policy\" target=\"_blank\" title=\"Consulter la politique de protection des donn\u00e9es du fournisseur\">plus d&rsquo;informations<\/a>).<\/p>\n<p>En cliquant sur \u00ab J\u2019accepte tous les cookies \u00bb, vous autorisez des d\u00e9p\u00f4ts de cookies et autres traceurs pour le stockage de vos donn\u00e9es sur nos sites et applications \u00e0 des fins de personnalisation et de ciblage publicitaire.<\/p>\n<p class=\"consentModule_secondaryText\">Vous gardez la possibilit\u00e9 de retirer votre consentement \u00e0 tout moment en consultant notre <a href=\"https:\/\/www.lejsl.com\/protection-des-donnees\" target=\"_blank\" title=\"Consulter notre politique de protection des donn\u00e9es\" rel=\"nofollow noopener\">politique de protection des donn\u00e9es<\/a>. <br \/>&#13;<br \/>\n            <a href=\"https:\/\/www.lejsl.com\/sport\/2024\/10\/18\/javascript:Didomi.notice.show()\" class=\"consentModule_cmp\" rel=\"nofollow noopener\" target=\"_blank\">G\u00e9rer mes choix<\/a>&#13;\n        <\/p>\n<p>&#13;<br \/>\n                        J&rsquo;accepte&#13;<br \/>\n            J&rsquo;accepte tous les cookies&#13;\n        <\/p>\n<p class=\"componentDescription\">Les horaires du week-end pour les l\u00e8ve-t\u00f4t<\/p>\n<p>\t<img class=\"placeholder-svg\" loading=\"lazy\" decoding=\"async\" src=\"https:\/\/www.europesays.com\/fr\/wp-content\/uploads\/2025\/04\/twitter-X.svg.svg+xml\" alt=\"Twitter PlaceHolder\"\/><\/p>\n<p>Bagnaia et Martin ont l&rsquo;habitude des d\u00e9nouements serr\u00e9s. D\u00e9j\u00e0 l&rsquo;an dernier, les deux hommes n&rsquo;\u00e9taient s\u00e9par\u00e9s que de 18 points \u00e0 leur arriv\u00e9e en Australie, \u00ab Pecco \u00bb Bagnaia l&#8217;emportant finalement au championnat avec 39 unit\u00e9s d&rsquo;avance sur Martin.<\/p>\n<p>Zarco, au bon souvenir de l&rsquo;an dernier<\/p>\n<p>C&rsquo;est l&rsquo;inattendu Fran\u00e7ais <a href=\"https:\/\/www.lejsl.com\/p\/johann-zarco\" target=\"_blank\" rel=\"nofollow noopener\">Johann Zarco<\/a> <a href=\"https:\/\/www.lejsl.com\/sport\/2023\/10\/21\/australie-victoire-du-francais-johann-zarco-devant-bagnaia-martin-5e\" target=\"_blank\" rel=\"nofollow noopener\">qui l&rsquo;avait emport\u00e9 \u00e0 Phillip Island il y a un an<\/a>, la seule victoire en MotoGP \u00e0 ce jour du double champion du monde Moto2.<\/p>\n<p>Son compatriote <a href=\"https:\/\/www.lejsl.com\/p\/fabio-quartararo\" target=\"_blank\" rel=\"nofollow noopener\">Fabio Quartararo<\/a>, champion du monde 2021, est lui 13e. Si sa Yamaha est un peu plus v\u00e9loce que la Honda, seul un miracle lui permettrait de l&#8217;emporter ou m\u00eame de monter sur le podium.<\/p>\n<p>Marquez et Bastianini \u00e0 l&rsquo;aff\u00fbt<\/p>\n<p>Bagnaia et Martin pourraient bien voir leur mano \u00e0 mano troubl\u00e9 par Marquez et Bastianini, toujours \u00e0 l&rsquo;aff\u00fbt d&rsquo;un coup d&rsquo;\u00e9clat. Ils comptent chacun d\u00e9j\u00e0 deux victoires en Grand Prix cette ann\u00e9e et le premier a montr\u00e9 qu&rsquo;il est maintenant revenu au plus haut niveau m\u00eame avec une machine aux sp\u00e9cifications de l&rsquo;an dernier, Gresini n&rsquo;\u00e9tant qu&rsquo;une \u00e9curie cliente de Ducati.<\/p>\n<p>Le jeune prodige espagnol Pedro Acosta (GasGas-Tech3) court lui toujours apr\u00e8s sa premi\u00e8re victoire en cat\u00e9gorie reine o\u00f9 il fait ses d\u00e9buts cette saison mais tombe souvent comme lors du dernier GP au Japon.<\/p>\n","protected":false},"excerpt":{"rendered":"Dix petits points : c&rsquo;est l&rsquo;\u00e9cart qui s\u00e9pare l&rsquo;Espagnol Jorge Martin de l&rsquo;Italien Francesco Bagnaia avant le Grand&hellip;\n","protected":false},"author":2,"featured_media":16317,"comment_status":"","ping_status":"","sticky":false,"template":"","format":"standard","meta":{"footnotes":""},"categories":[1413],"tags":[1976,107,1011,27,1457,1456,517,1947,60],"class_list":{"0":"post-16316","1":"post","2":"type-post","3":"status-publish","4":"format-standard","5":"has-post-thumbnail","7":"category-moto","8":"tag-auto-moto","9":"tag-fil-info","10":"tag-fr","11":"tag-france","12":"tag-moto","13":"tag-motocycle","14":"tag-sport","15":"tag-sport-national","16":"tag-sports"},"share_on_mastodon":{"url":"https:\/\/pubeurope.com\/@fr\/114316888237673421","error":""},"_links":{"self":[{"href":"https:\/\/www.europesays.com\/fr\/wp-json\/wp\/v2\/posts\/16316","targetHints":{"allow":["GET"]}}],"collection":[{"href":"https:\/\/www.europesays.com\/fr\/wp-json\/wp\/v2\/posts"}],"about":[{"href":"https:\/\/www.europesays.com\/fr\/wp-json\/wp\/v2\/types\/post"}],"author":[{"embeddable":true,"href":"https:\/\/www.europesays.com\/fr\/wp-json\/wp\/v2\/users\/2"}],"replies":[{"embeddable":true,"href":"https:\/\/www.europesays.com\/fr\/wp-json\/wp\/v2\/comments?post=16316"}],"version-history":[{"count":0,"href":"https:\/\/www.europesays.com\/fr\/wp-json\/wp\/v2\/posts\/16316\/revisions"}],"wp:featuredmedia":[{"embeddable":true,"href":"https:\/\/www.europesays.com\/fr\/wp-json\/wp\/v2\/media\/16317"}],"wp:attachment":[{"href":"https:\/\/www.europesays.com\/fr\/wp-json\/wp\/v2\/media?parent=16316"}],"wp:term":[{"taxonomy":"category","embeddable":true,"href":"https:\/\/www.europesays.com\/fr\/wp-json\/wp\/v2\/categories?post=16316"},{"taxonomy":"post_tag","embeddable":true,"href":"https:\/\/www.europesays.com\/fr\/wp-json\/wp\/v2\/tags?post=16316"}],"curies":[{"name":"wp","href":"https:\/\/api.w.org\/{rel}","templated":true}]}}