{"id":16318,"date":"2025-04-11T02:07:14","date_gmt":"2025-04-11T02:07:14","guid":{"rendered":"https:\/\/www.europesays.com\/fr\/16318\/"},"modified":"2025-04-11T02:07:14","modified_gmt":"2025-04-11T02:07:14","slug":"grand-prix-de-formule-1-du-japon-a-quelle-heure-et-sur-quelle-chaine-voir-la-course-en-direct","status":"publish","type":"post","link":"https:\/\/www.europesays.com\/fr\/16318\/","title":{"rendered":"Grand Prix de Formule 1 du Japon : \u00e0 quelle heure et sur quelle cha\u00eene voir la course en direct ?"},"content":{"rendered":"<p class=\"paragraph text_align_left\">\u00c0 l\u2019issue des deux premi\u00e8res courses de la saison, Lando Norris occupe la t\u00eate du tableau (44 points), devant Max Verstappen (36 points) et George Russell (35 points). Avec une victoire \u00e0 son actif, le pilote britannique va tout faire pour rester en pole position \u00e0 l\u2019issue de cette nouvelle course. Au pied du podium, on retrouve Oscar Piastri et Kimi Antonelli, le rookie de l\u2019\u00e9curie Mercedes. Quant \u00e0 Esteban Ocon, le Fran\u00e7ais est septi\u00e8me, au coude \u00e0 coude avec Lance Stroll. De son c\u00f4t\u00e9, Lewis Hamilton pointe \u00e0 la neuvi\u00e8me position, avec un point d\u2019avance sur son co\u00e9quipier Charles Leclerc (8 points). Cette semaine, les pilotes s\u2019affrontent sur le circuit de Suzuka, l\u2019une des \u00e9tapes les plus exigeantes du calendrier. Les encha\u00eenements \u00e0 haute et basse vitesse mettent \u00e0 rude \u00e9preuve les concurrents et les monoplaces. Dans ces lignes, <a href=\"https:\/\/bit.ly\/40FHvqp\" target=\"_blank\" rel=\"sponsored nofollow noopener\">on vous dit \u00e0 quelle heure et sur quelle cha\u00eene regarder le Grand Prix\u2122 de Formule 1\u00ae du Japon, en direct ce dimanche matin.<\/a><\/p>\n<p>Diffusion Grand Prix\u2122 de Formule 1\u00ae du Japon en direct : sur quelle cha\u00eene regarder la course ?<\/p>\n<p class=\"paragraph text_align_left\"><b>Le Grand Prix\u2122 de Formule 1\u00ae du Japon est diffus\u00e9 ce dimanche 6 avril, <\/b><a href=\"https:\/\/bit.ly\/40FHvqp\" target=\"_blank\" rel=\"sponsored nofollow noopener\"><b>en direct sur la cha\u00eene CANAL+<\/b><\/a><b>. Le d\u00e9part de la course est pr\u00e9vu \u00e0 7 heures, sur le circuit de Suzuka.<\/b> Les commentateurs prennent l\u2019antenne quelques minutes avant le d\u00e9but du Grand Prix\u2122 pour faire le point sur les forces en vigueur et les derni\u00e8res actualit\u00e9s de la comp\u00e9tition. Ils d\u00e9cryptent ensuite les performances des pilotes, analysent les r\u00e9sultats et reviennent sur les temps forts. \u00c0 l\u2019issue de la course, vous assistez \u00e0 la remise des troph\u00e9es.<\/p>\n<p class=\"paragraph text_align_left\"><b>Suivez ici la Formule 1\u2122 <\/b><a href=\"https:\/\/bit.ly\/40FHvqp\" rel=\"sponsored nofollow noopener\" target=\"_blank\"><b>toute l\u2019ann\u00e9e avec CANAL+<\/b><\/a><\/p>\n","protected":false},"excerpt":{"rendered":"\u00c0 l\u2019issue des deux premi\u00e8res courses de la saison, Lando Norris occupe la t\u00eate du tableau (44 points),&hellip;\n","protected":false},"author":2,"featured_media":16319,"comment_status":"","ping_status":"","sticky":false,"template":"","format":"standard","meta":{"footnotes":""},"categories":[1412],"tags":[1451,1452,1453,1454,1455,1011,27,749,60,6718],"class_list":{"0":"post-16318","1":"post","2":"type-post","3":"status-publish","4":"format-standard","5":"has-post-thumbnail","7":"category-f1","8":"tag-f1","9":"tag-formula-1","10":"tag-formula1","11":"tag-formule-1","12":"tag-formule1","13":"tag-fr","14":"tag-france","15":"tag-guide-shopping","16":"tag-sports","17":"tag-tv-streaming"},"share_on_mastodon":{"url":"https:\/\/pubeurope.com\/@fr\/114316892511060530","error":""},"_links":{"self":[{"href":"https:\/\/www.europesays.com\/fr\/wp-json\/wp\/v2\/posts\/16318","targetHints":{"allow":["GET"]}}],"collection":[{"href":"https:\/\/www.europesays.com\/fr\/wp-json\/wp\/v2\/posts"}],"about":[{"href":"https:\/\/www.europesays.com\/fr\/wp-json\/wp\/v2\/types\/post"}],"author":[{"embeddable":true,"href":"https:\/\/www.europesays.com\/fr\/wp-json\/wp\/v2\/users\/2"}],"replies":[{"embeddable":true,"href":"https:\/\/www.europesays.com\/fr\/wp-json\/wp\/v2\/comments?post=16318"}],"version-history":[{"count":0,"href":"https:\/\/www.europesays.com\/fr\/wp-json\/wp\/v2\/posts\/16318\/revisions"}],"wp:featuredmedia":[{"embeddable":true,"href":"https:\/\/www.europesays.com\/fr\/wp-json\/wp\/v2\/media\/16319"}],"wp:attachment":[{"href":"https:\/\/www.europesays.com\/fr\/wp-json\/wp\/v2\/media?parent=16318"}],"wp:term":[{"taxonomy":"category","embeddable":true,"href":"https:\/\/www.europesays.com\/fr\/wp-json\/wp\/v2\/categories?post=16318"},{"taxonomy":"post_tag","embeddable":true,"href":"https:\/\/www.europesays.com\/fr\/wp-json\/wp\/v2\/tags?post=16318"}],"curies":[{"name":"wp","href":"https:\/\/api.w.org\/{rel}","templated":true}]}}