{"id":163184,"date":"2025-06-09T11:58:08","date_gmt":"2025-06-09T11:58:08","guid":{"rendered":"https:\/\/www.europesays.com\/fr\/163184\/"},"modified":"2025-06-09T11:58:08","modified_gmt":"2025-06-09T11:58:08","slug":"journees-europeennes-de-larcheologie-des-milliers-devenements-partout-en-france-pour-marcher-dans-les-pas-dindiana-jones","status":"publish","type":"post","link":"https:\/\/www.europesays.com\/fr\/163184\/","title":{"rendered":"Journ\u00e9es europ\u00e9ennes de l\u2019arch\u00e9ologie\u00a0: des milliers d\u2019\u00e9v\u00e8nements partout en France pour marcher dans les pas d\u2019Indiana Jones"},"content":{"rendered":"<p>Les Journ\u00e9es europ\u00e9ennes de l\u2019arch\u00e9ologie (JEA) auront lieu du 13 au 15\u00a0juin partout en France et dans plus de 30 pays europ\u00e9ens. Initi\u00e9es par le minist\u00e8re de la Culture et pilot\u00e9es par l\u2019Institut national de recherches arch\u00e9ologiques pr\u00e9ventives (Inrap), ces Journ\u00e9es b\u00e9n\u00e9ficient du haut patronage du Conseil de l\u2019Europe.<\/p>\n<p>Les JEA sont un moyen pour les arch\u00e9ologues de faire conna\u00eetre leur m\u00e9tier et de sensibiliser les publics <a href=\"https:\/\/www.humanite.fr\/sciences\/archeologie\/archeologie-des-epees-exceptionnelles-vieilles-de-2-400-ans-retrouvees-dans-une-necropole-celtique-de-lallier\" target=\"_blank\" rel=\"noopener\">au riche patrimoine arch\u00e9ologique fran\u00e7ais <\/a>et une mani\u00e8re de d\u00e9voiler l\u2019histoire des territoires. Ces trois journ\u00e9es invitent le public \u00e0 explorer le pass\u00e9, du plus ancien au plus r\u00e9cent, et de la fouille au mus\u00e9e.<\/p>\n<p>\u00c0 cette occasion, les acteurs de l\u2019arch\u00e9ologie partagent leurs connaissances, leurs expertises et leurs d\u00e9couvertes avec les publics. Plus d\u2019un millier de manifestations sont propos\u00e9es sur l\u2019ensemble du territoire national\u00a0: ouverture exceptionnelle de chantiers de fouilles, de centres de recherches et de laboratoires, expositions, activit\u00e9s ludiques et p\u00e9dagogiques\u2026<\/p>\n<p>\u00c0 Saint-Germain-en-Laye, on explore l\u2019impact r\u00e9volutionnaire de la m\u00e9tallurgie du bronze<\/p>\n<p>Vingt-six \u00ab\u00a0Villages de l\u2019arch\u00e9ologie\u00a0\u00bb accueilleront petits et grands et proposeront des ateliers et des d\u00e9monstrations des diff\u00e9rentes facettes du m\u00e9tier. Parmi ces \u00e9v\u00e9nements, le mus\u00e9e d\u2019Arch\u00e9ologie nationale de Saint-Germain-en-Laye (Yvelines) pr\u00e9sente une exposition intitul\u00e9e \u00ab\u00a0les Ma\u00eetres du feu\u00a0\u00bb.<\/p>\n<p>Elle explore l\u2019impact r\u00e9volutionnaire de <a href=\"https:\/\/www.humanite.fr\/sciences\/archeologie\/archeologie-ce-que-lon-sait-de-la-premiere-proto-industrie-doutils-decouverte-en-tanzanie\" target=\"_blank\" rel=\"noopener\">la m\u00e9tallurgie du bronze<\/a> et met en lumi\u00e8re des innovations majeures de cette \u00e9poque (- 2\u00a0300 \u00e0 \u2013 800 avant J.-C.) qui ont fa\u00e7onn\u00e9 notre monde moderne, comme la production en s\u00e9rie, la soudure, l\u2019apparition des routes d\u2019\u00e9changes, l\u2019invention de la roue ou encore la domestication du cheval.<\/p>\n<p>Tout le programme et toutes les informations\u00a0: <a href=\"https:\/\/journees-archeologie.eu\/c-2025\/accueil\" data-type=\"link\" data-id=\"https:\/\/journees-archeologie.eu\/c-2025\/accueil\" target=\"_blank\" rel=\"noopener\">en cliquant ici.<\/a><\/p>\n<p>La science et la conscience<\/p>\n<p>Nous avons besoin de vous pour porter dans le d\u00e9bat public la voix d\u2019un m\u00e9dia libre, qui porte haut les combats du monde de la recherche, partage ses d\u00e9couvertes. <\/p>\n<ul class=\"wp-block-list\">\n<li>Ainsi, l\u2019Humanit\u00e9 Magazine est <a href=\"https:\/\/www.humanite.fr\/mot-cle\/academie-des-sciences\" target=\"_blank\" rel=\"noopener\">partenaire de l\u2019Acad\u00e9mie des sciences<\/a> depuis 2015 pour r\u00e9v\u00e9ler chaque mois le meilleur de la recherche scientifique.<\/li>\n<li>Sur <a href=\"https:\/\/www.humanite.fr\/sections\/sciences\" target=\"_blank\" rel=\"noopener\">Humanit\u00e9.fr<\/a>, dans l\u2019Humanit\u00e9 magazine et chaque mardi dans l\u2019Humanit\u00e9, retrouvez l\u2019actualit\u00e9 scientifique d\u00e9crypt\u00e9e par nos journalistes sp\u00e9cialis\u00e9s.<\/li>\n<\/ul>\n<p><strong>Aidez-nous \u00e0 alimenter la r\u00e9flexion sur les enjeux \u00e9thiques, politiques et soci\u00e9taux qui accompagnent le progr\u00e8s scientifique.<\/strong><br \/><a href=\"https:\/\/www.humanite.fr\/lhumanite-cest-vous\" target=\"_blank\" rel=\"noopener\">Je veux en savoir plus\u00a0!<\/a><\/p>\n","protected":false},"excerpt":{"rendered":"Les Journ\u00e9es europ\u00e9ennes de l\u2019arch\u00e9ologie (JEA) auront lieu du 13 au 15\u00a0juin partout en France et dans plus&hellip;\n","protected":false},"author":2,"featured_media":163185,"comment_status":"","ping_status":"","sticky":false,"template":"","format":"standard","meta":{"footnotes":""},"categories":[4],"tags":[11,26147,1011,27,29603,12,25],"class_list":{"0":"post-163184","1":"post","2":"type-post","3":"status-publish","4":"format-standard","5":"has-post-thumbnail","7":"category-france","8":"tag-actualites","9":"tag-archu00e9ologie","10":"tag-fr","11":"tag-france","12":"tag-journu00e9es-europu00e9ennes-de-larchu00e9ologie","13":"tag-news","14":"tag-republique-francaise"},"share_on_mastodon":{"url":"https:\/\/pubeurope.com\/@fr\/114653292451978307","error":""},"_links":{"self":[{"href":"https:\/\/www.europesays.com\/fr\/wp-json\/wp\/v2\/posts\/163184","targetHints":{"allow":["GET"]}}],"collection":[{"href":"https:\/\/www.europesays.com\/fr\/wp-json\/wp\/v2\/posts"}],"about":[{"href":"https:\/\/www.europesays.com\/fr\/wp-json\/wp\/v2\/types\/post"}],"author":[{"embeddable":true,"href":"https:\/\/www.europesays.com\/fr\/wp-json\/wp\/v2\/users\/2"}],"replies":[{"embeddable":true,"href":"https:\/\/www.europesays.com\/fr\/wp-json\/wp\/v2\/comments?post=163184"}],"version-history":[{"count":0,"href":"https:\/\/www.europesays.com\/fr\/wp-json\/wp\/v2\/posts\/163184\/revisions"}],"wp:featuredmedia":[{"embeddable":true,"href":"https:\/\/www.europesays.com\/fr\/wp-json\/wp\/v2\/media\/163185"}],"wp:attachment":[{"href":"https:\/\/www.europesays.com\/fr\/wp-json\/wp\/v2\/media?parent=163184"}],"wp:term":[{"taxonomy":"category","embeddable":true,"href":"https:\/\/www.europesays.com\/fr\/wp-json\/wp\/v2\/categories?post=163184"},{"taxonomy":"post_tag","embeddable":true,"href":"https:\/\/www.europesays.com\/fr\/wp-json\/wp\/v2\/tags?post=163184"}],"curies":[{"name":"wp","href":"https:\/\/api.w.org\/{rel}","templated":true}]}}