{"id":163189,"date":"2025-06-09T12:02:08","date_gmt":"2025-06-09T12:02:08","guid":{"rendered":"https:\/\/www.europesays.com\/fr\/163189\/"},"modified":"2025-06-09T12:02:08","modified_gmt":"2025-06-09T12:02:08","slug":"roland-garros-ferrero-sur-une-statistique-affolante-concernant-alcaraz-et-nadal-cest-un-hasard-incroyable-cela-a-lair-totalement-irreel-mais-il-ne-faut-pas-trop-y-penser","status":"publish","type":"post","link":"https:\/\/www.europesays.com\/fr\/163189\/","title":{"rendered":"Roland Garros > Ferrero, sur une statistique affolante concernant Alcaraz et Nadal\u00a0: \u00ab\u00a0C&rsquo;est un hasard incroyable. Cela a l&rsquo;air totalement irr\u00e9el, mais il ne faut pas trop y penser&#8230;\u00a0\u00bb"},"content":{"rendered":"<p>Il faut croire que Juan Carlos Ferrero a bien fait<a href=\"https:\/\/www.welovetennis.fr\/roland-garros\/ferrero-invoque-nadal-avant-la-demi-finale-de-carlos-alcaraz-contre-lorenzo-musetti\" data-wpel-link=\"internal\" rel=\"nofollow noopener\" target=\"_blank\"> d\u2019invoquer Rafael Nadal avant la finale de Carlos Alcaraz<\/a>.<\/p>\n<p>Celui qui s\u2019\u00e9tait recueilli sur la plaque \u00e9rig\u00e9e en l\u2019honneur de l\u2019Espagnol sur le Philippe\u2010Chatrier, ne se doutait pas un seul instant que son poulain marque\u00adrait l\u2019histoire avec un 5e titre en Grand Chelem, au m\u00eame \u00e2ge que son idole (au jour\u00a0pr\u00e8s).<\/p>\n<p>Journaliste\u00a0: <strong>\u00ab\u202fF\u00e9licitations. Aujourd\u2019hui, Carlos a gagn\u00e9 son 5e Grand Chelem, exac\u00adte\u00adment au m\u00eame \u00e2ge que\u00a0Rafa.\u202f\u00bb<\/strong><\/p>\n<p>Juan Carlos Ferrero\u00a0: <strong>\u00ab\u202fIncroyable\u202f!\u202f\u00bb<\/strong><\/p>\n<p>Journaliste\u00a0: <strong>\u00ab\u202fY a\u2011t\u2010il d\u2019autres simi\u00adli\u00adtudes entre eux ou peut\u2010\u00eatre ne devrait\u2010on pas les comparer\u202f?\u202f\u00bb<\/strong><\/p>\n<p>Juan Carlos Ferrero\u00a0: <strong>\u00ab\u202fNon, c\u2019est un hasard incroyable. M\u00eame Grands Chelems, au m\u00eame \u00e2ge, le m\u00eame jour, cela a l\u2019air tota\u00adle\u00adment irr\u00e9el. C\u2019est \u00e9trange, mais il ne faut pas trop y penser. Il va \u00e9crire sa propre\u00a0histoire.\u202f\u00bb<\/strong><\/p>\n<p>Une anec\u00addote qui fait donc sourire l\u2019ancien num\u00e9ro un mondial en conf\u00e9\u00adrence de presse, mais \u00e0 laquelle il ne souhaite pas trop s\u2019attacher, pr\u00e9f\u00e9\u00adrant que le num\u00e9ro 2 mondial pour\u00adsuivre son propre chemin. Bien que l\u2019id\u00e9e de gagner 14 fois Roland\u2010Garros ne soit pas des plus g\u00eanantes.<\/p>\n<p class=\"post-published-date\" style=\"color: silver; font-size: 75%; text-align: left;\">Publi\u00e9 le lundi 9 juin 2025 \u00e0 10:43<\/p>\n","protected":false},"excerpt":{"rendered":"Il faut croire que Juan Carlos Ferrero a bien fait d\u2019invoquer Rafael Nadal avant la finale de Carlos&hellip;\n","protected":false},"author":2,"featured_media":163190,"comment_status":"","ping_status":"","sticky":false,"template":"","format":"standard","meta":{"footnotes":""},"categories":[1415],"tags":[1744,7275,1011,27,1960,60,1467],"class_list":{"0":"post-163189","1":"post","2":"type-post","3":"status-publish","4":"format-standard","5":"has-post-thumbnail","7":"category-tennis","8":"tag-alcaraz","9":"tag-ferrero","10":"tag-fr","11":"tag-france","12":"tag-nadal","13":"tag-sports","14":"tag-tennis"},"share_on_mastodon":{"url":"https:\/\/pubeurope.com\/@fr\/114653308048858999","error":""},"_links":{"self":[{"href":"https:\/\/www.europesays.com\/fr\/wp-json\/wp\/v2\/posts\/163189","targetHints":{"allow":["GET"]}}],"collection":[{"href":"https:\/\/www.europesays.com\/fr\/wp-json\/wp\/v2\/posts"}],"about":[{"href":"https:\/\/www.europesays.com\/fr\/wp-json\/wp\/v2\/types\/post"}],"author":[{"embeddable":true,"href":"https:\/\/www.europesays.com\/fr\/wp-json\/wp\/v2\/users\/2"}],"replies":[{"embeddable":true,"href":"https:\/\/www.europesays.com\/fr\/wp-json\/wp\/v2\/comments?post=163189"}],"version-history":[{"count":0,"href":"https:\/\/www.europesays.com\/fr\/wp-json\/wp\/v2\/posts\/163189\/revisions"}],"wp:featuredmedia":[{"embeddable":true,"href":"https:\/\/www.europesays.com\/fr\/wp-json\/wp\/v2\/media\/163190"}],"wp:attachment":[{"href":"https:\/\/www.europesays.com\/fr\/wp-json\/wp\/v2\/media?parent=163189"}],"wp:term":[{"taxonomy":"category","embeddable":true,"href":"https:\/\/www.europesays.com\/fr\/wp-json\/wp\/v2\/categories?post=163189"},{"taxonomy":"post_tag","embeddable":true,"href":"https:\/\/www.europesays.com\/fr\/wp-json\/wp\/v2\/tags?post=163189"}],"curies":[{"name":"wp","href":"https:\/\/api.w.org\/{rel}","templated":true}]}}