{"id":163199,"date":"2025-06-09T12:08:10","date_gmt":"2025-06-09T12:08:10","guid":{"rendered":"https:\/\/www.europesays.com\/fr\/163199\/"},"modified":"2025-06-09T12:08:10","modified_gmt":"2025-06-09T12:08:10","slug":"la-mostra-de-venise-decerne-un-lion-dor-a-kim-novak-pour-sa-carriere-actualites","status":"publish","type":"post","link":"https:\/\/www.europesays.com\/fr\/163199\/","title":{"rendered":"La Mostra de Venise d\u00e9cerne un Lion d&rsquo;or \u00e0 Kim Novak pour sa carri\u00e8re : Actualit\u00e9s"},"content":{"rendered":"<p class=\"lead \">L&rsquo;actrice am\u00e9ricaine Kim Novak, devenue c\u00e9l\u00e8bre apr\u00e8s son r\u00f4le dans le film Sueurs froides d&rsquo;Alfred Hitchcock, recevra le Lion d&rsquo;or pour l&rsquo;ensemble de sa carri\u00e8re lors du 82e Festival du Film de Venise, ont annonc\u00e9 lundi les organisateurs.<\/p>\n<p class=\"lead \">Kim Novak, 92 ans, recevra ce prix au cours de la Mostra de Venise qui se d\u00e9roulera du 27 ao\u00fbt au 6 septembre.<\/p>\n<p class=\"lead \">\u00ab\u00a0Etre reconnue pour l&rsquo;ensemble de mon travail en ce moment de ma vie est un r\u00eave qui devient r\u00e9alit\u00e9, a r\u00e9agi l&rsquo;actrice, cit\u00e9e dans un communiqu\u00e9. Je me souviendrai de chaque moment pass\u00e9 \u00e0 Venise.\u00a0\u00bb<\/p>\n<p class=\"lead \">Pour le directeur artistique du festival, Alberto Barbera, ce Lion d&rsquo;or pour l&rsquo;ensemble de la carri\u00e8re de Kim Novak \u00ab\u00a0entend c\u00e9l\u00e9brer une star libre, une rebelle au coeur du syst\u00e8me qui a illumin\u00e9 les r\u00eaves de la cin\u00e9philie avant de se retirer dans un ranch dans l&rsquo;Oregon et de se d\u00e9dier \u00e0 la peinture et aux chevaux\u00a0\u00bb.<\/p>\n<p class=\"lead \">Kim Novak a tourn\u00e9 avec les plus grands metteurs en sc\u00e8ne am\u00e9ricains de son \u00e9poque &#8211; Billy Wilder, Otto Preminger, Robert Aldrich ou George Sidney &#8211; mais son image est essentiellement li\u00e9e \u00e0 son r\u00f4le dans Sueurs froides (Vertigo en langue originale).<\/p>\n<p class=\"lead \">Elle succ\u00e8de \u00e0 une autre actrice am\u00e9ricaine, Sigourney Weaver, qui a re\u00e7u le Lion d&rsquo;or pour l&rsquo;ensemble de sa carri\u00e8re lors de la Mostra pr\u00e9c\u00e9dente, en 2024.<\/p>\n<p class=\"small font-weight-bold text-gray3 \"> publi\u00e9 le 9 juin \u00e0 12h39, AFP<\/p>\n<p>                             Partager<\/p>\n","protected":false},"excerpt":{"rendered":"L&rsquo;actrice am\u00e9ricaine Kim Novak, devenue c\u00e9l\u00e8bre apr\u00e8s son r\u00f4le dans le film Sueurs froides d&rsquo;Alfred Hitchcock, recevra le&hellip;\n","protected":false},"author":2,"featured_media":163200,"comment_status":"","ping_status":"","sticky":false,"template":"","format":"standard","meta":{"footnotes":""},"categories":[1359],"tags":[1972,58,59,849,1011,27,452,973,4279,308],"class_list":{"0":"post-163199","1":"post","2":"type-post","3":"status-publish","4":"format-standard","5":"has-post-thumbnail","7":"category-people","8":"tag-cinma","9":"tag-divertissement","10":"tag-entertainment","11":"tag-festival","12":"tag-fr","13":"tag-france","14":"tag-italie","15":"tag-people","16":"tag-rcompense","17":"tag-usa"},"share_on_mastodon":{"url":"https:\/\/pubeurope.com\/@fr\/114653331799875362","error":""},"_links":{"self":[{"href":"https:\/\/www.europesays.com\/fr\/wp-json\/wp\/v2\/posts\/163199","targetHints":{"allow":["GET"]}}],"collection":[{"href":"https:\/\/www.europesays.com\/fr\/wp-json\/wp\/v2\/posts"}],"about":[{"href":"https:\/\/www.europesays.com\/fr\/wp-json\/wp\/v2\/types\/post"}],"author":[{"embeddable":true,"href":"https:\/\/www.europesays.com\/fr\/wp-json\/wp\/v2\/users\/2"}],"replies":[{"embeddable":true,"href":"https:\/\/www.europesays.com\/fr\/wp-json\/wp\/v2\/comments?post=163199"}],"version-history":[{"count":0,"href":"https:\/\/www.europesays.com\/fr\/wp-json\/wp\/v2\/posts\/163199\/revisions"}],"wp:featuredmedia":[{"embeddable":true,"href":"https:\/\/www.europesays.com\/fr\/wp-json\/wp\/v2\/media\/163200"}],"wp:attachment":[{"href":"https:\/\/www.europesays.com\/fr\/wp-json\/wp\/v2\/media?parent=163199"}],"wp:term":[{"taxonomy":"category","embeddable":true,"href":"https:\/\/www.europesays.com\/fr\/wp-json\/wp\/v2\/categories?post=163199"},{"taxonomy":"post_tag","embeddable":true,"href":"https:\/\/www.europesays.com\/fr\/wp-json\/wp\/v2\/tags?post=163199"}],"curies":[{"name":"wp","href":"https:\/\/api.w.org\/{rel}","templated":true}]}}