{"id":163201,"date":"2025-06-09T12:09:11","date_gmt":"2025-06-09T12:09:11","guid":{"rendered":"https:\/\/www.europesays.com\/fr\/163201\/"},"modified":"2025-06-09T12:09:11","modified_gmt":"2025-06-09T12:09:11","slug":"ca-se-precise-pour-le-cinema","status":"publish","type":"post","link":"https:\/\/www.europesays.com\/fr\/163201\/","title":{"rendered":"\u00e7a se pr\u00e9cise pour le cin\u00e9ma"},"content":{"rendered":"<p>On conna\u00eet l\u2019entreprise qui tiendra le r\u00f4le principal dans la longue saga \u00e0 venir <a href=\"https:\/\/www.lejsl.com\/culture-loisirs\/2025\/03\/31\/cinema-de-louhans-les-travaux-devraient-commencer-dans-un-an\" target=\"_blank\" rel=\"noopener\">des travaux de r\u00e9habilitation du cin\u00e9ma<\/a> de Louhans. Parmi les quatre candidats qui se sont pr\u00e9sent\u00e9s \u00e0 ce casting, les \u00e9lus du conseil municipal ont retenu un cabinet quasi-local\u00a0: Cartallier architectes, soci\u00e9t\u00e9 bas\u00e9e \u00e0 Bletterans (39), aux portes de la Bresse bourguignonne, a remport\u00e9 la timbale pour le march\u00e9 de ma\u00eetrise d\u2019\u0153uvre. Sa prestation s\u2019\u00e9l\u00e8vera \u00e0 environ 200\u00a0000\u00a0\u20ac hors taxe. \u00ab\u00a0Le prix a \u00e9t\u00e9 d\u00e9terminant dans ce choix\u00a0\u00bb, n\u2019a d\u2019ailleurs pas cach\u00e9 le maire, Fr\u00e9d\u00e9ric Bouchet, qui a aussi mis en avant la m\u00e9thode de travail du cabinet d\u2019architectes jurassien, qui m\u00e8nera les travaux avec son propre groupement d\u2019entreprises.<\/p>\n<p>  Des films seulement au cin\u00e9ma, les spectacles \u00e0 la salle polyvalente<\/p>\n<p>Voil\u00e0 pour l\u2019une des trois d\u00e9lib\u00e9rations qui, jeudi soir au conseil municipal, concernaient ce projet majeur du mandat actuel. La seconde a ent\u00e9rin\u00e9 l\u2019assujettissement \u00e0 la TVA pour le cin\u00e9ma, ce qui, selon le maire, rapportera environ 80\u00a0000\u00a0\u20ac \u00e0 la municipalit\u00e9, ce qui est toujours \u00e7a de pris vu le co\u00fbt pr\u00e9visionnel des travaux (1,75\u00a0million hors taxes). Enfin, la troisi\u00e8me a permis aux \u00e9lus de d\u00e9finir les grands principes de ce futur cin\u00e9ma.<\/p>\n<p>Celui-ci sera bel et bien un \u00e9quipement exclusivement d\u00e9di\u00e9 \u00ab\u00a0\u00e0 l\u2019activit\u00e9 cin\u00e9matographique, avec l\u2019ambition d\u2019un cin\u00e9ma de centre-ville accessible, moderne, structurant et professionnel\u00a0\u00bb. L\u2019id\u00e9e, privil\u00e9gi\u00e9e ces derniers mois, de faire du cin\u00e9ma un p\u00f4le culturel polyvalent, en y proposant non seulement des films, mais aussi des spectacles, <a href=\"https:\/\/www.lejsl.com\/culture-loisirs\/2025\/05\/17\/finalement-le-nouveau-cinema-devrait-etre-essentiellement-un-cinema\" target=\"_blank\" rel=\"noopener\">est donc bel et bien enterr\u00e9e<\/a> , en raison de \u00ab\u00a0fortes contraintes techniques\u00a0\u00bb (acoustique, r\u00e9gie, entr\u00e9es distinctes\u2026). Les autres \u00e9v\u00e9nements culturels seront donc fl\u00e9ch\u00e9s vers la salle polyvalente, qui doit elle aussi subir d\u2019importants travaux de r\u00e9novation, avec l\u2019id\u00e9e d\u2019y installer, entre autres, des gradins amovibles pour pouvoir adapter la configuration de la salle au type de spectacle qu\u2019elle accueillera.<\/p>\n<p>  On ne sait toujours pas qui exploitera le cin\u00e9ma, tacle un \u00e9lu d\u2019opposition<\/p>\n<p>Lionel Juillard a encore une fois \u00e9t\u00e9 le seul \u00e9lu d\u2019opposition \u00e0 critiquer ces projets municipaux. Soulevant deux probl\u00e8mes principaux\u00a0: d\u2019abord le fait qu\u2019on ne sache toujours pas quel professionnel priv\u00e9 g\u00e9rera le cin\u00e9ma \u00ab\u00a0Vous lancez un projet \u00e0 deux millions sans savoir qui va exploiter, ass\u00e8ne-t-il. Ce n\u2019est pas s\u00e9rieux.\u00a0\u00bb D\u2019autre part, Lionel Juillard estime, concernant la salle polyvalente, qu\u2019il aurait mieux valu \u00ab\u00a0raser le b\u00e2timent, qui est en mauvais \u00e9tat\u00a0\u00bb, afin d\u2019avoir une salle de spectacles plus moderne. \u00ab\u00a0Un mauvais choix de plus\u00a0\u00bb, r\u00e9sume-t-il.<\/p>\n<p>La premi\u00e8re pique a \u00e9t\u00e9 vite \u00e9vacu\u00e9e par Fr\u00e9d\u00e9ric Bouchet qui, sans en dire plus, \u00e0 simplement dit \u00e0 Lionel Juillard que \u00ab\u00a0le dossier est bien avanc\u00e9\u00a0\u00bb. Avant d\u2019expliquer que, pour la salle polyvalente, d\u00e9truire et reconstruire, \u00ab\u00a0c\u2019est entre quatre et cinq millions d\u2019euros\u00a0\u00bb.<\/p>\n","protected":false},"excerpt":{"rendered":"On conna\u00eet l\u2019entreprise qui tiendra le r\u00f4le principal dans la longue saga \u00e0 venir des travaux de r\u00e9habilitation&hellip;\n","protected":false},"author":2,"featured_media":163202,"comment_status":"","ping_status":"","sticky":false,"template":"","format":"standard","meta":{"footnotes":""},"categories":[1358],"tags":[1348,1384,1385,650,1984,1687,1386,58,6238,59,107,1011,27,6236,6237,316],"class_list":{"0":"post-163201","1":"post","2":"type-post","3":"status-publish","4":"format-standard","5":"has-post-thumbnail","7":"category-arts-et-design","8":"tag-arts","9":"tag-arts-and-design","10":"tag-arts-et-design","11":"tag-cinema","12":"tag-conseil-municipal","13":"tag-culture-loisirs","14":"tag-design","15":"tag-divertissement","16":"tag-edition-bresse","17":"tag-entertainment","18":"tag-fil-info","19":"tag-fr","20":"tag-france","21":"tag-louhans","22":"tag-louhans-ville","23":"tag-politique"},"share_on_mastodon":{"url":"https:\/\/pubeurope.com\/@fr\/114653335564317501","error":""},"_links":{"self":[{"href":"https:\/\/www.europesays.com\/fr\/wp-json\/wp\/v2\/posts\/163201","targetHints":{"allow":["GET"]}}],"collection":[{"href":"https:\/\/www.europesays.com\/fr\/wp-json\/wp\/v2\/posts"}],"about":[{"href":"https:\/\/www.europesays.com\/fr\/wp-json\/wp\/v2\/types\/post"}],"author":[{"embeddable":true,"href":"https:\/\/www.europesays.com\/fr\/wp-json\/wp\/v2\/users\/2"}],"replies":[{"embeddable":true,"href":"https:\/\/www.europesays.com\/fr\/wp-json\/wp\/v2\/comments?post=163201"}],"version-history":[{"count":0,"href":"https:\/\/www.europesays.com\/fr\/wp-json\/wp\/v2\/posts\/163201\/revisions"}],"wp:featuredmedia":[{"embeddable":true,"href":"https:\/\/www.europesays.com\/fr\/wp-json\/wp\/v2\/media\/163202"}],"wp:attachment":[{"href":"https:\/\/www.europesays.com\/fr\/wp-json\/wp\/v2\/media?parent=163201"}],"wp:term":[{"taxonomy":"category","embeddable":true,"href":"https:\/\/www.europesays.com\/fr\/wp-json\/wp\/v2\/categories?post=163201"},{"taxonomy":"post_tag","embeddable":true,"href":"https:\/\/www.europesays.com\/fr\/wp-json\/wp\/v2\/tags?post=163201"}],"curies":[{"name":"wp","href":"https:\/\/api.w.org\/{rel}","templated":true}]}}