{"id":163205,"date":"2025-06-09T12:11:09","date_gmt":"2025-06-09T12:11:09","guid":{"rendered":"https:\/\/www.europesays.com\/fr\/163205\/"},"modified":"2025-06-09T12:11:09","modified_gmt":"2025-06-09T12:11:09","slug":"darius-rochebin-au-20-heures-de-france-2-il-semble-quil-ait-bel-et-bien-ferme-la-porte","status":"publish","type":"post","link":"https:\/\/www.europesays.com\/fr\/163205\/","title":{"rendered":"Darius Rochebin au \u00ab20 Heures\u00bb de France 2 ? \u00abIl semble qu\u2019il ait bel et bien ferm\u00e9 la porte\u00bb"},"content":{"rendered":"<p>Le journaliste suisse ne devrait pas quitter LCI, dont il est l\u2019un des piliers, selon le directeur de l\u2019information du groupe TF1.<\/p>\n<p class=\"fig-paragraph\">Anne-Sophie Lapix<a href=\"http:\/\/tvmag.lefigaro.fr\/programme-tv\/actu-tele\/je-peux-tout-a-fait-imaginer-ce-qu-elle-vit-claire-chazal-commente-le-depart-d-anne-sophie-lapix-20250529\" target=\"_blank\" data-fig-type=\"Article\" rel=\"noopener nofollow\" data-gtm-custom-categorie=\"navigation\" data-gtm-custom-action=\"crossclick\" data-gtm-custom-label=\"Contextuel\" data-gtm-event=\"customEventSPE\" data-fig-domain=\"TVMAG\">\u00a0ne pr\u00e9sentera plus le journal t\u00e9l\u00e9vis\u00e9<\/a>\u00a0de 20 heures \u00e0 partir de la mi-juillet, un fauteuil qu\u2019elle occupait depuis 8 ans. France 2 lui promet de \u00ab nouveaux projets\u00a0\u00bb dans la maison. Si Caroline Roux fait une candidate solide \u00e0 sa succession, le nom de\u00a0<a href=\"http:\/\/tvmag.lefigaro.fr\/programme-tv\/actu-tele\/je-vous-demande-de-rester-a-votre-place-enorme-clash-entre-darius-rochebin-et-luc-ferry-sur-lci-20250120\" target=\"_blank\" data-fig-type=\"Article\" rel=\"noopener nofollow\" data-gtm-custom-categorie=\"navigation\" data-gtm-custom-action=\"crossclick\" data-gtm-custom-label=\"Contextuel\" data-gtm-event=\"customEventSPE\" data-fig-domain=\"TVMAG\"><strong>Darius Rochebin<\/strong><\/a>, pilier de LCI, a \u00e9galement circul\u00e9. Ce que corrobore une interview dans\u00a0<a href=\"https:\/\/www.leparisien.fr\/culture-loisirs\/tv\/lci-mercato-presidentielle-thierry-thuillier-fait-le-bilan-de-la-saison-de-linfo-de-tf-1-08-06-2025-PEUHEF2U3ZGU7N5JMAZEBBVPWU.php\" target=\"_blank\" rel=\"noopener nofollow\" data-gtm-custom-categorie=\"navigation\" data-gtm-custom-action=\"crossclick\" data-gtm-custom-label=\"Contextuel\" data-gtm-event=\"customEventSPE\">Le Parisien<\/a> \u00a0de Thierry Thuillier, le directeur de l\u2019information du groupe TF1.<\/p>\n<p class=\"fig-paragraph\">\u00c0 la question de savoir si le service public a bien approch\u00e9 le journaliste suisse, Thierry Thuillier r\u00e9pond\u00a0: \u00ab\u00a0C\u2019est ce qu\u2019il nous a dit\u2026\u00a0\u00bb Avant d\u2019ajouter\u00a0: \u00ab\u00a0Il semble en tout cas qu\u2019il ait bel et bien ferm\u00e9 la porte. En t\u00e9moignent nos nombreux projets avec lui. Darius sera avec David Pujadas et Am\u00e9lie Carrou\u00ebr l\u2019un des chefs de file de notre offre politique sur LCI.\u00a0\u00bb<\/p>\n<p class=\"fig-body-link\">\n            \u00c0 lire aussi<br \/>\n        <a class=\"fig-body-link__link\" href=\"http:\/\/tvmag.lefigaro.fr\/programme-tv\/actu-tele\/roux-arnaud-coudray-duhamel-qui-pour-succeder-a-anne-sophie-lapix-au-20-heures-de-france-2-a-la-rentree-20250527\" target=\"_blank\" data-fig-type=\"Article\" rel=\"noopener nofollow\" data-gtm-custom-categorie=\"navigation\" data-gtm-custom-action=\"crossclick\" data-gtm-custom-label=\"Contextuel\" data-gtm-event=\"customEventSPE\" data-fig-domain=\"TVMAG\">Roux, Arnaud, Coudray, Duhamel&#8230; Qui pour succ\u00e9der \u00e0 Anne-Sophie Lapix au \u00ab20 Heures\u00bb de France 2 \u00e0 la rentr\u00e9e\u00a0?<br \/>\n    <\/a>\n<\/p>\n<p class=\"fig-paragraph\">Se f\u00e9licitant de la nouvelle num\u00e9rotation de la TNT, le patron de l\u2019info liste les changements \u00e0 venir sur les deux canaux du groupe TF1.\u00a0<a href=\"http:\/\/www.lefigaro.fr\/medias\/le-journaliste-eric-brunet-revient-sur-lci-20250515\" target=\"_blank\" data-fig-type=\"NewsFlash\" rel=\"noopener nofollow\" data-gtm-custom-categorie=\"navigation\" data-gtm-custom-action=\"crossclick\" data-gtm-custom-label=\"Contextuel\" data-gtm-event=\"customEventSPE\" data-fig-domain=\"LEFIGARO\">Le retour d\u2019\u00c9ric Brunet<\/a>\u00a0sur LCI. L\u2019arriv\u00e9e de\u00a0<a href=\"http:\/\/tvmag.lefigaro.fr\/programme-tv\/actu-tele\/christophe-barbier-cyril-hanouna-ne-sera-jamais-candidat-et-il-ne-cessera-jamais-de-l-etre-20250428\" target=\"_blank\" data-fig-type=\"Article\" rel=\"noopener nofollow\" data-gtm-custom-categorie=\"navigation\" data-gtm-custom-action=\"crossclick\" data-gtm-custom-label=\"Contextuel\" data-gtm-event=\"customEventSPE\" data-fig-domain=\"TVMAG\">Christophe Barbier<\/a>\u00a0dans la matinale de Jean-Baptiste Boursier sur la m\u00eame cha\u00eene. Concernant TF1, les journaux t\u00e9l\u00e9vis\u00e9s vont \u00eatre \u00ab\u00a0muscl\u00e9s\u00a0\u00bb en deuxi\u00e8me partie avec de grands reportages ou interviews.<\/p>\n<p class=\"fig-paragraph\">Et, contrairement \u00e0 France 2, pas de mercato pr\u00e9vu \u00e0 la t\u00eate des rendez-vous de l\u2019information. \u00ab\u00a0<a href=\"http:\/\/tvmag.lefigaro.fr\/programme-tv\/actu-tele\/merci-pour-cet-accueil-chaleureux-emmanuel-macron-ironise-pendant-son-interview-face-a-gilles-bouleau-20250513\" target=\"_blank\" data-fig-type=\"Article\" rel=\"noopener nofollow\" data-gtm-custom-categorie=\"navigation\" data-gtm-custom-action=\"crossclick\" data-gtm-custom-label=\"Contextuel\" data-gtm-event=\"customEventSPE\" data-fig-domain=\"TVMAG\">Gilles Bouleau<\/a> \u00a0et Anne-Claire Coudray seront au c\u0153ur de ce que nous proposerons durant la prochaine pr\u00e9sidentielle, dans leur JT comme en dehors, avec des \u00e9missions \u00e9v\u00e9nementielles programm\u00e9es en soir\u00e9e sur TF1\u00a0\u00bb, pr\u00e9cise Thierry Thuillier.<\/p>\n","protected":false},"excerpt":{"rendered":"Le journaliste suisse ne devrait pas quitter LCI, dont il est l\u2019un des piliers, selon le directeur de&hellip;\n","protected":false},"author":2,"featured_media":163206,"comment_status":"","ping_status":"","sticky":false,"template":"","format":"standard","meta":{"footnotes":""},"categories":[1356],"tags":[497,496,21313,499,29605,58,59,1011,27,5419,9109,500,504,505,495,503,502,501,252,1364,498],"class_list":{"0":"post-163205","1":"post","2":"type-post","3":"status-publish","4":"format-standard","5":"has-post-thumbnail","7":"category-television","8":"tag-actu-tv","9":"tag-actualite-tv","10":"tag-anne-sophie-lapix","11":"tag-buzz-tv","12":"tag-darius-rochebin","13":"tag-divertissement","14":"tag-entertainment","15":"tag-fr","16":"tag-france","17":"tag-journal-televise","18":"tag-lci","19":"tag-medias","20":"tag-news-tele","21":"tag-news-television","22":"tag-news-tv","23":"tag-programme-tele","24":"tag-programme-tv","25":"tag-quiz-tv","26":"tag-television","27":"tag-tv","28":"tag-tv-actu"},"share_on_mastodon":{"url":"https:\/\/pubeurope.com\/@fr\/114653343451629046","error":""},"_links":{"self":[{"href":"https:\/\/www.europesays.com\/fr\/wp-json\/wp\/v2\/posts\/163205","targetHints":{"allow":["GET"]}}],"collection":[{"href":"https:\/\/www.europesays.com\/fr\/wp-json\/wp\/v2\/posts"}],"about":[{"href":"https:\/\/www.europesays.com\/fr\/wp-json\/wp\/v2\/types\/post"}],"author":[{"embeddable":true,"href":"https:\/\/www.europesays.com\/fr\/wp-json\/wp\/v2\/users\/2"}],"replies":[{"embeddable":true,"href":"https:\/\/www.europesays.com\/fr\/wp-json\/wp\/v2\/comments?post=163205"}],"version-history":[{"count":0,"href":"https:\/\/www.europesays.com\/fr\/wp-json\/wp\/v2\/posts\/163205\/revisions"}],"wp:featuredmedia":[{"embeddable":true,"href":"https:\/\/www.europesays.com\/fr\/wp-json\/wp\/v2\/media\/163206"}],"wp:attachment":[{"href":"https:\/\/www.europesays.com\/fr\/wp-json\/wp\/v2\/media?parent=163205"}],"wp:term":[{"taxonomy":"category","embeddable":true,"href":"https:\/\/www.europesays.com\/fr\/wp-json\/wp\/v2\/categories?post=163205"},{"taxonomy":"post_tag","embeddable":true,"href":"https:\/\/www.europesays.com\/fr\/wp-json\/wp\/v2\/tags?post=163205"}],"curies":[{"name":"wp","href":"https:\/\/api.w.org\/{rel}","templated":true}]}}