{"id":163211,"date":"2025-06-09T12:15:10","date_gmt":"2025-06-09T12:15:10","guid":{"rendered":"https:\/\/www.europesays.com\/fr\/163211\/"},"modified":"2025-06-09T12:15:10","modified_gmt":"2025-06-09T12:15:10","slug":"psg-coup-dur-pour-khvicha-kvaratskhelia","status":"publish","type":"post","link":"https:\/\/www.europesays.com\/fr\/163211\/","title":{"rendered":"PSG : Coup dur pour Khvicha Kvaratskhelia"},"content":{"rendered":"<p data-testid=\"article-teaser\">Tout juste aur\u00e9ol\u00e9 de la Ligue des champions, Kvaratskhelia a vu ses vacances sur la C\u00f4te d\u2019Azur virer au cauchemar.<\/p>\n<p>Alors qu\u2019il profitait d\u2019un repos bien m\u00e9rit\u00e9 sous le soleil du Sud, Khvicha Kvaratskhelia a v\u00e9cu un \u00e9pisode d\u00e9sagr\u00e9able loin des terrains. <a href=\"https:\/\/www.goal.com\/fr\/listes\/desire-doue-etincelant-un-psg-hyper-realiste-ecrase-l-inter-milan-et-monte-sur-le-toit-de-l-europe-5-0\/blt2bc539db22142d1a\" target=\"_self\" rel=\"noopener\">L\u2019ailier g\u00e9orgien du PSG, r\u00e9cemment sacr\u00e9 en C1,<\/a> a vu sa maison de vacances cambriol\u00e9e ce week-end alors qu\u2019il s\u00e9journait pr\u00e8s de Cannes.<\/p>\n<p>Cambriolage sur la C\u00f4te d\u2019Azur<\/p>\n<p>En retrait de la s\u00e9lection g\u00e9orgienne de Willy Sagnol pour cette tr\u00eave internationale, Khvicha Kvaratskhelia s\u2019\u00e9tait accord\u00e9 quelques jours de repos sur la C\u00f4te d\u2019Azur. Il s\u2019\u00e9tait affich\u00e9 aux c\u00f4t\u00e9s de son compatriote Zuriko Davitashvili, joueur de Saint-\u00c9tienne.<\/p>\n<p>Mais samedi soir, les choses ont bascul\u00e9. Selon des m\u00e9dias g\u00e9orgiens, information confirm\u00e9e par <a href=\"https:\/\/www.lequipe.fr\/Football\/Actualites\/Khvitcha-kvaratskhelia-cambriole-pendant-ses-vacances-a-cannes\/1568836\" target=\"_self\" rel=\"noopener\">L&rsquo;\u00c9quipe<\/a>, des malfaiteurs se sont introduits dans sa r\u00e9sidence. Des bijoux ont \u00e9t\u00e9 d\u00e9rob\u00e9s, vraisemblablement en son absence. Un pr\u00e9c\u00e9dent avait eu lieu lors du dernier Festival de Cannes.<\/p>\n<p>L&rsquo;article continue ci-dessous<\/p>\n<blockquote class=\"twitter-tweet\" hidden=\"\">\n<p lang=\"fr\" dir=\"ltr\">Khvicha Kvaratskhelia a \u00e9t\u00e9 \ud835\uddf0\ud835\uddee\ud835\uddfa\ud835\uddef\ud835\uddff\ud835\uddf6\ud835\uddfc\ud835\uddf9\ud835\uddf2\u0301 lors de son s\u00e9jour dans sa maison de vacances \u00e0 Cannes samedi soir&#8230; \ud83d\ude28\ud83c\uddec\ud83c\uddea<\/p>\n<p>Des bijoux auraient notamment \u00e9t\u00e9 vol\u00e9s.<\/p>\n<p>(L&rsquo;\u00c9quipe) <a href=\"https:\/\/t.co\/Iobfvv8QFH\">pic.twitter.com\/Iobfvv8QFH<\/a><\/p>\n<p>\u2014 Footballogue (@Footballogue) <a href=\"https:\/\/twitter.com\/Footballogue\/status\/1932010785842081881?ref_src=twsrc%5Etfw\" target=\"_blank\" rel=\"noopener\">June 9, 2025<\/a><\/p><\/blockquote>\n<p>La justice a ouvert une enqu\u00eate pr\u00e9liminaire pour faire toute la lumi\u00e8re sur ce cambriolage. Le joueur du PSG n\u2019a pour l\u2019instant pas communiqu\u00e9 publiquement sur cet incident.<\/p>\n<p><img decoding=\"async\" aria-label=\"Logo\" class=\"poll_logo__wtDm7\" src=\"https:\/\/www.europesays.com\/fr\/wp-content\/uploads\/2025\/06\/Stan Sport WHT Logo Contextual Poll.png\" alt=\"Stan Sport AU logo\" width=\"100\" height=\"32\" loading=\"lazy\"\/><script async src=\"https:\/\/platform.twitter.com\/widgets.js\" charset=\"utf-8\"><\/script><\/p>\n","protected":false},"excerpt":{"rendered":"Tout juste aur\u00e9ol\u00e9 de la Ligue des champions, Kvaratskhelia a vu ses vacances sur la C\u00f4te d\u2019Azur virer&hellip;\n","protected":false},"author":2,"featured_media":163212,"comment_status":"","ping_status":"","sticky":false,"template":"","format":"standard","meta":{"footnotes":""},"categories":[9],"tags":[448,1011,27,3557,66,447,91,60],"class_list":{"0":"post-163211","1":"post","2":"type-post","3":"status-publish","4":"format-standard","5":"has-post-thumbnail","7":"category-sports","8":"tag-champions-league","9":"tag-fr","10":"tag-france","11":"tag-k-kvaratskhelia","12":"tag-ligue-1","13":"tag-ligue-des-champions","14":"tag-paris-saint-germain","15":"tag-sports"},"share_on_mastodon":{"url":"https:\/\/pubeurope.com\/@fr\/114653359244522310","error":""},"_links":{"self":[{"href":"https:\/\/www.europesays.com\/fr\/wp-json\/wp\/v2\/posts\/163211","targetHints":{"allow":["GET"]}}],"collection":[{"href":"https:\/\/www.europesays.com\/fr\/wp-json\/wp\/v2\/posts"}],"about":[{"href":"https:\/\/www.europesays.com\/fr\/wp-json\/wp\/v2\/types\/post"}],"author":[{"embeddable":true,"href":"https:\/\/www.europesays.com\/fr\/wp-json\/wp\/v2\/users\/2"}],"replies":[{"embeddable":true,"href":"https:\/\/www.europesays.com\/fr\/wp-json\/wp\/v2\/comments?post=163211"}],"version-history":[{"count":0,"href":"https:\/\/www.europesays.com\/fr\/wp-json\/wp\/v2\/posts\/163211\/revisions"}],"wp:featuredmedia":[{"embeddable":true,"href":"https:\/\/www.europesays.com\/fr\/wp-json\/wp\/v2\/media\/163212"}],"wp:attachment":[{"href":"https:\/\/www.europesays.com\/fr\/wp-json\/wp\/v2\/media?parent=163211"}],"wp:term":[{"taxonomy":"category","embeddable":true,"href":"https:\/\/www.europesays.com\/fr\/wp-json\/wp\/v2\/categories?post=163211"},{"taxonomy":"post_tag","embeddable":true,"href":"https:\/\/www.europesays.com\/fr\/wp-json\/wp\/v2\/tags?post=163211"}],"curies":[{"name":"wp","href":"https:\/\/api.w.org\/{rel}","templated":true}]}}