{"id":163218,"date":"2025-06-09T12:19:09","date_gmt":"2025-06-09T12:19:09","guid":{"rendered":"https:\/\/www.europesays.com\/fr\/163218\/"},"modified":"2025-06-09T12:19:09","modified_gmt":"2025-06-09T12:19:09","slug":"a-nice-lors-de-la-conference-sur-les-oceans-emmanuel-macron-repond-a-donald-trump-sur-le-groenland","status":"publish","type":"post","link":"https:\/\/www.europesays.com\/fr\/163218\/","title":{"rendered":"\u00c0 Nice lors de la conf\u00e9rence sur les oc\u00e9ans, Emmanuel Macron r\u00e9pond \u00e0 Donald Trump sur le Groenland"},"content":{"rendered":"<p>        <img decoding=\"async\" loading=\"lazy\" src=\"https:\/\/www.europesays.com\/fr\/wp-content\/uploads\/2025\/06\/95f6f58_sirius-fs-upload-1-bpiv0fautrpw-1749456943536-000-49n24fr.jpg\"  width=\"728\" height=\"409\" alt=\"Emmanuel Macron, ici photographi\u00e9 lors de l\u2019ouverture de la conf\u00e9rence de l\u2019ONU sur les oc\u00e9ans \u00e0 Nice, le 9\u00a0juin 2025.\"\/>  <\/p>\n<p>LUDOVIC MARIN \/ AFP<\/p>\n<p>Emmanuel Macron, ici photographi\u00e9 lors de l\u2019ouverture de la conf\u00e9rence de l\u2019ONU sur les oc\u00e9ans \u00e0 Nice, le 9\u00a0juin 2025.<\/p>\n<p class=\"asset asset-text\">INTERNATIONAL &#8211; Droit de r\u00e9ponse. <a href=\"https:\/\/www.huffingtonpost.fr\/politique\/article\/un-an-apres-les-francais-sont-toujours-deboussoles-par-la-dissolution-et-n-en-veulent-pas-une-autre_251044.html\" target=\"_blank\" rel=\"noopener\">Emmanuel Macron<\/a> a ouvert ce lundi 9\u00a0juin \u00e0 Nice <a href=\"https:\/\/www.huffingtonpost.fr\/politique\/article\/un-mont-sous-marin-albert-ii-ce-drole-de-cadeau-offert-par-emmanuel-macron-au-prince-de-monaco_251082.html\" target=\"_blank\" rel=\"noopener\">la conf\u00e9rence de l\u2019ONU sur les oc\u00e9ans<\/a>. L\u2019occasion pour le pr\u00e9sident de la R\u00e9publique de marteler que le Groenland, <a href=\"https:\/\/www.huffingtonpost.fr\/politique\/article\/la-visite-d-emmanuel-macron-au-groenland-dit-beaucoup-de-sa-posture-face-a-donald-trump_251062.html\" target=\"_blank\" rel=\"noopener\">o\u00f9 il doit se rendre en fin de semaine<\/a>, n\u2019est \u00ab\u00a0pas \u00e0 vendre\u00a0\u00bb. Une r\u00e9ponse directe \u00e0 Donald Trump.<\/p>\n<p class=\"asset asset-text\">\u00ab\u00a0Les abysses ne sont pas \u00e0 vendre, et pas plus que le Groenland n\u2019est \u00e0 vendre, pas plus que l\u2019Antarctique ou la haute mer ne sont \u00e0 vendre\u00a0\u00bb, a ainsi lanc\u00e9 le chef de l\u2019\u00c9tat fran\u00e7ais alors que le territoire, riche en ressources naturelles, est convoit\u00e9 par Donald Trump qui multiplie les annonces tonitruantes sur le sujet depuis des mois.<\/p>\n<p> La lecture de ce contenu est susceptible d\u2019entra\u00eener un d\u00e9p\u00f4t de cookies de la part de l\u2019op\u00e9rateur tiers qui l\u2019h\u00e9berge. Compte-tenu des choix que vous avez exprim\u00e9s en mati\u00e8re de d\u00e9p\u00f4t de cookies, nous avons bloqu\u00e9 l\u2019affichage de ce contenu. Si vous souhaitez y acc\u00e9der, vous devez accepter la cat\u00e9gorie de cookies \u201cContenus tiers\u201d en cliquant sur le bouton ci-dessous. <\/p>\n<p> Lire la Vid\u00e9o        <\/p>\n<p class=\"asset asset-text\">En avril, l\u2019administration Trump envisageait m\u00eame de proposer \u00e0 chaque habitant du territoire danois un ch\u00e8que annuel de 10\u00a0000\u00a0dollars, afin de convaincre la population de passer sous giron am\u00e9ricain.<\/p>\n<p>    60\u00a0ratifications    <\/p>\n<p class=\"asset asset-text\">Emmanuel Macron en a \u00e9galement appel\u00e9 \u00e0 la mobilisation internationale alors que l\u2019oc\u00e9an \u00ab\u00a0est en \u00e9bullition\u00a0\u00bb et que \u00ab\u00a0la terre se r\u00e9chauffe\u00a0\u00bb. \u00ab\u00a0La premi\u00e8re r\u00e9ponse, c\u2019est donc le multilat\u00e9ralisme\u00a0\u00bb, a d\u00e9clar\u00e9 le pr\u00e9sident. \u00ab\u00a0Le climat comme la biodiversit\u00e9, ce n\u2019est pas une question d\u2019opinion, c\u2019est une question de faits scientifiquement \u00e9tablis\u00a0\u00bb, a-t-il aussi insist\u00e9.<\/p>\n<p class=\"asset asset-text\">Dans la foul\u00e9e, Emmanuel Macron s\u2019est f\u00e9licit\u00e9 de la prochaine mise en vigueur du trait\u00e9 sur la haute mer, en annon\u00e7ant de nouveaux engagements de pays pour atteindre au moins 60 ratifications. \u00ab\u00a0\u00c0 la cinquantaine de ratifications d\u00e9j\u00e0 d\u00e9pos\u00e9es ici m\u00eame ces derni\u00e8res heures, quinze pays se sont formellement engag\u00e9s \u00e0 les rejoindre\u00a0\u00bb, a d\u00e9clar\u00e9 Emmanuel Macron. \u00ab\u00a0Ce qui fait que l\u2019accord politique est obtenu, qui nous permet de dire que ce trait\u00e9 sur la haute mer sera bien mis en \u0153uvre. C\u2019est donc gagn\u00e9\u00a0\u00bb, a-t-il ajout\u00e9, sans pr\u00e9ciser de calendrier.<\/p>\n<p class=\"asset asset-text\">Le trait\u00e9, sign\u00e9 en 2023, entrera en vigueur 120 jours apr\u00e8s la 60e ratification. La France souhaitait initialement obtenir ces 60 ratifications d\u2019ici la conf\u00e9rence de Nice.<\/p>\n<p class=\"asset asset-text\">Par ailleurs, Emmanuel Macron, qui a renouvel\u00e9 son appel \u00e0 un moratoire sur l\u2019exploitation mini\u00e8re des fonds marins, a \u00e9t\u00e9 rejoint par le secr\u00e9taire g\u00e9n\u00e9ral de l\u2019Onu, Antonio Gutteres, dans ses appels au respect du droit international. \u00ab\u00a0Les grands fonds ne peuvent pas devenir un Far West\u00a0\u00bb, a lanc\u00e9 ce dernier, alors que Donald Trump pr\u00e9voit de lancer unilat\u00e9ralement l\u2019exploitation des galets de nickel ou autres m\u00e9taux critiques dans les eaux internationales du Pacifique.<\/p>\n","protected":false},"excerpt":{"rendered":"LUDOVIC MARIN \/ AFP Emmanuel Macron, ici photographi\u00e9 lors de l\u2019ouverture de la conf\u00e9rence de l\u2019ONU sur les&hellip;\n","protected":false},"author":2,"featured_media":163219,"comment_status":"","ping_status":"","sticky":false,"template":"","format":"standard","meta":{"footnotes":""},"categories":[5],"tags":[11,75,1073,436,1011,27,146,14,12,316,28],"class_list":{"0":"post-163218","1":"post","2":"type-post","3":"status-publish","4":"format-standard","5":"has-post-thumbnail","7":"category-international","8":"tag-actualites","9":"tag-donald-trump","10":"tag-emmanuel-macron","11":"tag-environnement","12":"tag-fr","13":"tag-france","14":"tag-groenland","15":"tag-international","16":"tag-news","17":"tag-politique","18":"tag-world"},"share_on_mastodon":{"url":"https:\/\/pubeurope.com\/@fr\/114653375160616855","error":""},"_links":{"self":[{"href":"https:\/\/www.europesays.com\/fr\/wp-json\/wp\/v2\/posts\/163218","targetHints":{"allow":["GET"]}}],"collection":[{"href":"https:\/\/www.europesays.com\/fr\/wp-json\/wp\/v2\/posts"}],"about":[{"href":"https:\/\/www.europesays.com\/fr\/wp-json\/wp\/v2\/types\/post"}],"author":[{"embeddable":true,"href":"https:\/\/www.europesays.com\/fr\/wp-json\/wp\/v2\/users\/2"}],"replies":[{"embeddable":true,"href":"https:\/\/www.europesays.com\/fr\/wp-json\/wp\/v2\/comments?post=163218"}],"version-history":[{"count":0,"href":"https:\/\/www.europesays.com\/fr\/wp-json\/wp\/v2\/posts\/163218\/revisions"}],"wp:featuredmedia":[{"embeddable":true,"href":"https:\/\/www.europesays.com\/fr\/wp-json\/wp\/v2\/media\/163219"}],"wp:attachment":[{"href":"https:\/\/www.europesays.com\/fr\/wp-json\/wp\/v2\/media?parent=163218"}],"wp:term":[{"taxonomy":"category","embeddable":true,"href":"https:\/\/www.europesays.com\/fr\/wp-json\/wp\/v2\/categories?post=163218"},{"taxonomy":"post_tag","embeddable":true,"href":"https:\/\/www.europesays.com\/fr\/wp-json\/wp\/v2\/tags?post=163218"}],"curies":[{"name":"wp","href":"https:\/\/api.w.org\/{rel}","templated":true}]}}