{"id":163222,"date":"2025-06-09T12:21:11","date_gmt":"2025-06-09T12:21:11","guid":{"rendered":"https:\/\/www.europesays.com\/fr\/163222\/"},"modified":"2025-06-09T12:21:11","modified_gmt":"2025-06-09T12:21:11","slug":"la-finale-de-ligue-des-nations-portugal-espagne-endeuillee-apres-la-chute-mortelle-dun-spectateur","status":"publish","type":"post","link":"https:\/\/www.europesays.com\/fr\/163222\/","title":{"rendered":"La finale de Ligue des nations Portugal-Espagne endeuill\u00e9e apr\u00e8s la chute mortelle d\u2019un spectateur"},"content":{"rendered":"<p>        <img decoding=\"async\" loading=\"lazy\" src=\"https:\/\/www.europesays.com\/fr\/wp-content\/uploads\/2025\/06\/b01609c_sirius-fs-upload-1-plj95v1lmsom-1749459828491-000-49mk2rh.jpg\"  width=\"728\" height=\"410\" alt=\"Des m\u00e9decins et des stadiers \u00e0 l\u2019\u0153uvre apr\u00e8s la chute mortelle d\u2019un spectateur du match Portugal-Espagne, \u00e0 l\u2019Allianz Arena de Munich, le 8\u00a0juin 2025.\"\/>  <\/p>\n<p>TOBIAS SCHWARZ \/ AFP<\/p>\n<p>Des m\u00e9decins et des stadiers \u00e0 l\u2019\u0153uvre apr\u00e8s la chute mortelle d\u2019un spectateur du match Portugal-Espagne, \u00e0 l\u2019Allianz Arena de Munich, le 8\u00a0juin 2025.<\/p>\n<p class=\"asset asset-text\">SPORT &#8211; Au terme d\u2019une soir\u00e9e de football \u00e0 rallonge en Allemagne, le Portugal de <a href=\"https:\/\/www.huffingtonpost.fr\/sport\/article\/portugal-danemark-cristiano-ronaldo-recadre-les-journalistes-avant-le-match-crucial-de-ligue-des-nations_247830.html\" target=\"_blank\" rel=\"noopener\">Cristiano Ronaldo<\/a> s\u2019est impos\u00e9 en <a href=\"https:\/\/www.huffingtonpost.fr\/sport\/article\/l-equipe-de-france-eliminee-par-l-espagne-5-4-en-demi-finale-de-ligue-des-nations_251001.html\" target=\"_blank\" rel=\"noopener\">finale de la Ligue des nations<\/a> face \u00e0 l\u2019Espagne dimanche 8\u00a0juin (2-2 a.p., 5-3 t.a.b.). Mais malgr\u00e9 la joie des supporters portugais \u00e0 l\u2019issue de la s\u00e9ance de tirs au but, la soir\u00e9e avait vir\u00e9 au drame un peu plus t\u00f4t \u00e0 l\u2019Allianz Arena de <a href=\"https:\/\/www.huffingtonpost.fr\/sport\/article\/finale-de-la-ligue-des-champions-la-police-de-munich-intervient-pour-des-affrontements-entre-supporters_250745.html\" target=\"_blank\" rel=\"noopener\">Munich<\/a>.<\/p>\n<p class=\"asset asset-text\">Peu apr\u00e8s 23h, durant la premi\u00e8re mi-temps de la prolongation, un spectateur a fait une chute mortelle en basculant du deuxi\u00e8me anneau du stade vers le premier, atterrissant dans la tribune de presse.<\/p>\n<p class=\"asset asset-text\">La sc\u00e8ne n\u2019a pas \u00e9t\u00e9 particuli\u00e8rement remarqu\u00e9e compte tenu de l\u2019enjeu sur la pelouse. Malgr\u00e9 une intervention rapide des secours, l\u2019homme, qui a fait une chute de pr\u00e8s de 8 m\u00e8tres, n\u2019a pas pu \u00eatre r\u00e9anim\u00e9 et son d\u00e9c\u00e8s a \u00e9t\u00e9 constat\u00e9 peu de temps apr\u00e8s minuit.<\/p>\n<p> La lecture de ce contenu est susceptible d\u2019entra\u00eener un d\u00e9p\u00f4t de cookies de la part de l\u2019op\u00e9rateur tiers qui l\u2019h\u00e9berge. Compte-tenu des choix que vous avez exprim\u00e9s en mati\u00e8re de d\u00e9p\u00f4t de cookies, nous avons bloqu\u00e9 l\u2019affichage de ce contenu. Si vous souhaitez y acc\u00e9der, vous devez accepter la cat\u00e9gorie de cookies \u201cContenus tiers\u201d en cliquant sur le bouton ci-dessous. <\/p>\n<p> Lire la Vid\u00e9o        Analyse des vid\u00e9os    <\/p>\n<p class=\"asset asset-text\">Encore floues, les circonstances de cette chute font d\u00e9sormais l\u2019objet d\u2019une enqu\u00eate. La police a pr\u00e9cis\u00e9 que la victime \u00e9tait originaire de Garmisch-Partenkirchen, une ville situ\u00e9e \u00e0 90\u00a0kilom\u00e8tres au sud de Munich. \u00ab\u00a0\u00c0 l\u2019heure actuelle, il n\u2019y a aucun indice qui contredise l\u2019hypoth\u00e8se d\u2019un accident tragique\u00a0\u00bb, a expliqu\u00e9 la police. \u00ab\u00a0Des t\u00e9moignages sont encore recueillis, les vid\u00e9os sont analys\u00e9es\u00a0\u00bb, a-t-elle ajout\u00e9.<\/p>\n<p class=\"asset asset-text\">Dans ce contexte particulier, plusieurs acteurs de la rencontre ont \u00e9t\u00e9 mis au courant du drame \u00e0 l\u2019issue du match. Cela a \u00e9t\u00e9 le cas des s\u00e9lectionneurs portugais\u00a0Roberto Martinez et espagnol\u00a0Luis de la Fuente. Ils ont pr\u00e9sent\u00e9 leurs condol\u00e9ances \u00e0 la famille de la victime lors de leur passage en conf\u00e9rence de presse d\u2019apr\u00e8s match. Tout comme le joueur portugais du <a href=\"https:\/\/www.huffingtonpost.fr\/sport\/article\/espagne-france-ousmane-dembele-deja-ballon-d-or-ces-joueurs-peuvent-lui-barrer-la-route_250848.html\" target=\"_blank\" rel=\"noopener\">PSG<\/a> Nuno Mendes, d\u00e9sign\u00e9 meilleur joueur de la finale.<\/p>\n","protected":false},"excerpt":{"rendered":"TOBIAS SCHWARZ \/ AFP Des m\u00e9decins et des stadiers \u00e0 l\u2019\u0153uvre apr\u00e8s la chute mortelle d\u2019un spectateur du&hellip;\n","protected":false},"author":2,"featured_media":163223,"comment_status":"","ping_status":"","sticky":false,"template":"","format":"standard","meta":{"footnotes":""},"categories":[2],"tags":[11,672,837,63,1011,27,14,23733,12,517,1015],"class_list":{"0":"post-163222","1":"post","2":"type-post","3":"status-publish","4":"format-standard","5":"has-post-thumbnail","7":"category-actualites","8":"tag-actualites","9":"tag-allemagne","10":"tag-chute","11":"tag-football","12":"tag-fr","13":"tag-france","14":"tag-international","15":"tag-ligue-des-nations","16":"tag-news","17":"tag-sport","18":"tag-supporter"},"share_on_mastodon":{"url":"https:\/\/pubeurope.com\/@fr\/114653382834261232","error":""},"_links":{"self":[{"href":"https:\/\/www.europesays.com\/fr\/wp-json\/wp\/v2\/posts\/163222","targetHints":{"allow":["GET"]}}],"collection":[{"href":"https:\/\/www.europesays.com\/fr\/wp-json\/wp\/v2\/posts"}],"about":[{"href":"https:\/\/www.europesays.com\/fr\/wp-json\/wp\/v2\/types\/post"}],"author":[{"embeddable":true,"href":"https:\/\/www.europesays.com\/fr\/wp-json\/wp\/v2\/users\/2"}],"replies":[{"embeddable":true,"href":"https:\/\/www.europesays.com\/fr\/wp-json\/wp\/v2\/comments?post=163222"}],"version-history":[{"count":0,"href":"https:\/\/www.europesays.com\/fr\/wp-json\/wp\/v2\/posts\/163222\/revisions"}],"wp:featuredmedia":[{"embeddable":true,"href":"https:\/\/www.europesays.com\/fr\/wp-json\/wp\/v2\/media\/163223"}],"wp:attachment":[{"href":"https:\/\/www.europesays.com\/fr\/wp-json\/wp\/v2\/media?parent=163222"}],"wp:term":[{"taxonomy":"category","embeddable":true,"href":"https:\/\/www.europesays.com\/fr\/wp-json\/wp\/v2\/categories?post=163222"},{"taxonomy":"post_tag","embeddable":true,"href":"https:\/\/www.europesays.com\/fr\/wp-json\/wp\/v2\/tags?post=163222"}],"curies":[{"name":"wp","href":"https:\/\/api.w.org\/{rel}","templated":true}]}}