{"id":163246,"date":"2025-06-09T12:40:09","date_gmt":"2025-06-09T12:40:09","guid":{"rendered":"https:\/\/www.europesays.com\/fr\/163246\/"},"modified":"2025-06-09T12:40:09","modified_gmt":"2025-06-09T12:40:09","slug":"thomas-dutronc-et-angelique-kidjo-cet-ete-aux-nocturnes-de-la-villa-a-saint-jean-cap-ferrat","status":"publish","type":"post","link":"https:\/\/www.europesays.com\/fr\/163246\/","title":{"rendered":"Thomas Dutronc et Ang\u00e9lique Kidjo cet \u00e9t\u00e9 aux Nocturnes de la Villa \u00e0 Saint-Jean-Cap-Ferrat"},"content":{"rendered":"<p>Cet \u00e9t\u00e9 encore, l\u2019Acad\u00e9mie des beaux-arts et la Villa Ephrussi de Rothschild, \u00e0 Saint-Jean-Cap-Ferrat, proposent sept semaines de spectacles, les lundis et mardis, en compagnie d\u2019artistes vari\u00e9s pour Les Nocturnes de la Villa.<\/p>\n<p>En profitant d\u2019abord d\u2019une fl\u00e2nerie de d\u00e9but de soir\u00e9e, en d\u00e9gustant un pique-nique sur les pelouses de son jardin \u00e0 la fran\u00e7aise avec les paniers repas concoct\u00e9s par Aude Rom\u00e9ro, la cheffe du restaurant B\u00e9atrice \u2013 exit les d\u00eeners en ce lieu en revanche pendant Les Nocturnes, place aux \u00ab\u00a0D\u00eeners sous les \u00e9toiles\u00a0\u00bb (les 24 juillet et 21 ao\u00fbt) sous la houlette de Jo\u00ebl Robuchon. Durant ces soir\u00e9es, le directeur de l\u2019Observatoire de Nice viendra raconter le ciel aux gastronomes qui auront r\u00e9serv\u00e9.<\/p>\n<p>Ce sera l\u2019occasion aussi de d\u00e9couvrir les plus belles pi\u00e8ces de la collection de la baronne B\u00e9atrice de Rothschild, qui fit construire la villa. Avant de s\u2019installer pour le spectacle\u2026 Car la musique r\u00e9sonnera encore sur les hauteurs de Saint-Jean-Cap-Ferrat.<\/p>\n<p><strong>Thomas Dutronc et Ang\u00e9lique Kidjo<\/strong><\/p>\n<p>\u00c0 l\u2019instar de la promenade dans les neuf jardins de la villa transportant d\u2019une ambiance \u00e0 l\u2019autre, la programmation propose de passer du jazz, avec David Enhco et Marc Perrenoud pour Chet Baker, au classique, avec Laurent Petitgirard et l\u2019orchestre national de Cannes. De la trompette (Romain Leleu en sextet) \u00e0 la guitare (avec Thibault Cauvin, Pierre G\u00e9nisson et Bruno Fontaine) \u00e0 l\u2019op\u00e9ra-bouffe avec The Opera Locos. De la pop (Patxi Garat) au big band (David Enhco &amp; the Amazing Keystone Big Band).<\/p>\n<p>Coup d\u2019envoi avec un invit\u00e9 de choix: Thomas Dutronc, qui ouvrira le bal le 14 juillet avec Il n\u2019est jamais trop tard. La \u00ab\u00a0premi\u00e8re Diva d\u2019Afrique\u00a0\u00bb: Ang\u00e9lique Kidjo sera aussi de la partie, de m\u00eame qu\u2019Andr\u00e9 Manoukian et Rosemary Standley, qui fredonneront sous la vo\u00fbte \u00e9toil\u00e9e les airs inoubliables de la chanson fran\u00e7aise. La litt\u00e9rature ne sera pas en reste, avec le journal de George Sand d\u00e9voil\u00e9 par Marie-Christine Barrault sur la musique de Chopin, ou encore avec Brigitte Fossey qui nous propose un voyage au c\u0153ur des mots d\u2019amour de Flaubert. De m\u00eame que la danse, avec Ga\u00ebl Rougegrez et la Compagnie GR infini, dont le huis clos masculin r\u00e9veillera la terrasse de marbre. Il y aura aussi Lars\u00e8ne, grand magicien\u2026 Au total, 14 soir\u00e9es sous le ciel azur\u00e9en. Laurence LUCCHESI<\/p>\n<p>Villa Ephrussi de Rothschild \u00e0 Saint-Jean-Cap-Ferrat. Les lundis et mardis de 20h \u00e0 minuit, du 14 juillet au 26 ao\u00fbt. Tarifs: 20 \u00e0 35 euros. Formule Nocturne + panier pique-nique: 60 euros. Rens. 04.93.01.45.90. Programmation d\u00e9taill\u00e9e sur www.villa-ephrussi.com<\/p>\n","protected":false},"excerpt":{"rendered":"Cet \u00e9t\u00e9 encore, l\u2019Acad\u00e9mie des beaux-arts et la Villa Ephrussi de Rothschild, \u00e0 Saint-Jean-Cap-Ferrat, proposent sept semaines de&hellip;\n","protected":false},"author":2,"featured_media":163247,"comment_status":"","ping_status":"","sticky":false,"template":"","format":"standard","meta":{"footnotes":""},"categories":[2819],"tags":[1111,11,4156,251,1777,674,1011,27,12,2401,882,25],"class_list":{"0":"post-163246","1":"post","2":"type-post","3":"status-publish","4":"format-standard","5":"has-post-thumbnail","7":"category-nice","8":"tag-actu","9":"tag-actualites","10":"tag-concerts","11":"tag-culture","12":"tag-eu","13":"tag-europe","14":"tag-fr","15":"tag-france","16":"tag-news","17":"tag-nice","18":"tag-provence-alpes-cote-dazur","19":"tag-republique-francaise"},"share_on_mastodon":{"url":"https:\/\/pubeurope.com\/@fr\/114653457514853070","error":""},"_links":{"self":[{"href":"https:\/\/www.europesays.com\/fr\/wp-json\/wp\/v2\/posts\/163246","targetHints":{"allow":["GET"]}}],"collection":[{"href":"https:\/\/www.europesays.com\/fr\/wp-json\/wp\/v2\/posts"}],"about":[{"href":"https:\/\/www.europesays.com\/fr\/wp-json\/wp\/v2\/types\/post"}],"author":[{"embeddable":true,"href":"https:\/\/www.europesays.com\/fr\/wp-json\/wp\/v2\/users\/2"}],"replies":[{"embeddable":true,"href":"https:\/\/www.europesays.com\/fr\/wp-json\/wp\/v2\/comments?post=163246"}],"version-history":[{"count":0,"href":"https:\/\/www.europesays.com\/fr\/wp-json\/wp\/v2\/posts\/163246\/revisions"}],"wp:featuredmedia":[{"embeddable":true,"href":"https:\/\/www.europesays.com\/fr\/wp-json\/wp\/v2\/media\/163247"}],"wp:attachment":[{"href":"https:\/\/www.europesays.com\/fr\/wp-json\/wp\/v2\/media?parent=163246"}],"wp:term":[{"taxonomy":"category","embeddable":true,"href":"https:\/\/www.europesays.com\/fr\/wp-json\/wp\/v2\/categories?post=163246"},{"taxonomy":"post_tag","embeddable":true,"href":"https:\/\/www.europesays.com\/fr\/wp-json\/wp\/v2\/tags?post=163246"}],"curies":[{"name":"wp","href":"https:\/\/api.w.org\/{rel}","templated":true}]}}