{"id":163251,"date":"2025-06-09T12:43:14","date_gmt":"2025-06-09T12:43:14","guid":{"rendered":"https:\/\/www.europesays.com\/fr\/163251\/"},"modified":"2025-06-09T12:43:14","modified_gmt":"2025-06-09T12:43:14","slug":"80-habitants-evacues-en-pleine-nuit-angers-info","status":"publish","type":"post","link":"https:\/\/www.europesays.com\/fr\/163251\/","title":{"rendered":"80 habitants \u00e9vacu\u00e9s en pleine nuit \u2013 Angers Info"},"content":{"rendered":"<p><img fetchpriority=\"high\" decoding=\"async\" width=\"1024\" height=\"410\" src=\"https:\/\/www.europesays.com\/fr\/wp-content\/uploads\/2025\/06\/pompiers-incendie-illustration_field_image_de_base-e1679088490655-1024x410.jpg\" alt=\"\" class=\"wp-image-121668\"  \/>Image d\u2019illustration.<\/p>\n<p><strong>Une importante intervention des secours au centre-ville, rue Louis Mekarskin<\/strong><\/p>\n<p>Un incendie s\u2019est d\u00e9clar\u00e9 dans la nuit du samedi 7 au dimanche 8 juin, peu apr\u00e8s 2 h du matin, dans le parking souterrain d\u2019un immeuble situ\u00e9 6 bis rue Louis Mekarskin, \u00e0 Nantes, \u00e0 proximit\u00e9 du boulevard Dalby. Le feu a rapidement g\u00e9n\u00e9r\u00e9 d\u2019\u00e9paisses fum\u00e9es, qui se sont propag\u00e9es dans tout le parking avant d\u2019atteindre les cages d\u2019escaliers de cet immeuble de huit \u00e9tages <a href=\"https:\/\/www.alouette.fr\/un-immeuble-evacue-a-nantes\" target=\"_blank\" rel=\"noopener\">selon Alouette<\/a>.<\/p>\n<p>Les 80 occupants ont \u00e9t\u00e9 \u00e9vacu\u00e9s par mesure de s\u00e9curit\u00e9 d\u00e8s l\u2019arriv\u00e9e des secours. Une soixantaine de sapeurs-pompiers ont \u00e9t\u00e9 mobilis\u00e9s pour ma\u00eetriser l\u2019incendie et s\u00e9curiser les lieux. \u00c0 ce stade, l\u2019origine du sinistre n\u2019est pas encore connue.<\/p>\n","protected":false},"excerpt":{"rendered":"Image d\u2019illustration. Une importante intervention des secours au centre-ville, rue Louis Mekarskin Un incendie s\u2019est d\u00e9clar\u00e9 dans la&hellip;\n","protected":false},"author":2,"featured_media":163252,"comment_status":"","ping_status":"","sticky":false,"template":"","format":"standard","meta":{"footnotes":""},"categories":[2818],"tags":[1111,11,1777,674,1011,27,1310,13291,766,12,2636,1311,25],"class_list":{"0":"post-163251","1":"post","2":"type-post","3":"status-publish","4":"format-standard","5":"has-post-thumbnail","7":"category-nantes","8":"tag-actu","9":"tag-actualites","10":"tag-eu","11":"tag-europe","12":"tag-fr","13":"tag-france","14":"tag-incendie","15":"tag-maine-et-loire","16":"tag-nantes","17":"tag-news","18":"tag-pays-de-la-loire","19":"tag-pompiers","20":"tag-republique-francaise"},"share_on_mastodon":{"url":"https:\/\/pubeurope.com\/@fr\/114653469355353328","error":""},"_links":{"self":[{"href":"https:\/\/www.europesays.com\/fr\/wp-json\/wp\/v2\/posts\/163251","targetHints":{"allow":["GET"]}}],"collection":[{"href":"https:\/\/www.europesays.com\/fr\/wp-json\/wp\/v2\/posts"}],"about":[{"href":"https:\/\/www.europesays.com\/fr\/wp-json\/wp\/v2\/types\/post"}],"author":[{"embeddable":true,"href":"https:\/\/www.europesays.com\/fr\/wp-json\/wp\/v2\/users\/2"}],"replies":[{"embeddable":true,"href":"https:\/\/www.europesays.com\/fr\/wp-json\/wp\/v2\/comments?post=163251"}],"version-history":[{"count":0,"href":"https:\/\/www.europesays.com\/fr\/wp-json\/wp\/v2\/posts\/163251\/revisions"}],"wp:featuredmedia":[{"embeddable":true,"href":"https:\/\/www.europesays.com\/fr\/wp-json\/wp\/v2\/media\/163252"}],"wp:attachment":[{"href":"https:\/\/www.europesays.com\/fr\/wp-json\/wp\/v2\/media?parent=163251"}],"wp:term":[{"taxonomy":"category","embeddable":true,"href":"https:\/\/www.europesays.com\/fr\/wp-json\/wp\/v2\/categories?post=163251"},{"taxonomy":"post_tag","embeddable":true,"href":"https:\/\/www.europesays.com\/fr\/wp-json\/wp\/v2\/tags?post=163251"}],"curies":[{"name":"wp","href":"https:\/\/api.w.org\/{rel}","templated":true}]}}