{"id":163260,"date":"2025-06-09T12:48:09","date_gmt":"2025-06-09T12:48:09","guid":{"rendered":"https:\/\/www.europesays.com\/fr\/163260\/"},"modified":"2025-06-09T12:48:09","modified_gmt":"2025-06-09T12:48:09","slug":"vivez-la-fete-interieure-a-saint-so","status":"publish","type":"post","link":"https:\/\/www.europesays.com\/fr\/163260\/","title":{"rendered":"vivez \u00ab La f\u00eate int\u00e9rieure \u00bb \u00e0 Saint-So"},"content":{"rendered":"<p>            Par<br \/>\n        <strong><br \/>\n            <a href=\"https:\/\/actu.fr\/auteur\/amandine-vachez\" title=\"Consulter tous les articles de Amandine Vachez\" target=\"_blank\" rel=\"noopener\">Amandine Vachez<\/a><br \/>\n        <\/strong><\/p>\n<p>        Publi\u00e9 le<\/p>\n<p>            9 juin 2025 \u00e0 13h50        <\/p>\n<p>D\u2019avril \u00e0 novembre\u00a02025, la saison \u00ab\u2009Fiesta\u2009\u00bb s\u2019invite \u00e0 <b>Lille <\/b>(Nord) et dans sa m\u00e9tropole sous de multiples formes. Dans ce cadre, l\u2019<b>\u00e9v\u00e9nement culturel port\u00e9 par lille3000<\/b> propose de nombreuses<b> expositions en acc\u00e8s libre. <\/b>En plus de\u00a0<a href=\"https:\/\/actu.fr\/hauts-de-france\/lille_59350\/lille-piste-de-danse-gateaux-geants-fanions-cest-la-fete-a-saint-so-avec-lexpo-des-enfants-momart_62605266.html\" target=\"_blank\" rel=\"noopener\">l\u2019installation M\u00f4m\u2019Art r\u00e9alis\u00e9e par 5\u2009000\u00a0enfants<\/a>, une exp\u00e9rience singuli\u00e8re vous attend \u00e0 Saint-So<b> jusqu\u2019\u00e0 fin juillet.<\/b> Les visiteurs peuvent vivre une<b> \u00ab\u2009f\u00eate int\u00e9rieure\u2009\u00bb<\/b>, au travers d\u2019installations lumineuses, color\u00e9es, surprenantes et pour certaines interactives.<\/p>\n<p>Paillettes, miroirs et stroboscopes<\/p>\n<p class=\" wall-content\">L\u2019univers de la f\u00eate\u2026 \u00e0 la maison, est d\u00e9clin\u00e9 sous diverses formes artistiques dans cette exposition. On y trouve des tableaux, des miroirs, des espaces dot\u00e9s de jeux de lumi\u00e8res, mais aussi des installations immersives vari\u00e9es. Tout un parcours a \u00e9t\u00e9 am\u00e9nag\u00e9, le visiteur vogue de pi\u00e8ce en pi\u00e8ce, se laissant surprendre par son reflet, par un grand banquet ou encore une mini boite de nuit dans laquelle il peut se laisser aller \u00e0 danser.<\/p>\n<p class=\" wall-content\">En tout, l\u2019exposition r\u00e9unit <b>une vingtaine d\u2019artistes \u00e9mergents et reconnus<\/b> \u00ab\u2009autour de la question du <b>corps en f\u00eate<\/b>\u2009\u00bb, pr\u00e9sente lille3000. \u00ab\u2009Sans pr\u00e9tendre \u00e0 l\u2019exhaustivit\u00e9, le <b>parcours immersif et sensoriel <\/b>entra\u00eene les visiteurs dans une v\u00e9ritable exp\u00e9rience jubilatoire explorant les ph\u00e9nom\u00e8nes \u00e9motionnels et physiologiques qui se manifestent lors des c\u00e9l\u00e9brations. Mouvements, frissons, contractions, pulsations, flux respiratoires\u2026 l\u2019exposition nous plonge au c\u0153ur des \u00e9motions et sensations qui parcourent les organes et les membres du corps humain gris\u00e9s par l\u2019atmosph\u00e8re \u00e9lectrisante des soir\u00e9es festives.\u2009\u00bb<\/p>\n<p>    <img   decoding=\"async\" loading=\"lazy\" class=\"size-large\" src=\"https:\/\/www.europesays.com\/fr\/wp-content\/uploads\/2025\/06\/e27b11866d386e67b11866d38ba7b1v-960x640.jpg\" alt=\"Des installations surprenantes, voire hypnotisantes, transforment des sc\u00e8nes de f\u00eate en oeuvres d'art, dans cette exposition originale \u00e0 d\u00e9couvrir \u00e0 Lille (Nord).\" width=\"960\" height=\"640\"\/><br \/>\n    Des installations surprenantes, voire hypnotisantes, transforment des sc\u00e8nes de f\u00eate en \u0153uvres d\u2019art, dans cette exposition originale \u00e0 d\u00e9couvrir \u00e0 Lille (Nord). \u00a9Amandine Vachez<\/p>\n<p class=\" wall-content\">Il y a<b> la f\u00eate, ses d\u00e9corations, ses traditions<\/b>, mais aussi ses <b>effets sur le corps<\/b> donc, et dans les espaces. Sans oublier\u2026 ses traces. Vous n\u2019\u00eates pas \u00e0 l\u2019abri de croiser des aspirateurs \u00e9lectroniques en plein travail\u2026 de ramassage de paillettes (oui, oui\u2009!). Visiteurs grands et un peu moins grands se laisseront cueillir par les surprises. On vous assure qu\u2019il y en a, et elles sont parfois\u2026 d\u00e9routantes.<\/p>\n<p class=\" wall-content\">Une installation \u00e0 voir, dans tous les cas. Elle est ouverte jusqu\u2019au 27\u00a0juillet 2025, \u00e0 la gare Saint-Sauveur (17, bd Jean-Baptiste Lebas), ouverte du mercredi au dimanche de 12\u2009h \u00e0 19\u2009h. Vous pouvez aussi vous y rendre le 14\u00a0juillet.<\/p>\n<p>Plus d\u2019infos\u2009: <a href=\"https:\/\/fiestalille3000.com\/exposition\/la-fete-interieure\/\" target=\"_blank\" rel=\"noopener\">site officiel de lille3000<\/a>.<\/p>\n<p class=\" wall-content\">Suivez toute l\u2019actualit\u00e9 de vos villes et m\u00e9dias favoris en vous inscrivant \u00e0 <a href=\"https:\/\/moncompte.actu.fr\" title=\"D\u00e9couvez Mon Actu\" rel=\"nofollow noopener\" data-trk=\"{&quot;cta&quot;:{&quot;action&quot;:&quot;https:\\\/\\\/moncompte.actu.fr&quot;,&quot;category&quot;:&quot;mon compte&quot;,&quot;from&quot;:&quot;article footer&quot;,&quot;name&quot;:&quot;Mon actu&quot;,&quot;type&quot;:&quot;cta&quot;}}\" target=\"_blank\">Mon Actu<\/a>.<\/p>\n","protected":false},"excerpt":{"rendered":"Par Amandine Vachez Publi\u00e9 le 9 juin 2025 \u00e0 13h50 D\u2019avril \u00e0 novembre\u00a02025, la saison \u00ab\u2009Fiesta\u2009\u00bb s\u2019invite \u00e0&hellip;\n","protected":false},"author":2,"featured_media":163261,"comment_status":"","ping_status":"","sticky":false,"template":"","format":"standard","meta":{"footnotes":""},"categories":[2815],"tags":[1111,11,6557,1777,674,1011,27,811,1307,1652,12,25],"class_list":{"0":"post-163260","1":"post","2":"type-post","3":"status-publish","4":"format-standard","5":"has-post-thumbnail","7":"category-lille","8":"tag-actu","9":"tag-actualites","10":"tag-bon-plan-a-lille","11":"tag-eu","12":"tag-europe","13":"tag-fr","14":"tag-france","15":"tag-hauts-de-france","16":"tag-lille","17":"tag-loisirs-culture","18":"tag-news","19":"tag-republique-francaise"},"share_on_mastodon":{"url":"https:\/\/pubeurope.com\/@fr\/114653488989247340","error":""},"_links":{"self":[{"href":"https:\/\/www.europesays.com\/fr\/wp-json\/wp\/v2\/posts\/163260","targetHints":{"allow":["GET"]}}],"collection":[{"href":"https:\/\/www.europesays.com\/fr\/wp-json\/wp\/v2\/posts"}],"about":[{"href":"https:\/\/www.europesays.com\/fr\/wp-json\/wp\/v2\/types\/post"}],"author":[{"embeddable":true,"href":"https:\/\/www.europesays.com\/fr\/wp-json\/wp\/v2\/users\/2"}],"replies":[{"embeddable":true,"href":"https:\/\/www.europesays.com\/fr\/wp-json\/wp\/v2\/comments?post=163260"}],"version-history":[{"count":0,"href":"https:\/\/www.europesays.com\/fr\/wp-json\/wp\/v2\/posts\/163260\/revisions"}],"wp:featuredmedia":[{"embeddable":true,"href":"https:\/\/www.europesays.com\/fr\/wp-json\/wp\/v2\/media\/163261"}],"wp:attachment":[{"href":"https:\/\/www.europesays.com\/fr\/wp-json\/wp\/v2\/media?parent=163260"}],"wp:term":[{"taxonomy":"category","embeddable":true,"href":"https:\/\/www.europesays.com\/fr\/wp-json\/wp\/v2\/categories?post=163260"},{"taxonomy":"post_tag","embeddable":true,"href":"https:\/\/www.europesays.com\/fr\/wp-json\/wp\/v2\/tags?post=163260"}],"curies":[{"name":"wp","href":"https:\/\/api.w.org\/{rel}","templated":true}]}}