{"id":163264,"date":"2025-06-09T12:50:08","date_gmt":"2025-06-09T12:50:08","guid":{"rendered":"https:\/\/www.europesays.com\/fr\/163264\/"},"modified":"2025-06-09T12:50:08","modified_gmt":"2025-06-09T12:50:08","slug":"marseille-les-gens-du-voyage-sinstallent-de-force-sur-un-stade-cest-scandaleux","status":"publish","type":"post","link":"https:\/\/www.europesays.com\/fr\/163264\/","title":{"rendered":"Marseille. Les gens du voyage s&rsquo;installent de force sur un stade : \u00ab\u00a0C&rsquo;est scandaleux\u00a0\u00bb"},"content":{"rendered":"<p>            Par<br \/>\n        <strong><br \/>\n            <a href=\"https:\/\/actu.fr\/auteur\/thibault-nadal-actu-fr\" title=\"Consulter tous les articles de Thibault Nadal\" rel=\"nofollow noopener\" target=\"_blank\">Thibault Nadal<\/a><br \/>\n        <\/strong><\/p>\n<p>        Publi\u00e9 le<\/p>\n<p>            9 juin 2025 \u00e0 14h27        <\/p>\n<p>\u00ab\u2009On ne peut qu\u2019\u00eatre tr\u00e8s en col\u00e8re, <strong>\u00e7a fait 30\u00a0ans que \u00e7a dure.<\/strong>\u2009\u00bb Aupr\u00e8s d\u2019actu Marseille, Augustin Marie, pr\u00e9sident du Rugby Club M\u00e9diterran\u00e9e (RCM), ne cache pas sa \u00ab\u2009fatigue\u2009\u00bb face \u00e0 la r\u00e9currence de la situation. Depuis samedi 7\u00a0juin 2025, le stade du Menet, dans le 11e arrondissement de <a href=\"https:\/\/actu.fr\/marseille\/\" rel=\"nofollow noopener\" target=\"_blank\">Marseille,<\/a> est <a href=\"https:\/\/actu.fr\/tag\/occupation\" rel=\"nofollow noopener\" target=\"_blank\">occup\u00e9 ill\u00e9galement<\/a> par <strong>une centaine de caravanes de gens du voyage<\/strong>.<\/p>\n<p class=\" wall-content\">Selon le responsable, les caravanes \u00ab\u2009pr\u00e9voient de rester <strong>entre 15\u00a0jours et trois semaines\u2009<\/strong>\u00bb, ce qui met en p\u00e9ril la fin de saison du club, fix\u00e9e au 28\u00a0juin. \u00ab\u2009On va \u00eatre incapables d\u2019assurer nos activit\u00e9s de fin de saison\u2009\u00bb, se d\u00e9sole-t-il.<\/p>\n<p>Les gens du voyage devraient rester au moins 15\u00a0jours<\/p>\n<p class=\" wall-content\">Des matchs, des tournois et des entra\u00eenements \u00e9taient encore au programme. \u00ab\u2009Sans terrain et club-house, comment faire continuer ces activit\u00e9s\u2009?\u2009\u00bb, se demande le patron du RCM.<\/p>\n<blockquote class=\"ac-article-quote wall-content\">\n<p>Les salari\u00e9s et les b\u00e9n\u00e9voles sont d\u00e9go\u00fbt\u00e9s. Ce moment en fin de saison est important pour ces gens. Toutes ces choses-l\u00e0 n\u2019auront pas lieu. Ils vont partir en vacances avec une sensation d\u2019inachev\u00e9e. Il y a aussi de la frustration et de la col\u00e8re.<\/p>\n<p>    <strong>Augustin Marie<\/strong>\n            <\/p><\/blockquote>\n<p class=\" wall-content\">Durant ces semaines, ce sont <strong>quatre salari\u00e9s<\/strong> qui vont se retrouver sur le carreau. \u00ab\u2009Qu\u2019est-ce que je vais en faire\u2009? Ils vont \u00eatre pay\u00e9s \u00e0 ne rien faire, le tout sur les finances du club\u2009\u00bb, d\u00e9plore le pr\u00e9sident.<\/p>\n<p class=\" wall-content\">Ce sont \u00e9galement plusieurs centaines de b\u00e9n\u00e9voles qui viennent aider quotidiennement ainsi que <strong>689\u00a0licenci\u00e9s<\/strong> qui se retrouvent priv\u00e9s de leurs infrastructures. \u00ab\u2009C\u2019est la double peine pour nous\u2009\u00bb.<\/p>\n<p>    <a href=\"https:\/\/www.facebook.com\/plugins\/post.php?href=https%3A%2F%2Fwww.facebook.com%2Fpermalink.php%3Fstory_fbid%3Dpfbid02KzXG6voE47rZCzDhwhEZqhoSN7NjBS5fGwQtRSThtYm5zsiBcmkanQn6qttNUAHKl%26id%3D100083301394751&amp;show_text=true&amp;width=350\" title=\"Ouvrie le lien\" rel=\"nofollow noopener\" target=\"_blank\">Cliquez ici pour visualiser le contenu<\/a><\/p>\n<p class=\" wall-content\">Mais plus que cette fin de saison, Augustin Marie se montre <strong>inquiet, notamment pour l\u2019\u00e9tat de ses pelouses<\/strong>, alors que trois terrains sont occup\u00e9s.<\/p>\n<p>\u00ab\u2009Un bras de fer\u2009\u00bb engag\u00e9 avec les gens du voyage<\/p>\n<p class=\" wall-content\">Afin de pr\u00e9parer l\u2019apr\u00e8s, il confie \u00ab\u2009\u00eatre sur le pont depuis samedi midi\u2009\u00bb, m\u00eame si la discussion s\u2019av\u00e8re \u00eatre difficile avec la communaut\u00e9 des gens du voyage. <strong>\u00ab\u2009C\u2019est un bras de fer\u2009\u00bb<\/strong>, assure le pr\u00e9sident du Rugby Club M\u00e9diterran\u00e9e.<\/p>\n<p class=\" wall-content\">Mais aussi avec la mairie de Marseille, propri\u00e9taire du site. \u00ab\u2009Le contact est \u00e9tabli, mais tout le monde se renvoie la balle\u2009\u00bb. Augustin Marie, lui, veut des garanties\u2009: \u00ab\u2009\u00c0 leur d\u00e9part,<strong> quels sont les moyens mis en \u0153uvre pour r\u00e9cup\u00e9rer nos terrains<\/strong> dans un bon \u00e9tat\u2009? C\u2019est la seule chose qui m\u2019int\u00e9resse.\u2009\u00bb<\/p>\n<p class=\" wall-content\">Dans son combat, le club a tr\u00e8s rapidement re\u00e7u le soutien de Sylvain Souvestre, le maire (LR) des 11e et 12e arrondissements, venu sur place \u00ab\u2009vingt minutes apr\u00e8s le d\u00e9but de l\u2019installation\u2009\u00bb.<\/p>\n<p class=\" wall-content\">\n<p>\u00ab\u2009Ces gens font ce qu\u2019ils veulent\u2009\u00bb<\/p>\n<p class=\" wall-content\">Trois jours plus tard, l\u2019\u00e9dile confie \u00e0 actu Marseille que la situation n\u2019a pas boug\u00e9 et que \u00ab\u2009<strong>120 caravanes<\/strong>\u2009\u00bb se trouvent d\u00e9sormais sur les terrains de Saint-Menet.<\/p>\n<p class=\" wall-content\">Comme Augustin Marie, Sylvain Souvestre assure avoir propos\u00e9 aux gens du voyage de s\u2019installer dans <strong>une aire d\u00e9di\u00e9e \u00e0 quelques m\u00e8tres du stade<\/strong>. Mais les deux hommes assurent que cette proposition a \u00e9t\u00e9 refus\u00e9e et que la communaut\u00e9 veut profiter des installations du site et notamment de l\u2019\u00e9lectricit\u00e9. \u00ab\u2009Ces gens font ce qu\u2019ils veulent\u2009\u00bb, d\u00e9plore l\u2019\u00e9dile.<\/p>\n<p class=\" wall-content\">Aupr\u00e8s de <a href=\"https:\/\/www.bfmtv.com\/marseille\/une-vraie-problematique-pour-nous-un-stade-de-saint-menet-a-marseille-occupe-par-des-caravanes_AV-202506090254.html\" rel=\"nofollow noopener\" target=\"_blank\">BFM Marseille Provence<\/a>, un responsable du campement affirme que les gens du voyage vont laisser \u00ab\u2009le terrain propre (et que) tout sera nickel\u2009\u00bb et qu\u2019ils n\u2019ont \u00ab\u2009jamais eu de probl\u00e8mes jusqu\u2019\u00e0 aujourd\u2019hui\u2009\u00bb.<\/p>\n<p>La ville et la mairie de secteur se renvoient la balle<\/p>\n<p class=\" wall-content\">Mais ce dossier vire \u00e0 l\u2019affrontement entre la mairie de Marseille et la mairie de secteur. Sylvain Souvestre explique ne pas avoir eu de retour du maire Beno\u00eet Payan et de son adjoint \u00e0 la S\u00e9curit\u00e9, Yannick Ohanessian. \u00ab\u2009C\u2019est scandaleux et <strong>anormal que je sois le seul \u00e9lu \u00e0 \u00eatre all\u00e9 sur place<\/strong>\u2009\u00bb d\u00e9plore-t-il. Il regrette aussi l\u2019absence d\u2019adjoint aux Sports depuis la mise en retrait de S\u00e9bastien Jibrayel, <a href=\"https:\/\/actu.fr\/provence-alpes-cote-d-azur\/marseille_13055\/agression-de-militants-lfi-a-marseille-prison-avec-sursis-requise-contre-un-adjoint-de-benoit-payan_62677912.html\" rel=\"nofollow noopener\" target=\"_blank\">accus\u00e9 de violences contre des militants insoumis<\/a>.<\/p>\n<blockquote class=\"ac-article-quote wall-content\">\n<p>C&rsquo;est un manque de volont\u00e9 politique, la ville est absente. Je suis d\u00e9pit\u00e9 par le manque de r\u00e9activit\u00e9 de la ville. C\u2019est honteux.<\/p>\n<p>    <strong>Sylvain Souvestre<\/strong><br \/>\n        Maire des 11e et 12e arrondissements    <\/p><\/blockquote>\n<p class=\" wall-content\">L\u2019\u00e9dile compte <strong>d\u00e9poser plainte<\/strong> dans les prochains jours face \u00e0 cette situation.<\/p>\n<p class=\" wall-content\">Tout comme la ville, comme indiqu\u00e9e par Audrey Garino, adjointe au maire de Marseille charg\u00e9e des affaires sociales sur X. \u00ab\u2009L\u2019accueil des gens du voyage <strong>d\u00e9pend de la m\u00e9tropole<\/strong>, d\u00e9faillante et r\u00e9guli\u00e8rement condamn\u00e9e par la justice. La Ville a port\u00e9 plainte imm\u00e9diatement contre cette occupation et saisira le pr\u00e9fet pour trouver une solution respectueuse du droit et des personnes\u2009\u00bb, \u00e9crit-elle.<\/p>\n<p class=\" wall-content\">\n<p class=\" wall-content\">Mais pour Sylvain Souvestre, c\u2019est \u00e0 Beno\u00eet Payan de demander l\u2019expulsion de ce campement. Il explique enfin que la M\u00e9tropole \u2013 pr\u00e9sid\u00e9e par Martine Vassal \u2013 \u00ab\u2009demande depuis cinq ans \u00e0 la ville de lui proposer des terrains, mais elle ne l\u2019a jamais fait\u2009\u00bb.<\/p>\n<p class=\" wall-content\">Les bonnes nouvelles dans cette affaire pourraient venir de Paris et du minist\u00e8re de l\u2019Int\u00e9rieur. Contact\u00e9 par le maire des 11e et 12e arrondissements, <a href=\"https:\/\/actu.fr\/tag\/bruno-retailleau\" rel=\"nofollow noopener\" target=\"_blank\">Bruno Retailleau<\/a> a r\u00e9pondu qu\u2019une r\u00e9union devait se tenir cette semaine, avant une probable proposition de loi afin de <strong>\u00ab\u2009durcir les sanctions et favoriser l\u2019expulsion\u2009\u00bb<\/strong>.<\/p>\n<p class=\" wall-content\">Suivez toute l\u2019actualit\u00e9 de vos villes et m\u00e9dias favoris en vous inscrivant \u00e0 <a href=\"https:\/\/moncompte.actu.fr\" title=\"D\u00e9couvez Mon Actu\" rel=\"nofollow noopener\" data-trk=\"{&quot;cta&quot;:{&quot;action&quot;:&quot;https:\\\/\\\/moncompte.actu.fr&quot;,&quot;category&quot;:&quot;mon compte&quot;,&quot;from&quot;:&quot;article footer&quot;,&quot;name&quot;:&quot;Mon actu&quot;,&quot;type&quot;:&quot;cta&quot;}}\" target=\"_blank\">Mon Actu<\/a>.<\/p>\n","protected":false},"excerpt":{"rendered":"Par Thibault Nadal Publi\u00e9 le 9 juin 2025 \u00e0 14h27 \u00ab\u2009On ne peut qu\u2019\u00eatre tr\u00e8s en col\u00e8re, \u00e7a&hellip;\n","protected":false},"author":2,"featured_media":163265,"comment_status":"","ping_status":"","sticky":false,"template":"","format":"standard","meta":{"footnotes":""},"categories":[2814],"tags":[1111,11,1777,674,1011,27,884,12,1234,882,25,104],"class_list":{"0":"post-163264","1":"post","2":"type-post","3":"status-publish","4":"format-standard","5":"has-post-thumbnail","7":"category-marseille","8":"tag-actu","9":"tag-actualites","10":"tag-eu","11":"tag-europe","12":"tag-fr","13":"tag-france","14":"tag-marseille","15":"tag-news","16":"tag-occupation","17":"tag-provence-alpes-cote-dazur","18":"tag-republique-francaise","19":"tag-societe"},"share_on_mastodon":{"url":"https:\/\/pubeurope.com\/@fr\/114653496852239913","error":""},"_links":{"self":[{"href":"https:\/\/www.europesays.com\/fr\/wp-json\/wp\/v2\/posts\/163264","targetHints":{"allow":["GET"]}}],"collection":[{"href":"https:\/\/www.europesays.com\/fr\/wp-json\/wp\/v2\/posts"}],"about":[{"href":"https:\/\/www.europesays.com\/fr\/wp-json\/wp\/v2\/types\/post"}],"author":[{"embeddable":true,"href":"https:\/\/www.europesays.com\/fr\/wp-json\/wp\/v2\/users\/2"}],"replies":[{"embeddable":true,"href":"https:\/\/www.europesays.com\/fr\/wp-json\/wp\/v2\/comments?post=163264"}],"version-history":[{"count":0,"href":"https:\/\/www.europesays.com\/fr\/wp-json\/wp\/v2\/posts\/163264\/revisions"}],"wp:featuredmedia":[{"embeddable":true,"href":"https:\/\/www.europesays.com\/fr\/wp-json\/wp\/v2\/media\/163265"}],"wp:attachment":[{"href":"https:\/\/www.europesays.com\/fr\/wp-json\/wp\/v2\/media?parent=163264"}],"wp:term":[{"taxonomy":"category","embeddable":true,"href":"https:\/\/www.europesays.com\/fr\/wp-json\/wp\/v2\/categories?post=163264"},{"taxonomy":"post_tag","embeddable":true,"href":"https:\/\/www.europesays.com\/fr\/wp-json\/wp\/v2\/tags?post=163264"}],"curies":[{"name":"wp","href":"https:\/\/api.w.org\/{rel}","templated":true}]}}