{"id":163269,"date":"2025-06-09T12:53:11","date_gmt":"2025-06-09T12:53:11","guid":{"rendered":"https:\/\/www.europesays.com\/fr\/163269\/"},"modified":"2025-06-09T12:53:11","modified_gmt":"2025-06-09T12:53:11","slug":"a-quoi-sattendre-ce-jeudi","status":"publish","type":"post","link":"https:\/\/www.europesays.com\/fr\/163269\/","title":{"rendered":"\u00e0 quoi s&rsquo;attendre ce jeudi"},"content":{"rendered":"<p>            Par<br \/>\n        <strong><br \/>\n            <a href=\"https:\/\/actu.fr\/auteur\/theo-zuili\" title=\"Consulter tous les articles de Th\u00e9o Zuili\" target=\"_blank\" rel=\"noopener\">Th\u00e9o Zuili<\/a><br \/>\n        <\/strong><\/p>\n<p>        Publi\u00e9 le<\/p>\n<p>            9 juin 2025 \u00e0 14h11        <\/p>\n<p>Des milliers de personnes circulant, habitant ou travaillant dans la m\u00e9tropole de <a href=\"https:\/\/actu.fr\/auvergne-rhone-alpes\/lyon_69123\" target=\"_blank\" rel=\"noopener\">Lyon<\/a> vont recevoir<strong> une alerte sur leur t\u00e9l\u00e9phone portable<\/strong> jeudi 12 juin 2025. Des sir\u00e8nes retentiront dans le sud de l\u2019agglom\u00e9ration \u00e0 l\u2019occasion de ce large dispositif \u00ab\u00a0test\u00a0\u00bb visant \u00e0 \u00e9prouver les syst\u00e8mes de s\u00e9curit\u00e9 civile dans le Rh\u00f4ne.<\/p>\n<p>Un important exercice<\/p>\n<p class=\" wall-content\">Les territoires des communes de <strong>Feyzin, Solaize et Saint-Fons<\/strong> seront au c\u0153ur d\u2019un important exercice de s\u00e9curit\u00e9 civile ce jeudi, pr\u00e9viennent les services de l\u2019\u00c9tat.<\/p>\n<p class=\" wall-content\">Le site <strong>Rh\u00f4ne Gaz<\/strong>, soci\u00e9t\u00e9 gazi\u00e8re au sud de Lyon, sera le th\u00e9\u00e2tre d\u2019une exp\u00e9rimentation en conditions proches du r\u00e9el, visant \u00e0 tester les services de l\u2019\u00c9tat, les collectivit\u00e9s locales et les exploitants et transporteurs.<\/p>\n<p>    <a href=\"https:\/\/www.google.com\/maps\/embed?pb=!1m18!1m12!1m3!1d90278.19454685469!2d4.766005700536825!3d45.672126859189596!2m3!1f0!2f0!3f0!3m2!1i1024!2i768!4f13.1!3m3!1m2!1s0x47f4e90044735da3%3A0x632f7563005b9d4f!2sRhone%20Gaz!5e1!3m2!1sfr!2sfr!4v1749461680311!5m2!1sfr!2sfr\" title=\"Ouvrie le lien\" target=\"_blank\" rel=\"noopener\">Cliquez ici pour visualiser le contenu<\/a><\/p>\n<p class=\" wall-content\">L\u2019objectif est d\u2019apporter la r\u00e9ponse op\u00e9rationnelle la plus adapt\u00e9e en situation d\u2019urgence. La pr\u00e9fecture du Rh\u00f4ne se garde de d\u00e9voiler le contenu pr\u00e9cis de cet exercice afin de ne pas g\u00e2cher la surprise pour les intervenants.<\/p>\n<p>Vid\u00e9os : en ce moment sur ActuAlarmes et notifications<\/p>\n<p class=\" wall-content\">Pas de panique, donc, si vous entendez les sir\u00e8nes du plan particulier d\u2019intervention de Rh\u00f4ne Gaz et celles du syst\u00e8me d\u2019alerte et d\u2019informations aux populations des communes. Elles<strong> r\u00e9sonneront dans la vall\u00e9e de la chimie<\/strong> par simple test.<\/p>\n<p class=\" wall-content\">Le dispositif FR-Alert sera \u00e9galement test\u00e9 pour l\u2019occasion. Toute personne disposant d\u2019un t\u00e9l\u00e9phone portable et pr\u00e9sente dans la zone concern\u00e9e par le test recevra<strong> une notification<\/strong> \u00ab\u00a0EXERCICE\u00a0\u00bb, indiquant qu\u2019une action particuli\u00e8re est attendue.<\/p>\n<p class=\" wall-content\">Celle-ci est accompagn\u00e9e d\u2019un<strong> bruit strident<\/strong>, qui pourra \u00e9galement surprendre les automobilistes circulant sur <a href=\"https:\/\/actu.fr\/tag\/autoroute-7-a7\" target=\"_blank\" rel=\"noopener\">l\u2019A7<\/a> et les usagers de la SNCF pr\u00e9sents dans le secteur.<\/p>\n<p class=\" wall-content\">Ce dispositif, <a href=\"https:\/\/actu.fr\/auvergne-rhone-alpes\/feyzin_69276\/lyon-pourquoi-vous-risquez-de-recevoir-une-notification-speciale-sur-votre-telephone_51478383.html\" target=\"_blank\" rel=\"noopener\">d\u00e9j\u00e0 test\u00e9 dans la commune en 2022<\/a>, permet de pr\u00e9venir en temps r\u00e9el toute personne d\u00e9tentrice d\u2019un t\u00e9l\u00e9phone portable de sa pr\u00e9sence dans une zone de danger et de l\u2019informer des comportements \u00e0 adopter.<\/p>\n<p class=\" wall-content\">Suivez toute l\u2019actualit\u00e9 de vos villes et m\u00e9dias favoris en vous inscrivant \u00e0 <a href=\"https:\/\/moncompte.actu.fr\" title=\"D\u00e9couvez Mon Actu\" rel=\"nofollow noopener\" data-trk=\"{&quot;cta&quot;:{&quot;action&quot;:&quot;https:\\\/\\\/moncompte.actu.fr&quot;,&quot;category&quot;:&quot;mon compte&quot;,&quot;from&quot;:&quot;article footer&quot;,&quot;name&quot;:&quot;Mon actu&quot;,&quot;type&quot;:&quot;cta&quot;}}\" target=\"_blank\">Mon Actu<\/a>.<\/p>\n<ul class=\"ac-article-tag wall-content\">\n<li><a href=\"https:\/\/actu.fr\/tag\/autoroute-7-a7\" data-trk=\"{&quot;cta&quot;:{&quot;action&quot;:&quot;Autoroute 7 (A7)&quot;,&quot;category&quot;:&quot;tag&quot;,&quot;from&quot;:&quot;article footer&quot;,&quot;name&quot;:&quot;Autoroute 7 (A7)&quot;,&quot;type&quot;:&quot;cta&quot;}}\" target=\"_blank\" rel=\"noopener\">#Autoroute 7 (A7)<\/a><\/li>\n<li><a href=\"https:\/\/actu.fr\/tag\/securite-civile\" data-trk=\"{&quot;cta&quot;:{&quot;action&quot;:&quot;S\\u00e9curit\\u00e9 civile&quot;,&quot;category&quot;:&quot;tag&quot;,&quot;from&quot;:&quot;article footer&quot;,&quot;name&quot;:&quot;S\\u00e9curit\\u00e9 civile&quot;,&quot;type&quot;:&quot;cta&quot;}}\" target=\"_blank\" rel=\"noopener\">#S\u00e9curit\u00e9 civile<\/a><\/li>\n<\/ul>\n","protected":false},"excerpt":{"rendered":"Par Th\u00e9o Zuili Publi\u00e9 le 9 juin 2025 \u00e0 14h11 Des milliers de personnes circulant, habitant ou travaillant&hellip;\n","protected":false},"author":2,"featured_media":163270,"comment_status":"","ping_status":"","sticky":false,"template":"","format":"standard","meta":{"footnotes":""},"categories":[1889],"tags":[1111,11,6423,2430,1777,674,118,1011,27,2428,12,25,10965],"class_list":{"0":"post-163269","1":"post","2":"type-post","3":"status-publish","4":"format-standard","5":"has-post-thumbnail","7":"category-lyon","8":"tag-actu","9":"tag-actualites","10":"tag-autoroute-7-a7","11":"tag-auvergne-rhone-alpes","12":"tag-eu","13":"tag-europe","14":"tag-faits-divers","15":"tag-fr","16":"tag-france","17":"tag-lyon","18":"tag-news","19":"tag-republique-francaise","20":"tag-securite-civile"},"share_on_mastodon":{"url":"https:\/\/pubeurope.com\/@fr\/114653508791929074","error":""},"_links":{"self":[{"href":"https:\/\/www.europesays.com\/fr\/wp-json\/wp\/v2\/posts\/163269","targetHints":{"allow":["GET"]}}],"collection":[{"href":"https:\/\/www.europesays.com\/fr\/wp-json\/wp\/v2\/posts"}],"about":[{"href":"https:\/\/www.europesays.com\/fr\/wp-json\/wp\/v2\/types\/post"}],"author":[{"embeddable":true,"href":"https:\/\/www.europesays.com\/fr\/wp-json\/wp\/v2\/users\/2"}],"replies":[{"embeddable":true,"href":"https:\/\/www.europesays.com\/fr\/wp-json\/wp\/v2\/comments?post=163269"}],"version-history":[{"count":0,"href":"https:\/\/www.europesays.com\/fr\/wp-json\/wp\/v2\/posts\/163269\/revisions"}],"wp:featuredmedia":[{"embeddable":true,"href":"https:\/\/www.europesays.com\/fr\/wp-json\/wp\/v2\/media\/163270"}],"wp:attachment":[{"href":"https:\/\/www.europesays.com\/fr\/wp-json\/wp\/v2\/media?parent=163269"}],"wp:term":[{"taxonomy":"category","embeddable":true,"href":"https:\/\/www.europesays.com\/fr\/wp-json\/wp\/v2\/categories?post=163269"},{"taxonomy":"post_tag","embeddable":true,"href":"https:\/\/www.europesays.com\/fr\/wp-json\/wp\/v2\/tags?post=163269"}],"curies":[{"name":"wp","href":"https:\/\/api.w.org\/{rel}","templated":true}]}}