{"id":163280,"date":"2025-06-09T12:59:09","date_gmt":"2025-06-09T12:59:09","guid":{"rendered":"https:\/\/www.europesays.com\/fr\/163280\/"},"modified":"2025-06-09T12:59:09","modified_gmt":"2025-06-09T12:59:09","slug":"cdm-des-clubs-marquinhos-brule-dimpatience-actualite","status":"publish","type":"post","link":"https:\/\/www.europesays.com\/fr\/163280\/","title":{"rendered":"CdM des clubs : Marquinhos \u00ab\u00a0br\u00fble\u00a0\u00bb d&rsquo;impatience &#8211; Actualite"},"content":{"rendered":"<p>\u00c0 peine le temps de savourer son sacre en Ligue des Champions que le Paris Saint-Germain se projette d\u00e9j\u00e0 vers un nouveau d\u00e9fi : la Coupe du Monde des Clubs. Une comp\u00e9tition prestigieuse que le club de la capitale d\u00e9butera cette semaine aux \u00c9tats-Unis, avec l\u2019ambition assum\u00e9e de tout rafler. D\u00e8s dimanche soir (21h, en direct sur TF1), les Parisiens feront leur entr\u00e9e dans le tournoi face \u00e0 un adversaire redoutable : l\u2019Atl\u00e9tico Madrid. Ensuite, deux autres rencontres les attendent contre les Br\u00e9siliens de Botafogo et les Am\u00e9ricains des Seattle Sounders FC.<\/p>\n<p>Capitaine du PSG, Marquinhos a partag\u00e9 son enthousiasme sur le site officiel du club : \u00ab C\u2019est un tournoi auquel tous les clubs souhaitent participer. Je pense que le nouveau format le rend tr\u00e8s int\u00e9ressant, avec la participation de tous les grands clubs, ainsi que des affrontements face \u00e0 des \u00e9quipes que nous n\u2019avons pas l\u2019habitude de rencontrer. Comme pour chaque tournoi auquel le Paris Saint-Germain participe, nous souhaitons \u00eatre un candidat \u00e0 la victoire. Nous savons que le parcours sera long et difficile, et que la concurrence sera f\u00e9roce, mais on br\u00fble d\u2019impatience de voir comment va se d\u00e9rouler le tournoi.\u00bb<\/p>\n<p class=\"p1\">D\u00e9j\u00e0 quadruple champion cette saison (Ligue 1, Coupe de France, Troph\u00e9e des Champions, Ligue des Champions), Paris ne compte pas s\u2019arr\u00eater l\u00e0. \u00abLe Paris Saint-Germain vise toujours haut. En tant qu\u2019\u00e9quipe, je pense que nous avons montr\u00e9 \u00e0 quel point nous sommes devenus solides. On s\u2019efforce toujours d\u2019\u00eatre parmi les candidats \u00e0 la victoire finale dans tous les tournois auxquels on participe, de lutter pour le titre, pour la plus haute marche du podium. M\u00eame si comme je l\u2019ai dit, c\u2019est toujours une t\u00e2che difficile, un d\u00e9fi tr\u00e8s compliqu\u00e9. On doit aborder le tournoi match apr\u00e8s match, en ayant conscience qu\u2019il s\u2019agira d\u2019une comp\u00e9tition tr\u00e8s relev\u00e9e. La route sera longue, mais on vise haut.\u00bb<\/p>\n","protected":false},"excerpt":{"rendered":"\u00c0 peine le temps de savourer son sacre en Ligue des Champions que le Paris Saint-Germain se projette&hellip;\n","protected":false},"author":2,"featured_media":163281,"comment_status":"","ping_status":"","sticky":false,"template":"","format":"standard","meta":{"footnotes":""},"categories":[1888],"tags":[11,11227,4930,615,1777,674,29611,1011,27,29610,791,74,12,626,25],"class_list":{"0":"post-163280","1":"post","2":"type-post","3":"status-publish","4":"format-standard","5":"has-post-thumbnail","7":"category-paris","8":"tag-actualites","9":"tag-brule","10":"tag-clubs","11":"tag-coupe","12":"tag-eu","13":"tag-europe","14":"tag-excite","15":"tag-fr","16":"tag-france","17":"tag-impatience","18":"tag-marquinhos","19":"tag-monde","20":"tag-news","21":"tag-paris","22":"tag-republique-francaise"},"share_on_mastodon":{"url":"https:\/\/pubeurope.com\/@fr\/114653532293357360","error":""},"_links":{"self":[{"href":"https:\/\/www.europesays.com\/fr\/wp-json\/wp\/v2\/posts\/163280","targetHints":{"allow":["GET"]}}],"collection":[{"href":"https:\/\/www.europesays.com\/fr\/wp-json\/wp\/v2\/posts"}],"about":[{"href":"https:\/\/www.europesays.com\/fr\/wp-json\/wp\/v2\/types\/post"}],"author":[{"embeddable":true,"href":"https:\/\/www.europesays.com\/fr\/wp-json\/wp\/v2\/users\/2"}],"replies":[{"embeddable":true,"href":"https:\/\/www.europesays.com\/fr\/wp-json\/wp\/v2\/comments?post=163280"}],"version-history":[{"count":0,"href":"https:\/\/www.europesays.com\/fr\/wp-json\/wp\/v2\/posts\/163280\/revisions"}],"wp:featuredmedia":[{"embeddable":true,"href":"https:\/\/www.europesays.com\/fr\/wp-json\/wp\/v2\/media\/163281"}],"wp:attachment":[{"href":"https:\/\/www.europesays.com\/fr\/wp-json\/wp\/v2\/media?parent=163280"}],"wp:term":[{"taxonomy":"category","embeddable":true,"href":"https:\/\/www.europesays.com\/fr\/wp-json\/wp\/v2\/categories?post=163280"},{"taxonomy":"post_tag","embeddable":true,"href":"https:\/\/www.europesays.com\/fr\/wp-json\/wp\/v2\/tags?post=163280"}],"curies":[{"name":"wp","href":"https:\/\/api.w.org\/{rel}","templated":true}]}}