{"id":163282,"date":"2025-06-09T13:00:26","date_gmt":"2025-06-09T13:00:26","guid":{"rendered":"https:\/\/www.europesays.com\/fr\/163282\/"},"modified":"2025-06-09T13:00:26","modified_gmt":"2025-06-09T13:00:26","slug":"la-russie-veut-renforcer-sa-cooperation-avec-lafrique-09-06-2025-a-1333","status":"publish","type":"post","link":"https:\/\/www.europesays.com\/fr\/163282\/","title":{"rendered":"La Russie veut renforcer sa coop\u00e9ration avec l&rsquo;Afrique &#8211; 09\/06\/2025 \u00e0 13:33"},"content":{"rendered":"<p>\n La Russie envisage de<br \/>\nrenforcer sa coop\u00e9ration avec les pays africains, y compris dans<br \/>\ndes \u00ab\u00a0domaines sensibles\u00a0\u00bb tels que la d\u00e9fense et la s\u00e9curit\u00e9, a<br \/>\nd\u00e9clar\u00e9 le Kremlin lundi.\n<\/p>\n<p>\n Cette annonce intervient alors que le groupe de mercenaires<br \/>\nrusses Wagner a d\u00e9clar\u00e9 la semaine derni\u00e8re qu&rsquo;il quittait le<br \/>\nMali apr\u00e8s avoir aid\u00e9 la junte militaire au pouvoir dans sa<br \/>\nlutte contre les combattants islamistes.\n<\/p>\n<p>\n L&rsquo;Africa Corps, une autre force paramilitaire russe<br \/>\ncontr\u00f4l\u00e9e par le Kremlin, a quant \u00e0 elle d\u00e9clar\u00e9 qu&rsquo;elle<br \/>\nresterait au Mali.\n<\/p>\n<p>\n \u00ab\u00a0La pr\u00e9sence russe en Afrique s&rsquo;accro\u00eet. Nous avons vraiment<br \/>\nl&rsquo;intention de d\u00e9velopper de mani\u00e8re globale notre interaction<br \/>\navec les pays africains, en nous concentrant principalement sur<br \/>\nl&rsquo;interaction \u00e9conomique et l&rsquo;investissement\u00a0\u00bb, a d\u00e9clar\u00e9 le<br \/>\nporte-parole du Kremlin, Dmitri Peskov.\n<\/p>\n<p>\n \u00ab\u00a0Cela correspond et s&rsquo;\u00e9tend \u00e9galement \u00e0 des domaines aussi<br \/>\nsensibles que la d\u00e9fense et la s\u00e9curit\u00e9. \u00c0 cet \u00e9gard, la Russie<br \/>\npoursuivra \u00e9galement son interaction et sa coop\u00e9ration avec les<br \/>\n\u00c9tats africains\u00a0\u00bb, a-t-il ajout\u00e9.\n<\/p>\n<p>\n Le r\u00f4le croissant de la Russie en mati\u00e8re de s\u00e9curit\u00e9 dans<br \/>\ncertaines parties du continent, notamment dans des pays tels que<br \/>\nle Mali, la R\u00e9publique centrafricaine et la Guin\u00e9e \u00e9quatoriale,<br \/>\nest per\u00e7u avec inqui\u00e9tude par l&rsquo;Occident.\n<\/p>\n<p>\n Le groupe russe Africa Corps a \u00e9t\u00e9 cr\u00e9\u00e9 avec le soutien du<br \/>\nminist\u00e8re russe de la D\u00e9fense apr\u00e8s que le fondateur de Wagner,<br \/>\nEvgu\u00e9ni Prigojine, et son commandant Dmitri Outkine ont men\u00e9 une<br \/>\nmutinerie rat\u00e9e contre l&rsquo;arm\u00e9e russe en juin 2023 et ont \u00e9t\u00e9<br \/>\ntu\u00e9s deux mois plus tard dans un crash.\n<\/p>\n<p>\n Environ 70% \u00e0 80% de l&rsquo;Africa Corps est compos\u00e9 d&rsquo;anciens<br \/>\nmembres de Wagner, selon plusieurs chats Telegram utilis\u00e9s par<br \/>\nles mercenaires russes et consult\u00e9s par Reuters.\n<\/p>\n<p>\n (R\u00e9dig\u00e9 par Dmitry Antonov, Mark Trevelyan et Gleb Stolyarov ;<br \/>\nversion fran\u00e7aise Etienne Breban, \u00e9dit\u00e9 par Kate Entringer)<\/p>\n","protected":false},"excerpt":{"rendered":"La Russie envisage de renforcer sa coop\u00e9ration avec les pays africains, y compris dans des \u00ab\u00a0domaines sensibles\u00a0\u00bb tels&hellip;\n","protected":false},"author":2,"featured_media":2486,"comment_status":"","ping_status":"","sticky":false,"template":"","format":"standard","meta":{"footnotes":""},"categories":[1591],"tags":[400,11,398,408,405,1887,403,402,399,404,12,1885,1886,132,401,406,407],"class_list":{"0":"post-163282","1":"post","2":"type-post","3":"status-publish","4":"format-standard","5":"has-post-thumbnail","7":"category-russie","8":"tag-action-cac-40","9":"tag-actualites","10":"tag-bourse-de-paris","11":"tag-boursorama","12":"tag-cotations","13":"tag-federation-de-russie","14":"tag-indices-devises","15":"tag-investir","16":"tag-investissement","17":"tag-marche-boursier","18":"tag-news","19":"tag-russia","20":"tag-russian-federation","21":"tag-russie","22":"tag-sicav","23":"tag-trackers","24":"tag-warrants"},"share_on_mastodon":{"url":"https:\/\/pubeurope.com\/@fr\/114653536588171176","error":""},"_links":{"self":[{"href":"https:\/\/www.europesays.com\/fr\/wp-json\/wp\/v2\/posts\/163282","targetHints":{"allow":["GET"]}}],"collection":[{"href":"https:\/\/www.europesays.com\/fr\/wp-json\/wp\/v2\/posts"}],"about":[{"href":"https:\/\/www.europesays.com\/fr\/wp-json\/wp\/v2\/types\/post"}],"author":[{"embeddable":true,"href":"https:\/\/www.europesays.com\/fr\/wp-json\/wp\/v2\/users\/2"}],"replies":[{"embeddable":true,"href":"https:\/\/www.europesays.com\/fr\/wp-json\/wp\/v2\/comments?post=163282"}],"version-history":[{"count":0,"href":"https:\/\/www.europesays.com\/fr\/wp-json\/wp\/v2\/posts\/163282\/revisions"}],"wp:featuredmedia":[{"embeddable":true,"href":"https:\/\/www.europesays.com\/fr\/wp-json\/wp\/v2\/media\/2486"}],"wp:attachment":[{"href":"https:\/\/www.europesays.com\/fr\/wp-json\/wp\/v2\/media?parent=163282"}],"wp:term":[{"taxonomy":"category","embeddable":true,"href":"https:\/\/www.europesays.com\/fr\/wp-json\/wp\/v2\/categories?post=163282"},{"taxonomy":"post_tag","embeddable":true,"href":"https:\/\/www.europesays.com\/fr\/wp-json\/wp\/v2\/tags?post=163282"}],"curies":[{"name":"wp","href":"https:\/\/api.w.org\/{rel}","templated":true}]}}