{"id":163287,"date":"2025-06-09T13:03:13","date_gmt":"2025-06-09T13:03:13","guid":{"rendered":"https:\/\/www.europesays.com\/fr\/163287\/"},"modified":"2025-06-09T13:03:13","modified_gmt":"2025-06-09T13:03:13","slug":"le-royaume-uni-revient-sur-la-tres-impopulaire-suppression-de-laide-au-chauffage-pour-les-retraites","status":"publish","type":"post","link":"https:\/\/www.europesays.com\/fr\/163287\/","title":{"rendered":"Le Royaume-Uni revient sur la tr\u00e8s impopulaire suppression de l\u2019aide au chauffage pour les retrait\u00e9s"},"content":{"rendered":"<p>Le gouvernement travailliste de Keir Starmer avait initialement supprim\u00e9 cette aide pour r\u00e9\u00e9quilibrer les finances publiques. Le revirement co\u00fbtera environ 1,25 milliard de livres en 2025.<\/p>\n<p class=\"fig-paragraph\">Le gouvernement britannique a annonc\u00e9 lundi revenir sur la suppression de l&rsquo;aide au chauffage universelle pour les retrait\u00e9s, annonc\u00e9e \u00e0 l&rsquo;automne dernier dans le cadre d&rsquo;\u00e9conomies budg\u00e9taires, mais qui \u00e9tait tr\u00e8s critiqu\u00e9e, y compris dans ses propres rangs travaillistes. Il s&rsquo;agit d&rsquo;un revirement politique majeur pour le premier ministre\u00a0<a href=\"http:\/\/www.lefigaro.fr\/flash-actu\/royaume-uni-trois-hommes-seront-juges-en-avril-2026-pour-des-incendies-visant-des-proprietes-liees-a-starmer-20250606\" data-fig-type=\"NewsFlash\" data-gtm-custom-categorie=\"navigation\" data-gtm-custom-action=\"crossclick\" data-gtm-custom-label=\"Contextuel\" data-gtm-event=\"customEventSPE\" data-fig-domain=\"LEFIGARO\" target=\"_blank\" rel=\"noopener\">Keir Starmer<\/a>, qui avait justifi\u00e9 la disparition de cette aide par la n\u00e9cessit\u00e9 de r\u00e9tablir l&rsquo;\u00e9quilibre des finances publiques.<\/p>\n<p class=\"fig-paragraph\">Concr\u00e8tement, le gouvernement va relever le seuil d&rsquo;obtention de cette allocation, afin \u00abqu&rsquo;aucun retrait\u00e9 \u00e0 revenu faible ou moyen (n&rsquo;en soit) exclu\u00bb, a indiqu\u00e9 le minist\u00e8re des Finances dans un communiqu\u00e9, ce qui b\u00e9n\u00e9ficiera \u00e0 \u00abla grande majorit\u00e9 &#8211; plus des trois quarts &#8211; des retrait\u00e9s d&rsquo;Angleterre et du Pays de Galles\u00bb. Cette d\u00e9cision, tr\u00e8s impopulaire dans l&rsquo;opinion, l&rsquo;\u00e9tait aussi parmi les travaillistes,\u00a0<a href=\"http:\/\/www.lefigaro.fr\/international\/royaume-uni-rishi-sunak-quitte-la-tete-du-parti-conservateur-apres-sa-lourde-defaite-aux-legislatives-20240705\" data-fig-type=\"NewsFlash\" data-gtm-custom-categorie=\"navigation\" data-gtm-custom-action=\"crossclick\" data-gtm-custom-label=\"Contextuel\" data-gtm-event=\"customEventSPE\" data-fig-domain=\"LEFIGARO\" target=\"_blank\" rel=\"noopener\">l&rsquo;opposition conservatrice<\/a>\u00a0s&rsquo;en donnant pour sa part \u00e0 c\u0153ur joie dans ses attaques contre le gouvernement.<\/p>\n<p>Les retrait\u00e9s les plus ais\u00e9s exclus de ce revirement<\/p>\n<p class=\"fig-paragraph\">Tous les retrait\u00e9s au revenu annuel inf\u00e9rieur \u00e0 35.000 livres (42.000 euros) b\u00e9n\u00e9ficieront \u00e0 nouveau de cette aide, soit environ 9 millions de personnes, un seuil \u00ablargement sup\u00e9rieur au niveau de revenu des retrait\u00e9s vivant dans la pauvret\u00e9\u00bb, est-il soulign\u00e9 dans le communiqu\u00e9. Le montant du coup de pouce gouvernemental s&rsquo;\u00e9l\u00e8ve \u00e0 200 livres par foyer ou 300 livres pour les plus de 80 ans. Cette marche arri\u00e8re co\u00fbtera environ 1,25 milliard de livres au budget annuel du gouvernement.<\/p>\n<p class=\"fig-paragraph\">L&rsquo;aide reste cependant supprim\u00e9e pour les retrait\u00e9s les plus ais\u00e9s (environ 2 millions de personnes), ce qui permettra d&rsquo;\u00e9conomiser environ 450 millions de livres par rapport au pr\u00e9c\u00e9dent syst\u00e8me. \u00abCibler l&rsquo;aide au chauffage hivernal a \u00e9t\u00e9 une d\u00e9cision difficile, mais n\u00e9cessaire en raison de l&rsquo;h\u00e9ritage laiss\u00e9 par le pr\u00e9c\u00e9dent gouvernement\u00bb conservateur, a estim\u00e9 la ministre des Finances\u00a0<a href=\"http:\/\/www.lefigaro.fr\/conjoncture\/royaume-uni-la-ministre-des-finances-rachel-reeves-veut-reveiller-une-croissance-britannique-atone-20250129\" data-fig-type=\"Article\" data-gtm-custom-categorie=\"navigation\" data-gtm-custom-action=\"crossclick\" data-gtm-custom-label=\"Contextuel\" data-gtm-event=\"customEventSPE\" data-fig-domain=\"LEFIGARO\" target=\"_blank\" rel=\"noopener\">Rachel Reeves<\/a>, cit\u00e9e dans le communiqu\u00e9.<\/p>\n<p class=\"fig-paragraph\">Depuis leur retour au pouvoir il y a bient\u00f4t un an, les travaillistes se sont fix\u00e9 l&rsquo;objectif d&rsquo;assainir les finances publiques, avec d&rsquo;importantes augmentations d&rsquo;imp\u00f4ts, notamment des cotisations patronales, mais aussi des coupes dans les aides sociales et l&rsquo;administration centrale. Ils justifient ces d\u00e9cisions par un \u00abtrou noir\u00bb de 22 milliards de livres (26 milliards d&rsquo;euros) dans les caisses, qu&rsquo;ils affirment avoir h\u00e9rit\u00e9 des conservateurs. Keir Starmer, dont la popularit\u00e9 a chut\u00e9, a essuy\u00e9 un camouflet d\u00e9but mai, avec la victoire du parti britannique d&rsquo;extr\u00eame droite Reform UK, dirig\u00e9 par Nigel Farage, dans une \u00e9lection l\u00e9gislative partielle en Angleterre, ainsi que sa prise de contr\u00f4le de plusieurs conseils r\u00e9gionaux.<\/p>\n","protected":false},"excerpt":{"rendered":"Le gouvernement travailliste de Keir Starmer avait initialement supprim\u00e9 cette aide pour r\u00e9\u00e9quilibrer les finances publiques. Le revirement&hellip;\n","protected":false},"author":2,"featured_media":163288,"comment_status":"","ping_status":"","sticky":false,"template":"","format":"standard","meta":{"footnotes":""},"categories":[1588],"tags":[339,11,340,343,345,350,130,344,352,349,33,341,313,1777,674,346,342,2581,353,351,347,12,348,473,1853,1851,354,1850,1852],"class_list":{"0":"post-163287","1":"post","2":"type-post","3":"status-publish","4":"format-standard","5":"has-post-thumbnail","7":"category-royaume-uni","8":"tag-actualite-economique","9":"tag-actualites","10":"tag-bourse","11":"tag-cac-40","12":"tag-chef-dentreprise","13":"tag-concurrence","14":"tag-consommation","15":"tag-creation-dentreprise","16":"tag-crise","17":"tag-delocalisations","18":"tag-economie","19":"tag-emploi","20":"tag-entreprises","21":"tag-eu","22":"tag-europe","23":"tag-grands-patrons","24":"tag-impots","25":"tag-keir-starmer","26":"tag-licenciements","27":"tag-monopole","28":"tag-multinationales","29":"tag-news","30":"tag-privatisation","31":"tag-royaume-uni","32":"tag-royaume-uni-de-grande-bretagne-et-dirlande-du-nord","33":"tag-uk","34":"tag-unio","35":"tag-united-kingdom","36":"tag-united-kingdom-of-great-britain-and-northern-ireland"},"share_on_mastodon":{"url":"","error":"Validation failed: Text character limit of 500 exceeded"},"_links":{"self":[{"href":"https:\/\/www.europesays.com\/fr\/wp-json\/wp\/v2\/posts\/163287","targetHints":{"allow":["GET"]}}],"collection":[{"href":"https:\/\/www.europesays.com\/fr\/wp-json\/wp\/v2\/posts"}],"about":[{"href":"https:\/\/www.europesays.com\/fr\/wp-json\/wp\/v2\/types\/post"}],"author":[{"embeddable":true,"href":"https:\/\/www.europesays.com\/fr\/wp-json\/wp\/v2\/users\/2"}],"replies":[{"embeddable":true,"href":"https:\/\/www.europesays.com\/fr\/wp-json\/wp\/v2\/comments?post=163287"}],"version-history":[{"count":0,"href":"https:\/\/www.europesays.com\/fr\/wp-json\/wp\/v2\/posts\/163287\/revisions"}],"wp:featuredmedia":[{"embeddable":true,"href":"https:\/\/www.europesays.com\/fr\/wp-json\/wp\/v2\/media\/163288"}],"wp:attachment":[{"href":"https:\/\/www.europesays.com\/fr\/wp-json\/wp\/v2\/media?parent=163287"}],"wp:term":[{"taxonomy":"category","embeddable":true,"href":"https:\/\/www.europesays.com\/fr\/wp-json\/wp\/v2\/categories?post=163287"},{"taxonomy":"post_tag","embeddable":true,"href":"https:\/\/www.europesays.com\/fr\/wp-json\/wp\/v2\/tags?post=163287"}],"curies":[{"name":"wp","href":"https:\/\/api.w.org\/{rel}","templated":true}]}}