{"id":16330,"date":"2025-04-11T02:14:10","date_gmt":"2025-04-11T02:14:10","guid":{"rendered":"https:\/\/www.europesays.com\/fr\/16330\/"},"modified":"2025-04-11T02:14:10","modified_gmt":"2025-04-11T02:14:10","slug":"la-reaction-imprevisible-de-lex-femme-de-renaud-apres-avoir-ecoute-mistral-gagnant-pour-la-premiere-fois","status":"publish","type":"post","link":"https:\/\/www.europesays.com\/fr\/16330\/","title":{"rendered":"la r\u00e9action impr\u00e9visible de l&rsquo;ex-femme de Renaud apr\u00e8s avoir \u00e9cout\u00e9 Mistral gagnant pour la premi\u00e8re fois"},"content":{"rendered":"<p>Sans elle, pas de Mistral gagnant. Les fans de Renaud ont d\u00e9couvert un nouvel aspect de la chanson \u00e0 succ\u00e8s du chanteur d&rsquo;aujourd&rsquo;hui 72 ans dans le livre rendant hommage au chanteur, Renaud, une vie en chansons, \u00e9crit par Thomas Chaline publi\u00e9 aux \u00e9ditions Hugo Doc en mars dernier. T\u00e9l\u00e9-Loisirs en a r\u00e9v\u00e9l\u00e9 un extrait, selon lequel la chanson Mistral gagnant aurait pu ne jamais \u00eatre diffus\u00e9e sans l\u2019ancienne compagne du chanteur. Dominique Quilichini, qui a v\u00e9cu avec Renaud une relation de 24 ans, a en effet \u00e9cout\u00e9 la chanson en avant-premi\u00e8re. \u00c9crite en 1985, alors que Renaud travaillait en studio \u00e0 Los Angeles, la chanson Mistral Gagnant vient dans la t\u00eate du musicien pendant \u201cune nuit de d\u00e9prime\u201d. Il l\u2019a compos\u00e9e pour le plaisir, et ne pr\u00e9voit alors pas de l\u2019inclure dans son album\u2026 Jusqu\u2019\u00e0 l\u2019intervention de sa compagne !<\/p>\n<p>Lorsqu\u2019il compose Mistral gagnant, Renaud \u00e9crit \u201cune chanson o\u00f9 je m&rsquo;adresse \u00e0 ma fille\u201d. Le chanteur au foulard rouge est en effet devenu papa pour la premi\u00e8re fois le 9 ao\u00fbt 1980, lorsque sa compagne Dominique Quilichini donne naissance \u00e0 leur fille Lolita S\u00e9chan. Lors de l\u2019\u00e9criture de Mistral Gagnant, Lolita a donc 5 ans. Selon le livre, le chanteur a comment\u00e9 : \u201cJe lui raconte les trucs de mon enfance. C&rsquo;est une chanson nostalgique o\u00f9 je me rapproche de mon pass\u00e9\u00a0\u00bb \u2013 une des raisons pour lesquelles il titre le morceau en r\u00e9f\u00e9rence aux bonbons en poudre des ann\u00e9es 1960. Depuis son studio californien, Renaud appelle sa compagne au t\u00e9l\u00e9phone, et lui chante la (&#8230;)<\/p>\n<p>(&#8230;) <a href=\"https:\/\/www.femmeactuelle.fr\/actu\/news-actu\/son-epouse-prise-d-emotion-menace-de-le-quitter-la-drole-de-reaction-de-l-ex-femme-de-renaud-apres-avoir-ecoute-mistral-gagnant-pour-la-premiere-fois-2190692\" rel=\"nofollow noopener\" target=\"_blank\" data-ylk=\"slk:Cliquez ici pour voir la suite;elm:context_link;itc:0;sec:content-canvas\" class=\"link \">Cliquez ici pour voir la suite<\/a><\/p>\n<p><a href=\"https:\/\/www.femmeactuelle.fr\/actu\/news-actu\/renaud-s-est-marie-avec-sa-compagne-cerise-2174994\" rel=\"nofollow noopener\" target=\"_blank\" data-ylk=\"slk:Renaud a \u00e9pous\u00e9 sa compagne Cerise : d\u00e9couvrez les photos du mariage du chanteur de &quot;Mistral gagnant&quot;;elm:context_link;itc:0;sec:content-canvas\" class=\"link \">Renaud a \u00e9pous\u00e9 sa compagne Cerise : d\u00e9couvrez les photos du mariage du chanteur de \u00ab\u00a0Mistral gagnant\u00a0\u00bb<\/a><br \/><a href=\"https:\/\/www.femmeactuelle.fr\/actu\/news-actu\/je-le-dois-aux-filles-une-femme-est-jugee-pour-avoir-brule-la-fille-de-son-ex-compagnon-2186807\" rel=\"nofollow noopener\" target=\"_blank\" data-ylk=\"slk:Une femme est jug\u00e9e pour avoir br\u00fbl\u00e9 la fille de son ex-compagnon;elm:context_link;itc:0;sec:content-canvas\" class=\"link \">Une femme est jug\u00e9e pour avoir br\u00fbl\u00e9 la fille de son ex-compagnon <\/a><br \/><a href=\"https:\/\/www.femmeactuelle.fr\/actu\/news-actu\/roschdy-zem-prend-la-parole-pour-la-premiere-fois-apres-la-condamnation-de-son-frere-pour-tentative-dassassinats-sur-ses-filles-2181058\" rel=\"nofollow noopener\" target=\"_blank\" data-ylk=\"slk:Roschdy Zem prend la parole pour la premi\u00e8re fois apr\u00e8s la condamnation de son fr\u00e8re pour tentative d\u2019assassinats sur ses filles;elm:context_link;itc:0;sec:content-canvas\" class=\"link \">Roschdy Zem prend la parole pour la premi\u00e8re fois apr\u00e8s la condamnation de son fr\u00e8re pour tentative d\u2019assassinats sur ses filles<\/a><br \/><a href=\"https:\/\/www.femmeactuelle.fr\/actu\/news-actu\/il-nous-manquera-eternellement-angelique-la-femme-de-glorian-kabongo-le-brocanteur-daffaire-conclue-prend-la-parole-pour-la-premiere-fois-depuis-son-deces-2189108\" rel=\"nofollow noopener\" target=\"_blank\" data-ylk=\"slk:&quot;Il nous manquera \u00e9ternellement&quot; : Ang\u00e9lique, la femme de Glorian Kabongo, le brocanteur d\u2019Affaire conclue prend la parole pour la premi\u00e8re fois depuis son d\u00e9c\u00e8s;elm:context_link;itc:0;sec:content-canvas\" class=\"link \">\u00ab\u00a0Il nous manquera \u00e9ternellement\u00a0\u00bb : Ang\u00e9lique, la femme de Glorian Kabongo, le brocanteur d\u2019Affaire conclue prend la parole pour la premi\u00e8re fois depuis son d\u00e9c\u00e8s<\/a><br \/><a href=\"https:\/\/www.femmeactuelle.fr\/actu\/news-actu\/proces-de-joel-le-scouarnec-l-ex-chirurgien-avoue-des-abus-sexuels-sur-sa-petite-fille-pour-la-premiere-fois-2188760\" rel=\"nofollow noopener\" target=\"_blank\" data-ylk=\"slk:Proc\u00e8s de Jo\u00ebl Le Scouarnec : l&#039;ex-chirurgien avoue &quot;des abus sexuels&quot; sur sa petite-fille pour la premi\u00e8re fois;elm:context_link;itc:0;sec:content-canvas\" class=\"link \">Proc\u00e8s de Jo\u00ebl Le Scouarnec : l&rsquo;ex-chirurgien avoue \u00ab\u00a0des abus sexuels\u00a0\u00bb sur sa petite-fille pour la premi\u00e8re fois<\/a><\/p>\n","protected":false},"excerpt":{"rendered":"Sans elle, pas de Mistral gagnant. Les fans de Renaud ont d\u00e9couvert un nouvel aspect de la chanson&hellip;\n","protected":false},"author":2,"featured_media":16331,"comment_status":"","ping_status":"","sticky":false,"template":"","format":"standard","meta":{"footnotes":""},"categories":[1355],"tags":[58,6722,59,1011,27,4006,6721,1361,873,1628,6723],"class_list":{"0":"post-16330","1":"post","2":"type-post","3":"status-publish","4":"format-standard","5":"has-post-thumbnail","7":"category-musique","8":"tag-divertissement","9":"tag-dominique-quilichini","10":"tag-entertainment","11":"tag-fr","12":"tag-france","13":"tag-le-chanteur","14":"tag-mistral-gagnant","15":"tag-music","16":"tag-musique","17":"tag-renaud","18":"tag-thomas-chaline"},"share_on_mastodon":{"url":"https:\/\/pubeurope.com\/@fr\/114316919766486911","error":""},"_links":{"self":[{"href":"https:\/\/www.europesays.com\/fr\/wp-json\/wp\/v2\/posts\/16330","targetHints":{"allow":["GET"]}}],"collection":[{"href":"https:\/\/www.europesays.com\/fr\/wp-json\/wp\/v2\/posts"}],"about":[{"href":"https:\/\/www.europesays.com\/fr\/wp-json\/wp\/v2\/types\/post"}],"author":[{"embeddable":true,"href":"https:\/\/www.europesays.com\/fr\/wp-json\/wp\/v2\/users\/2"}],"replies":[{"embeddable":true,"href":"https:\/\/www.europesays.com\/fr\/wp-json\/wp\/v2\/comments?post=16330"}],"version-history":[{"count":0,"href":"https:\/\/www.europesays.com\/fr\/wp-json\/wp\/v2\/posts\/16330\/revisions"}],"wp:featuredmedia":[{"embeddable":true,"href":"https:\/\/www.europesays.com\/fr\/wp-json\/wp\/v2\/media\/16331"}],"wp:attachment":[{"href":"https:\/\/www.europesays.com\/fr\/wp-json\/wp\/v2\/media?parent=16330"}],"wp:term":[{"taxonomy":"category","embeddable":true,"href":"https:\/\/www.europesays.com\/fr\/wp-json\/wp\/v2\/categories?post=16330"},{"taxonomy":"post_tag","embeddable":true,"href":"https:\/\/www.europesays.com\/fr\/wp-json\/wp\/v2\/tags?post=16330"}],"curies":[{"name":"wp","href":"https:\/\/api.w.org\/{rel}","templated":true}]}}