{"id":163303,"date":"2025-06-09T13:11:09","date_gmt":"2025-06-09T13:11:09","guid":{"rendered":"https:\/\/www.europesays.com\/fr\/163303\/"},"modified":"2025-06-09T13:11:09","modified_gmt":"2025-06-09T13:11:09","slug":"andrea-giani-emmene-un-groupe-largement-rajeuni-pour-la-premiere-etape-de-la-ligue-des-nations-au-quebec","status":"publish","type":"post","link":"https:\/\/www.europesays.com\/fr\/163303\/","title":{"rendered":"Andrea Giani emm\u00e8ne un groupe largement rajeuni pour la premi\u00e8re \u00e9tape de la Ligue des nations au Qu\u00e9bec"},"content":{"rendered":"<p>Le groupe des Bleus<\/p>\n<p><b>Passeurs\u00a0:<\/b> Amir Tizi-Oualou (Tourcoing), Anatole Chaboissant (Paris).<br \/><b>Pointus\u00a0:<\/b> Th\u00e9o Faure (Cisterna, ITA), Nathan Feral (Toulouse).<br \/><b>R\u00e9ceptionneurs-attaquants\u00a0:<\/b> Tr\u00e9vor Clevenot (Ankara, TUR), Antoine Pothron (Tours), Mathis Henno (Chaumont), Noa Duflos Rossi (Toulouse), Alexandre Strehlau (Tours).<br \/><b>Centraux\u00a0:<\/b> Fran\u00e7ois Huetz (D\u00fcren, ALL), Mouss\u00e9 Gueye (Piacenza, ITA), Simon Magnin (Poitiers).<br \/><b>Lib\u00e9ros\u00a0:<\/b> Benjamin Diez (Padoue, ITA), Luca Ramon (Tours).<\/p>\n","protected":false},"excerpt":{"rendered":"Le groupe des Bleus Passeurs\u00a0: Amir Tizi-Oualou (Tourcoing), Anatole Chaboissant (Paris).Pointus\u00a0: Th\u00e9o Faure (Cisterna, ITA), Nathan Feral (Toulouse).R\u00e9ceptionneurs-attaquants\u00a0:&hellip;\n","protected":false},"author":2,"featured_media":163304,"comment_status":"","ping_status":"","sticky":false,"template":"","format":"standard","meta":{"footnotes":""},"categories":[1417],"tags":[1011,27,60,1470,1469],"class_list":{"0":"post-163303","1":"post","2":"type-post","3":"status-publish","4":"format-standard","5":"has-post-thumbnail","7":"category-volley","8":"tag-fr","9":"tag-france","10":"tag-sports","11":"tag-volley","12":"tag-volleyball"},"share_on_mastodon":{"url":"https:\/\/pubeurope.com\/@fr\/114653579392684403","error":""},"_links":{"self":[{"href":"https:\/\/www.europesays.com\/fr\/wp-json\/wp\/v2\/posts\/163303","targetHints":{"allow":["GET"]}}],"collection":[{"href":"https:\/\/www.europesays.com\/fr\/wp-json\/wp\/v2\/posts"}],"about":[{"href":"https:\/\/www.europesays.com\/fr\/wp-json\/wp\/v2\/types\/post"}],"author":[{"embeddable":true,"href":"https:\/\/www.europesays.com\/fr\/wp-json\/wp\/v2\/users\/2"}],"replies":[{"embeddable":true,"href":"https:\/\/www.europesays.com\/fr\/wp-json\/wp\/v2\/comments?post=163303"}],"version-history":[{"count":0,"href":"https:\/\/www.europesays.com\/fr\/wp-json\/wp\/v2\/posts\/163303\/revisions"}],"wp:featuredmedia":[{"embeddable":true,"href":"https:\/\/www.europesays.com\/fr\/wp-json\/wp\/v2\/media\/163304"}],"wp:attachment":[{"href":"https:\/\/www.europesays.com\/fr\/wp-json\/wp\/v2\/media?parent=163303"}],"wp:term":[{"taxonomy":"category","embeddable":true,"href":"https:\/\/www.europesays.com\/fr\/wp-json\/wp\/v2\/categories?post=163303"},{"taxonomy":"post_tag","embeddable":true,"href":"https:\/\/www.europesays.com\/fr\/wp-json\/wp\/v2\/tags?post=163303"}],"curies":[{"name":"wp","href":"https:\/\/api.w.org\/{rel}","templated":true}]}}