{"id":163311,"date":"2025-06-09T13:16:09","date_gmt":"2025-06-09T13:16:09","guid":{"rendered":"https:\/\/www.europesays.com\/fr\/163311\/"},"modified":"2025-06-09T13:16:09","modified_gmt":"2025-06-09T13:16:09","slug":"les-supporters-portugais-defendent-cristiano-ronaldo-et-se-moquent-de-franck-ribery","status":"publish","type":"post","link":"https:\/\/www.europesays.com\/fr\/163311\/","title":{"rendered":"les supporters portugais d\u00e9fendent Cristiano Ronaldo et se moquent de Franck Rib\u00e9ry"},"content":{"rendered":"<p><strong>LE SCAN SPORT<\/strong> &#8211; Dimanche, dans les tribunes de l\u2019Allianz Arena, les supporters portugais se sont moqu\u00e9s de Franck Rib\u00e9ry, qui avait r\u00e9pondu am\u00e8rement \u00e0 Cristiano Ronaldo sur le d\u00e9bat du Ballon d\u2019Or.<\/p>\n<p class=\"fig-paragraph\">L\u2019arroseur arros\u00e9\u00a0?\u00a0<a href=\"http:\/\/www.lefigaro.fr\/sports\/football\/ballon-d-or-amer-franck-ribery-repond-a-cristiano-ronaldo-20250608\" data-fig-type=\"NewsFlash\" data-gtm-custom-categorie=\"navigation\" data-gtm-custom-action=\"crossclick\" data-gtm-custom-label=\"Contextuel\" data-gtm-event=\"customEventSPE\" data-fig-domain=\"LEFIGARO\" target=\"_blank\" rel=\"noopener\">Franck Rib\u00e9ry<\/a>\u00a0s\u2019est fait prendre d\u2019assaut dans les tribunes de l\u2019Allianz Arena de Munich par des supporters portugais, ce dimanche, lors de la finale de la Ligue des nations face \u00e0 l\u2019Espagne, remport\u00e9e par la bande de\u00a0<a href=\"http:\/\/www.lefigaro.fr\/sports\/football\/ligue-des-nations\/ligue-des-nations-les-larmes-de-cristiano-ronaldo-apres-le-sacre-du-portugal-en-finale-face-a-l-espagne-20250609\" data-fig-type=\"NewsFlash\" data-gtm-custom-categorie=\"navigation\" data-gtm-custom-action=\"crossclick\" data-gtm-custom-label=\"Contextuel\" data-gtm-event=\"customEventSPE\" data-fig-domain=\"LEFIGARO\" target=\"_blank\" rel=\"noopener\">Cristiano Ronaldo<\/a>\u00a0(2-2, 5-3 t.a.b).<\/p>\n<p class=\"fig-paragraph\">L\u2019actuel joueur d\u2019Al-Nassr avait \u00e9t\u00e9 pris pour cible sur les r\u00e9seaux sociaux par Franck Rib\u00e9ry, apr\u00e8s que l\u2019ancien international fran\u00e7ais lui avait r\u00e9pondu s\u00e8chement quant au grand d\u00e9bat sur le Ballon d\u2019Or, alors que Cristiano Ronaldo avait d\u00e9clar\u00e9 que le vainqueur du graal individuel devait avoir remport\u00e9 la Ligue des champions.<\/p>\n<p class=\"fig-paragraph\">Dimanche, dans les trav\u00e9es bavaroises, les supporters portugais n\u2019ont pas manqu\u00e9 de faire une piq\u00fbre de rappel \u00e0 l\u2019ancien joueur du Bayern Munich. L\u2019ancien international tricolore (81 s\u00e9lections) s\u2019est amus\u00e9 de la sc\u00e8ne et a d\u00e9cid\u00e9 de sortir son t\u00e9l\u00e9phone pour filmer. Un partout, balle au centre.<\/p>\n<p class=\"fig-paragraph\">Pour rappel, en 2013, Cristiano Ronaldo avait remport\u00e9 le prestigieux troph\u00e9e, au grand d\u00e9pit de Franck Rib\u00e9ry, qui sortait d\u2019une saison stratosph\u00e9rique avec le Bayern. Une d\u00e9ception qui aura suivi le Fran\u00e7ais jusqu\u2019\u00e0 la fin de sa carri\u00e8re. Cette saison, le d\u00e9bat enflamme avec d\u2019un c\u00f4t\u00e9 Lamine Yamal,\u00a0<a href=\"http:\/\/www.lefigaro.fr\/sports\/football\/ligue-des-champions\/psg-ousmane-dembele-merite-t-il-le-ballon-d-or-20250602\" data-fig-type=\"Article\" data-gtm-custom-categorie=\"navigation\" data-gtm-custom-action=\"crossclick\" data-gtm-custom-label=\"Contextuel\" data-gtm-event=\"customEventSPE\" data-fig-domain=\"LEFIGARO\" target=\"_blank\" rel=\"noopener\">Ousmane Demb\u00e9l\u00e9<\/a>\u00a0de l\u2019autre.<\/p>\n","protected":false},"excerpt":{"rendered":"LE SCAN SPORT &#8211; Dimanche, dans les tribunes de l\u2019Allianz Arena, les supporters portugais se sont moqu\u00e9s de&hellip;\n","protected":false},"author":2,"featured_media":163312,"comment_status":"","ping_status":"","sticky":false,"template":"","format":"standard","meta":{"footnotes":""},"categories":[1412],"tags":[454,69,448,83,451,13282,64,450,449,1451,1452,1453,1454,1455,1011,27,29617,452,4977,453,66,446,447,70,60,455],"class_list":{"0":"post-163311","1":"post","2":"type-post","3":"status-publish","4":"format-standard","5":"has-post-thumbnail","7":"category-f1","8":"tag-ballon-dor","9":"tag-bundesliga","10":"tag-champions-league","11":"tag-coupe-de-france","12":"tag-coupe-du-monde","13":"tag-cristiano-ronaldo","14":"tag-equipe-de-france","15":"tag-euro","16":"tag-europa-league","17":"tag-f1","18":"tag-formula-1","19":"tag-formula1","20":"tag-formule-1","21":"tag-formule1","22":"tag-fr","23":"tag-france","24":"tag-franck-ribery","25":"tag-italie","26":"tag-le-scan-sport","27":"tag-liga","28":"tag-ligue-1","29":"tag-ligue-2","30":"tag-ligue-des-champions","31":"tag-premier-league","32":"tag-sports","33":"tag-uefa"},"share_on_mastodon":{"url":"https:\/\/pubeurope.com\/@fr\/114653599156475820","error":""},"_links":{"self":[{"href":"https:\/\/www.europesays.com\/fr\/wp-json\/wp\/v2\/posts\/163311","targetHints":{"allow":["GET"]}}],"collection":[{"href":"https:\/\/www.europesays.com\/fr\/wp-json\/wp\/v2\/posts"}],"about":[{"href":"https:\/\/www.europesays.com\/fr\/wp-json\/wp\/v2\/types\/post"}],"author":[{"embeddable":true,"href":"https:\/\/www.europesays.com\/fr\/wp-json\/wp\/v2\/users\/2"}],"replies":[{"embeddable":true,"href":"https:\/\/www.europesays.com\/fr\/wp-json\/wp\/v2\/comments?post=163311"}],"version-history":[{"count":0,"href":"https:\/\/www.europesays.com\/fr\/wp-json\/wp\/v2\/posts\/163311\/revisions"}],"wp:featuredmedia":[{"embeddable":true,"href":"https:\/\/www.europesays.com\/fr\/wp-json\/wp\/v2\/media\/163312"}],"wp:attachment":[{"href":"https:\/\/www.europesays.com\/fr\/wp-json\/wp\/v2\/media?parent=163311"}],"wp:term":[{"taxonomy":"category","embeddable":true,"href":"https:\/\/www.europesays.com\/fr\/wp-json\/wp\/v2\/categories?post=163311"},{"taxonomy":"post_tag","embeddable":true,"href":"https:\/\/www.europesays.com\/fr\/wp-json\/wp\/v2\/tags?post=163311"}],"curies":[{"name":"wp","href":"https:\/\/api.w.org\/{rel}","templated":true}]}}