{"id":163340,"date":"2025-06-09T13:34:12","date_gmt":"2025-06-09T13:34:12","guid":{"rendered":"https:\/\/www.europesays.com\/fr\/163340\/"},"modified":"2025-06-09T13:34:12","modified_gmt":"2025-06-09T13:34:12","slug":"saint-etienne-de-gros-travaux-debutent-dans-ce-quartier-voici-ce-qui-est-prevu","status":"publish","type":"post","link":"https:\/\/www.europesays.com\/fr\/163340\/","title":{"rendered":"Saint-\u00c9tienne. De gros travaux d\u00e9butent dans ce quartier, voici ce qui est pr\u00e9vu"},"content":{"rendered":"<p>            Par<br \/>\n        <strong><br \/>\n            <a href=\"https:\/\/actu.fr\/auteur\/julien-sournies\" title=\"Consulter tous les articles de Julien Sournies\" rel=\"nofollow noopener\" target=\"_blank\">Julien Sournies<\/a><br \/>\n        <\/strong><\/p>\n<p>        Publi\u00e9 le<\/p>\n<p>            9 juin 2025 \u00e0 15h25        <\/p>\n<p>Une toute nouvelle \u00e9tape du projet de renouvellement urbain du <strong>quartier du Soleil<\/strong> vient de d\u00e9buter \u00e0 <a href=\"https:\/\/actu.fr\/saint-etienne\/\" rel=\"nofollow noopener\" target=\"_blank\">Saint-\u00c9tienne<\/a> (<a href=\"https:\/\/actu.fr\/auvergne-rhone-alpes\/loire_42\" rel=\"nofollow noopener\" target=\"_blank\">Loire<\/a>).<\/p>\n<p class=\" wall-content\">Apr\u00e8s une premi\u00e8re phase de d\u00e9pollution, les 18\u2009000\u00a0m2 de l\u2019ilot Beaunier, dont l\u2019objectif est de transformer le site en un \u00ab\u2009en eco-hameau\u00a0bioclimatique\u2009\u00bb, font d\u00e9sormais l\u2019objet <strong>d\u2019importants travaux<\/strong> de surface depuis le lancement du processus de \u00ab\u2009d\u00e9senclavement\u2009\u00bb le lundi 2\u00a0juin 2025.<\/p>\n<p>Des travaux jusqu\u2019en octobre\u00a02026<\/p>\n<p class=\" wall-content\">Dans le d\u00e9tail, la premi\u00e8re phase d\u2019am\u00e9nagement consistera \u00e0 <strong>d\u00e9molir<\/strong> des murs p\u00e9riph\u00e9riques et de <strong>concasser<\/strong> les b\u00e9tons sur site. Selon la municipalit\u00e9, cette \u00e9tape devrait durer jusqu\u2019au 14\u00a0juillet prochain, soit environ un mois.<\/p>\n<p>    <img   decoding=\"async\" loading=\"lazy\" src=\"https:\/\/www.europesays.com\/fr\/wp-content\/uploads\/2025\/06\/plan-travaux-soleil-saint-etienne-960x640.png\" alt=\"sqfvfd\" width=\"960\" height=\"640\"\/><br \/>\n    Voici le plan du futur am\u00e9nagement des espaces publics de l\u2019\u00eelot Beaunier. (\u00a9Ville de Saint-Etienne)<\/p>\n<p class=\" wall-content\">Mais \u00e0 la suite de cette premi\u00e8re phase, l\u2019ilot Beaunier va poursuivre sa transformation. Jusqu\u2019au mois <strong>d\u2019octobre\u00a02026<\/strong>, le secteur va en effet accueillir plusieurs autres chantiers d\u2019am\u00e9nagement.<\/p>\n<p>Vid\u00e9os : en ce moment sur ActuCr\u00e9ation d\u2019un square, am\u00e9nagements paysagers\u2026<\/p>\n<p class=\" wall-content\">Voici ce qui est pr\u00e9vu dans les mois \u00e0 venir\u2009:<\/p>\n<ul class=\" wall-content\">\n<li>La cr\u00e9ation d\u2019un nouveau cheminement nord-sud, depuis le chemin du Bardot, jusqu\u2019\u00e0 la rue Beaunier<\/li>\n<li>La continuit\u00e9 pi\u00e9tonne ouest-est, assur\u00e9e depuis le boulevard Fauriat jusqu\u2019\u00e0 l\u2019impasse Souli\u00e9<\/li>\n<li>La cr\u00e9ation du square Beaunier, espace vert avec de nombreux jeux pour enfants \u00e0 proximit\u00e9 de la Maison de quartier du Soleil<\/li>\n<li>Les am\u00e9nagements paysagers avec des plantations d\u2019arbres et la mise en place d\u2019un ilot de fraicheur avec gestion int\u00e9gr\u00e9e de l\u2019eau Plusieurs phases de travaux sont programm\u00e9es.<\/li>\n<\/ul>\n<p class=\" wall-content\">Et forc\u00e9ment, qui dit travaux, dit potentielles nuisances sonores. Face \u00e0 cette probl\u00e9matique, la mairie tient toutefois \u00e0 <strong>rassurer<\/strong> que \u00ab\u2009Cap M\u00e9tropole (le mandataire, NDLR) et les entreprises s\u2019efforceront de minimiser les nuisances li\u00e9es au bruit et \u00e0 la poussi\u00e8re li\u00e9es au chantier d\u2019am\u00e9nagement\u2009\u00bb.<\/p>\n<p class=\" wall-content\">Suivez toute l\u2019actualit\u00e9 de vos villes et m\u00e9dias favoris en vous inscrivant \u00e0 <a href=\"https:\/\/moncompte.actu.fr\" title=\"D\u00e9couvez Mon Actu\" rel=\"nofollow noopener\" data-trk=\"{&quot;cta&quot;:{&quot;action&quot;:&quot;https:\\\/\\\/moncompte.actu.fr&quot;,&quot;category&quot;:&quot;mon compte&quot;,&quot;from&quot;:&quot;article footer&quot;,&quot;name&quot;:&quot;Mon actu&quot;,&quot;type&quot;:&quot;cta&quot;}}\" target=\"_blank\">Mon Actu<\/a>.<\/p>\n","protected":false},"excerpt":{"rendered":"Par Julien Sournies Publi\u00e9 le 9 juin 2025 \u00e0 15h25 Une toute nouvelle \u00e9tape du projet de renouvellement&hellip;\n","protected":false},"author":2,"featured_media":163341,"comment_status":"","ping_status":"","sticky":false,"template":"","format":"standard","meta":{"footnotes":""},"categories":[9653],"tags":[1111,11,2430,1777,674,1011,27,1116,12,25,4001,104,2086],"class_list":{"0":"post-163340","1":"post","2":"type-post","3":"status-publish","4":"format-standard","5":"has-post-thumbnail","7":"category-saint-etienne","8":"tag-actu","9":"tag-actualites","10":"tag-auvergne-rhone-alpes","11":"tag-eu","12":"tag-europe","13":"tag-fr","14":"tag-france","15":"tag-immobilier","16":"tag-news","17":"tag-republique-francaise","18":"tag-saint-etienne","19":"tag-societe","20":"tag-travaux"},"share_on_mastodon":{"url":"https:\/\/pubeurope.com\/@fr\/114653669952983897","error":""},"_links":{"self":[{"href":"https:\/\/www.europesays.com\/fr\/wp-json\/wp\/v2\/posts\/163340","targetHints":{"allow":["GET"]}}],"collection":[{"href":"https:\/\/www.europesays.com\/fr\/wp-json\/wp\/v2\/posts"}],"about":[{"href":"https:\/\/www.europesays.com\/fr\/wp-json\/wp\/v2\/types\/post"}],"author":[{"embeddable":true,"href":"https:\/\/www.europesays.com\/fr\/wp-json\/wp\/v2\/users\/2"}],"replies":[{"embeddable":true,"href":"https:\/\/www.europesays.com\/fr\/wp-json\/wp\/v2\/comments?post=163340"}],"version-history":[{"count":0,"href":"https:\/\/www.europesays.com\/fr\/wp-json\/wp\/v2\/posts\/163340\/revisions"}],"wp:featuredmedia":[{"embeddable":true,"href":"https:\/\/www.europesays.com\/fr\/wp-json\/wp\/v2\/media\/163341"}],"wp:attachment":[{"href":"https:\/\/www.europesays.com\/fr\/wp-json\/wp\/v2\/media?parent=163340"}],"wp:term":[{"taxonomy":"category","embeddable":true,"href":"https:\/\/www.europesays.com\/fr\/wp-json\/wp\/v2\/categories?post=163340"},{"taxonomy":"post_tag","embeddable":true,"href":"https:\/\/www.europesays.com\/fr\/wp-json\/wp\/v2\/tags?post=163340"}],"curies":[{"name":"wp","href":"https:\/\/api.w.org\/{rel}","templated":true}]}}