{"id":163342,"date":"2025-06-09T13:36:25","date_gmt":"2025-06-09T13:36:25","guid":{"rendered":"https:\/\/www.europesays.com\/fr\/163342\/"},"modified":"2025-06-09T13:36:25","modified_gmt":"2025-06-09T13:36:25","slug":"football-8e-de-finale-de-la-coupe-du-grand-est-un-derby-luneville","status":"publish","type":"post","link":"https:\/\/www.europesays.com\/fr\/163342\/","title":{"rendered":"Football. 8e de finale de la coupe du Grand Est : un derby Lun\u00e9ville"},"content":{"rendered":"<p>  <strong>Coupe du Grand Est senior masculin<\/strong><\/p>\n<p>En huiti\u00e8mes de finale, on aura doit \u00e0 un derby entre Lun\u00e9ville et la r\u00e9serve de l&rsquo;ASNL. Petit Poucet de l&rsquo;\u00e9preuve, Bl\u00e9nod recevra Cormontreuil (R1). Enfin, Neuves-Maisons se d\u00e9placera dans les Ardennes pour y affronter la r\u00e9serve de l&rsquo;Olympique Charleville\/Prix-les-M\u00e9zi\u00e8res 2 (R2).<\/p>\n<p><strong>Le tirage des 8e de finale de la coupe du Grand Est senior masculin \u00a0:<\/strong><\/p>\n<p><strong>Groupe A<\/strong><\/p>\n<p>Bl\u00e9nod (R3) &#8211; Cormontreuil (R1)<\/p>\n<p>Lun\u00e9ville (R1) &#8211; AS Nancy Lorraine 2 (R1)<\/p>\n<p>Villerupt (R1) &#8211; Chaumont (R1)<\/p>\n<p>Olympique Charleville Prix les M. 2 (R2) &#8211; Neuves-Maisons (R1)<\/p>\n<p><strong>Groupe B<\/strong><\/p>\n<p>Weyersheim (R1) &#8211; Hombourg-Haut (R1)<\/p>\n<p>Colmar 2 (R1) &#8211; Achent Ettinf (R2)<\/p>\n<p>Freyming (R2) &#8211; Koetzingue (R1)<\/p>\n<p>Boulayt (R2) &#8211; Still Mutzig (R1)<\/p>\n<p>  <strong>Coupe du Grand Est f\u00e9minine<\/strong><\/p>\n<p><strong>\u00a0<\/strong>Tirage difficile pour l&rsquo;ASNL qui se rendra \u00e0 Strasbourg pour y d\u00e9fier la r\u00e9serve du Racing. Soit le remake de la finale 2024.<\/p>\n<p><strong>Le tirage des quarts de finale de la coupe du Grand Est f\u00e9minine :<\/strong><\/p>\n<p>Molsheim (R1) &#8211; Musau Strasbourg (R1)<\/p>\n<p>Schiltigheim (R2) &#8211; JS Vaudoise (R2)<\/p>\n<p>Racing Strasbourg 2 (R1) &#8211; AS Nancy Lorraine (R1)<\/p>\n<p>Amn\u00e9ville (R1) &#8211; Troyes (R1)<\/p>\n","protected":false},"excerpt":{"rendered":"Coupe du Grand Est senior masculin En huiti\u00e8mes de finale, on aura doit \u00e0 un derby entre Lun\u00e9ville&hellip;\n","protected":false},"author":2,"featured_media":163343,"comment_status":"","ping_status":"","sticky":false,"template":"","format":"standard","meta":{"footnotes":""},"categories":[9635],"tags":[1111,11,27102,3602,1707,1704,1706,1705,10174,1777,674,107,1701,1795,63,1011,27,775,10634,1702,9847,12,25,517,1700],"class_list":{"0":"post-163342","1":"post","2":"type-post","3":"status-publish","4":"format-standard","5":"has-post-thumbnail","7":"category-nancy","8":"tag-actu","9":"tag-actualites","10":"tag-blenod-les-pont-a-mousson","11":"tag-edition-bar-le-duc","12":"tag-edition-luneville","13":"tag-edition-nancy-et-agglomeration","14":"tag-edition-pont-a-mousson","15":"tag-edition-toul","16":"tag-edition-verdun","17":"tag-eu","18":"tag-europe","19":"tag-fil-info","20":"tag-fil-info-sport","21":"tag-fil-web","22":"tag-football","23":"tag-fr","24":"tag-france","25":"tag-grand-est","26":"tag-luneville","27":"tag-nancy","28":"tag-neuves-maisons","29":"tag-news","30":"tag-republique-francaise","31":"tag-sport","32":"tag-sport-lorrain"},"share_on_mastodon":{"url":"https:\/\/pubeurope.com\/@fr\/114653677692961337","error":""},"_links":{"self":[{"href":"https:\/\/www.europesays.com\/fr\/wp-json\/wp\/v2\/posts\/163342","targetHints":{"allow":["GET"]}}],"collection":[{"href":"https:\/\/www.europesays.com\/fr\/wp-json\/wp\/v2\/posts"}],"about":[{"href":"https:\/\/www.europesays.com\/fr\/wp-json\/wp\/v2\/types\/post"}],"author":[{"embeddable":true,"href":"https:\/\/www.europesays.com\/fr\/wp-json\/wp\/v2\/users\/2"}],"replies":[{"embeddable":true,"href":"https:\/\/www.europesays.com\/fr\/wp-json\/wp\/v2\/comments?post=163342"}],"version-history":[{"count":0,"href":"https:\/\/www.europesays.com\/fr\/wp-json\/wp\/v2\/posts\/163342\/revisions"}],"wp:featuredmedia":[{"embeddable":true,"href":"https:\/\/www.europesays.com\/fr\/wp-json\/wp\/v2\/media\/163343"}],"wp:attachment":[{"href":"https:\/\/www.europesays.com\/fr\/wp-json\/wp\/v2\/media?parent=163342"}],"wp:term":[{"taxonomy":"category","embeddable":true,"href":"https:\/\/www.europesays.com\/fr\/wp-json\/wp\/v2\/categories?post=163342"},{"taxonomy":"post_tag","embeddable":true,"href":"https:\/\/www.europesays.com\/fr\/wp-json\/wp\/v2\/tags?post=163342"}],"curies":[{"name":"wp","href":"https:\/\/api.w.org\/{rel}","templated":true}]}}