{"id":163351,"date":"2025-06-09T13:47:10","date_gmt":"2025-06-09T13:47:10","guid":{"rendered":"https:\/\/www.europesays.com\/fr\/163351\/"},"modified":"2025-06-09T13:47:10","modified_gmt":"2025-06-09T13:47:10","slug":"grenoble-tensions-autour-du-stade-des-alpes-la-colere-monte-la-metropole-reve","status":"publish","type":"post","link":"https:\/\/www.europesays.com\/fr\/163351\/","title":{"rendered":"Grenoble. Tensions autour du stade des Alpes, la col\u00e8re monte : \u00ab\u00a0La M\u00e9tropole r\u00eave\u00a0\u00bb"},"content":{"rendered":"<p>            Par<br \/>\n        <strong><br \/>\n            <a href=\"https:\/\/actu.fr\/auteur\/lisa-rodrigues\" title=\"Consulter tous les articles de Lisa Rodrigues\" target=\"_blank\" rel=\"noopener\">Lisa Rodrigues<\/a><br \/>\n        <\/strong><\/p>\n<p>        Publi\u00e9 le<\/p>\n<p>            9 juin 2025 \u00e0 14h44        <\/p>\n<p>Cette fois, c\u2019est act\u00e9. \u00c0 partir du 29 juin, <a href=\"https:\/\/actu.fr\/tag\/grenoble-alpes-metropole\" target=\"_blank\" rel=\"noopener\">Grenoble-Alpes M\u00e9tropole<\/a> <strong>reprend la main sur la gestion du stade des Alpes<\/strong>, dont elle est propri\u00e9taire. Depuis novembre 2020, l\u2019\u00e9quipement \u00e9tait g\u00e9r\u00e9 par GAS (Grenoble Alpes Sport), soci\u00e9t\u00e9 dont les deux principaux clubs utilisateurs des lieux \u2013 <a href=\"https:\/\/actu.fr\/auvergne-rhone-alpes\/grenoble_38185\/finale-pro-d2-j-ai-l-impression-qu-on-n-y-arrivera-jamais-le-desarroi-touchant-de-romain-trouilloud_62744675.html\" target=\"_blank\" rel=\"noopener\">FC Grenoble Rugby<\/a> et le Grenoble Foot 38 \u2013 sont actionnaires.<br \/>Probl\u00e8me : <strong>aucun accord<\/strong> entre les parties n\u2019a \u00e9t\u00e9 trouv\u00e9 pour la poursuite de la collaboration, GAS \u00e9tant en cessation de paiement. Les \u00e9lus ont donc vot\u00e9 la reprise du stade en r\u00e9gie lors du dernier conseil m\u00e9tropolitain, vendredi 6 juin.<br \/>Mais cela ne devrait pas signer la fin du <strong>bras de fer<\/strong> entre les clubs et la M\u00e9tropole\u2026<\/p>\n<p>D\u00e9s\u00e9quilibre financier<\/p>\n<p class=\" wall-content\">D\u00e8s le vendredi soir, la M\u00e9tropole expliquait, par voie de dossier de presse, sa d\u00e9cision de reprendre en r\u00e9gie la gestion du stade des Alpes \u00ab\u00a0dans un souci de responsabilit\u00e9\u00a0\u00bb.\u00a0<\/p>\n<blockquote class=\"ac-article-quote wall-content\">\n<p>Les clubs ont formul\u00e9 plusieurs propositions. Au total, celles-ci impliquaient pour la M\u00e9tropole d\u2019augmenter son soutien \u00e0 Grenoble Alpes Sports et aux deux clubs \u00e0 hauteur de 800 000 \u20ac suppl\u00e9mentaires par an. Les clubs ont justifi\u00e9 cette augmentation par leur intention de ne pas payer plus de 5 000 \u20ac par match.<\/p>\n<p>    <strong>Grenoble-Alpes M\u00e9tropole<\/strong>\n            <\/p><\/blockquote>\n<p class=\" wall-content\">\u00c0 cela, il faut aussi ajouter la <strong>dette de 2 M \u20ac<\/strong> de la soci\u00e9t\u00e9 \u00e0 la Grenoble-Alpes M\u00e9tropole, \u00ab\u00a01M \u20ac de factures non pay\u00e9es au titre de la saison 2023-2024, auquel s\u2019ajoutera 1M \u20ac le 30 juin 2025 au titre de l\u2019actuelle saison 2024-2025\u00a0\u00bb.<\/p>\n<p class=\" wall-content\">Toujours selon la collectivit\u00e9, elle rappelle aussi avoir vers\u00e9 2,5 M \u20ac pour \u00ab\u00a0aider \u00e0 l\u2019\u00e9quilibre financier\u00a0\u00bb de GAS et pour r\u00e9aliser les travaux de r\u00e9novation du stade des Alpes.<\/p>\n<p>\u00ab\u00a0Des risques judiciaires et financiers\u00a0\u00bb<\/p>\n<p class=\" wall-content\">Des chiffres qui font bondir Patrick Goffi, pr\u00e9sident du FCG. Certes, la <a href=\"https:\/\/actu.fr\/auvergne-rhone-alpes\/grenoble_38185\/grenoble-le-stade-des-alpes-un-gouffre-financier-sa-gestion-fait-debat_62302861.html\" target=\"_blank\" rel=\"noopener\">soci\u00e9t\u00e9 GAS va d\u00e9poser le bilan<\/a>. \u00ab\u00a0Un mandataire judiciaire a \u00e9t\u00e9 nomm\u00e9 par le tribunal de commerce de Grenoble\u00a0\u00bb dans ce cadre, pr\u00e9cise-t-il \u00e0 actu Grenoble.\u00a0<\/p>\n<p class=\" wall-content\">Mais lors d\u2019une r\u00e9union le 5 juin avec la M\u00e9tropole \u2013 soit la veille du vote en conseil m\u00e9tropolitain -, \u00ab\u00a0le mandataire leur a clairement annonc\u00e9 qu\u2019il y avait des risques judiciaires et financiers\u00a0\u00bb si la gestion du stade repassait en r\u00e9gie. Car, selon les conclusions du mandataire, des clauses de la pr\u00e9c\u00e9dente convention de gestion du stade n\u2019auraient pas \u00e9t\u00e9 respect\u00e9es par la M\u00e9tropole, affirme le pr\u00e9sident.\u00a0<\/p>\n<p class=\" wall-content\">Alors Patrick Goffi l\u2019annonce, \u00ab\u00a0maintenant, <strong>on va passer \u00e0 la vitesse sup\u00e9rieure<\/strong>\u00a0\u00bb et n\u2019exclut pas de basculer \u00ab\u00a0sur le temps judiciaire.\u00a0\u00bb \u00ab\u00a0On fera ce que dit le mandataire\u00a0\u00bb, qui devrait prochainement porter ces irr\u00e9gularit\u00e9s devant la justice.\u00a0<\/p>\n<p>Et pour la saison prochaine ?<\/p>\n<p class=\" wall-content\">Le passage en r\u00e9gie ne pose pas vraiment probl\u00e8me aux clubs en soi. \u00ab\u00a0C\u2019est le choix de la M\u00e9tropole et je le respecte, assure Patrick Goffi. Mais l\u00e0 o\u00f9 elle r\u00eave, c\u2019est sur les loyers qu\u2019ils veulent augmenter. En r\u00e9gie, vous avez des r\u00e8gles \u00e0 respecter\u00a0\u00bb sur la m\u00e9thode de calcul de mise \u00e0 disposition des \u00e9quipements \u00e0 des associations. \u00ab\u00a0Les conditions, ce ne sont pas \u00e0 eux de les d\u00e9finir.\u00a0\u00bb<\/p>\n<p class=\" wall-content\">L\u00e0 aussi, le pr\u00e9sident affirme qu\u2019il sera particuli\u00e8rement attentif lors des n\u00e9gociations. \u00ab\u00a0<strong>Je serai leur pire cauchemar !<\/strong> Avec le foot, on est l\u00e0 pour d\u00e9fendre les int\u00e9r\u00eats du sport de haut niveau, pour qu\u2019il y ait du sport de haut niveau \u00e0 <a href=\"https:\/\/actu.fr\/auvergne-rhone-alpes\/grenoble_38185\" target=\"_blank\" rel=\"noopener\">Grenoble<\/a>, comme dans toutes les grandes villes.\u00a0\u00bb<\/p>\n<p class=\" wall-content\">Et si ces n\u00e9gociations tombent elles aussi \u00e0 l\u2019eau, peut-on imaginer que le FC Grenoble Rugby et le Grenoble Foot 38 ne puissent plus jouer au stade des Alpes la saison prochaine ?<\/p>\n<p class=\" wall-content\">\u00ab\u00a0Les n\u00e9gociations avec les clubs sur les conditions d\u2019occupation du stade se poursuivront en juin et juillet, afin de <strong>pr\u00e9parer au mieux la future saison 2025-2026<\/strong>, et de pouvoir accueillir les joueurs et le public dans la plus belle enceinte sportive des Alpes d\u00e8s la rentr\u00e9e\u00a0\u00bb, assure, de son c\u00f4t\u00e9, Grenoble Alpes M\u00e9tropole dans son communiqu\u00e9.<\/p>\n<p class=\" wall-content\">Suivez toute l\u2019actualit\u00e9 de vos villes et m\u00e9dias favoris en vous inscrivant \u00e0 <a href=\"https:\/\/moncompte.actu.fr\" title=\"D\u00e9couvez Mon Actu\" rel=\"nofollow noopener\" data-trk=\"{&quot;cta&quot;:{&quot;action&quot;:&quot;https:\\\/\\\/moncompte.actu.fr&quot;,&quot;category&quot;:&quot;mon compte&quot;,&quot;from&quot;:&quot;article footer&quot;,&quot;name&quot;:&quot;Mon actu&quot;,&quot;type&quot;:&quot;cta&quot;}}\" target=\"_blank\">Mon Actu<\/a>.<\/p>\n<ul class=\"ac-article-tag wall-content\">\n<li><a href=\"https:\/\/actu.fr\/tag\/grenoble-alpes-metropole\" data-trk=\"{&quot;cta&quot;:{&quot;action&quot;:&quot;Grenoble-Alpes M\\u00e9tropole&quot;,&quot;category&quot;:&quot;tag&quot;,&quot;from&quot;:&quot;article footer&quot;,&quot;name&quot;:&quot;Grenoble-Alpes M\\u00e9tropole&quot;,&quot;type&quot;:&quot;cta&quot;}}\" target=\"_blank\" rel=\"noopener\">#Grenoble-Alpes M\u00e9tropole<\/a><\/li>\n<li><a href=\"https:\/\/actu.fr\/tag\/sport\" data-trk=\"{&quot;cta&quot;:{&quot;action&quot;:&quot;sport&quot;,&quot;category&quot;:&quot;tag&quot;,&quot;from&quot;:&quot;article footer&quot;,&quot;name&quot;:&quot;sport&quot;,&quot;type&quot;:&quot;cta&quot;}}\" target=\"_blank\" rel=\"noopener\">#sport<\/a><\/li>\n<\/ul>\n","protected":false},"excerpt":{"rendered":"Par Lisa Rodrigues Publi\u00e9 le 9 juin 2025 \u00e0 14h44 Cette fois, c\u2019est act\u00e9. \u00c0 partir du 29&hellip;\n","protected":false},"author":2,"featured_media":163352,"comment_status":"","ping_status":"","sticky":false,"template":"","format":"standard","meta":{"footnotes":""},"categories":[9566],"tags":[1111,11,2430,1777,674,1011,27,2731,19692,12,25,104,517],"class_list":{"0":"post-163351","1":"post","2":"type-post","3":"status-publish","4":"format-standard","5":"has-post-thumbnail","7":"category-grenoble","8":"tag-actu","9":"tag-actualites","10":"tag-auvergne-rhone-alpes","11":"tag-eu","12":"tag-europe","13":"tag-fr","14":"tag-france","15":"tag-grenoble","16":"tag-grenoble-alpes-metropole","17":"tag-news","18":"tag-republique-francaise","19":"tag-societe","20":"tag-sport"},"share_on_mastodon":{"url":"https:\/\/pubeurope.com\/@fr\/114653720903958926","error":""},"_links":{"self":[{"href":"https:\/\/www.europesays.com\/fr\/wp-json\/wp\/v2\/posts\/163351","targetHints":{"allow":["GET"]}}],"collection":[{"href":"https:\/\/www.europesays.com\/fr\/wp-json\/wp\/v2\/posts"}],"about":[{"href":"https:\/\/www.europesays.com\/fr\/wp-json\/wp\/v2\/types\/post"}],"author":[{"embeddable":true,"href":"https:\/\/www.europesays.com\/fr\/wp-json\/wp\/v2\/users\/2"}],"replies":[{"embeddable":true,"href":"https:\/\/www.europesays.com\/fr\/wp-json\/wp\/v2\/comments?post=163351"}],"version-history":[{"count":0,"href":"https:\/\/www.europesays.com\/fr\/wp-json\/wp\/v2\/posts\/163351\/revisions"}],"wp:featuredmedia":[{"embeddable":true,"href":"https:\/\/www.europesays.com\/fr\/wp-json\/wp\/v2\/media\/163352"}],"wp:attachment":[{"href":"https:\/\/www.europesays.com\/fr\/wp-json\/wp\/v2\/media?parent=163351"}],"wp:term":[{"taxonomy":"category","embeddable":true,"href":"https:\/\/www.europesays.com\/fr\/wp-json\/wp\/v2\/categories?post=163351"},{"taxonomy":"post_tag","embeddable":true,"href":"https:\/\/www.europesays.com\/fr\/wp-json\/wp\/v2\/tags?post=163351"}],"curies":[{"name":"wp","href":"https:\/\/api.w.org\/{rel}","templated":true}]}}