{"id":163353,"date":"2025-06-09T13:51:08","date_gmt":"2025-06-09T13:51:08","guid":{"rendered":"https:\/\/www.europesays.com\/fr\/163353\/"},"modified":"2025-06-09T13:51:08","modified_gmt":"2025-06-09T13:51:08","slug":"ce-quil-faut-savoir-de-cet-exercice","status":"publish","type":"post","link":"https:\/\/www.europesays.com\/fr\/163353\/","title":{"rendered":"ce qu&rsquo;il faut savoir de cet exercice"},"content":{"rendered":"<p>            Par<br \/>\n        <strong><br \/>\n            <a href=\"https:\/\/actu.fr\/auteur\/ivan-capecchi\" title=\"Consulter tous les articles de Ivan CAPECCHI\" rel=\"nofollow noopener\" target=\"_blank\">Ivan CAPECCHI<\/a><br \/>\n        <\/strong><\/p>\n<p>        Publi\u00e9 le<\/p>\n<p>            9 juin 2025 \u00e0 15h40<br \/>\n        ; mis \u00e0 jour le 9 juin 2025 \u00e0 15h41    <\/p>\n<p>Un entra\u00eenement d\u2019envergure aura lieu ce mercredi 11 juin 2025, entre 13h et 18h, dans le <a href=\"https:\/\/actu.fr\/grand-est\/bas-rhin_67\" rel=\"nofollow noopener\" target=\"_blank\">Bas-Rhin<\/a>.<\/p>\n<p class=\" wall-content\">Coordonn\u00e9 par la pr\u00e9fecture, cet<strong> exercice de s\u00e9curit\u00e9 civile \u00ab Nombreuses Victimes \u00bb<\/strong> mobilisera un large dispositif op\u00e9rationnel.<\/p>\n<p>La police, les pompiers ou le Samu mobilis\u00e9s<\/p>\n<p class=\" wall-content\">Organis\u00e9 sur le campus universitaire d\u2019<a href=\"https:\/\/actu.fr\/grand-est\/illkirch-graffenstaden_67218\/le-mystere-autour-de-l-explosion-a-illkirch-s-epaissit-on-veut-savoir-ce-qu-il-se-passe-dans-notre-ville_61589579.html\" rel=\"nofollow noopener\" target=\"_blank\">Illkirch-Graffenstaden<\/a>, l\u2019exercice impliquera la <strong>police nationale<\/strong>, les <a href=\"https:\/\/actu.fr\/tag\/pompiers\" rel=\"nofollow noopener\" target=\"_blank\">pompiers<\/a>, le <strong>Samu<\/strong>, les <strong>h\u00f4pitaux<\/strong>, le <strong>Crous<\/strong>, la <strong>mairie d\u2019Illkirch<\/strong>, le <strong>parquet de Strasbour<\/strong>g, ainsi que des <strong>associations agr\u00e9\u00e9es de s\u00e9curit\u00e9 civile<\/strong>.<\/p>\n<p class=\" wall-content\">De nombreuses unit\u00e9s d\u2019intervention seront visibles et <strong>des fausses fum\u00e9es utilis\u00e9es<\/strong> pour renforcer le r\u00e9alisme.<\/p>\n<p class=\" wall-content\">Objectif : <strong>tester la coordination des acteurs de la s\u00e9curit\u00e9 en conditions proches d\u2019une crise r\u00e9elle<\/strong>, afin d\u2019am\u00e9liorer les proc\u00e9dures de r\u00e9ponse.<\/p>\n<p>Des perturbations de circulations \u00e0 pr\u00e9voir<\/p>\n<p class=\" wall-content\">L\u2019op\u00e9ration entra\u00eenera \u00ab\u00a0<strong>des restrictions<\/strong> de <a href=\"https:\/\/actu.fr\/tag\/circulation\" rel=\"nofollow noopener\" target=\"_blank\">circulation<\/a> et de <a href=\"https:\/\/actu.fr\/tag\/stationnement\" rel=\"nofollow noopener\" target=\"_blank\">stationnement<\/a> aux abords et au sein du campus\u00a0\u00bb, fait savoir la pr\u00e9fecture dans un communiqu\u00e9.<\/p>\n<p class=\" wall-content\">Cette derni\u00e8re rappelle que ce type d\u2019exercice est r\u00e9guli\u00e8rement organis\u00e9.\u00a0<\/p>\n<p class=\" wall-content\">Suivez toute l\u2019actualit\u00e9 de vos villes et m\u00e9dias favoris en vous inscrivant \u00e0 <a href=\"https:\/\/moncompte.actu.fr\" title=\"D\u00e9couvez Mon Actu\" rel=\"nofollow noopener\" data-trk=\"{&quot;cta&quot;:{&quot;action&quot;:&quot;https:\\\/\\\/moncompte.actu.fr&quot;,&quot;category&quot;:&quot;mon compte&quot;,&quot;from&quot;:&quot;article footer&quot;,&quot;name&quot;:&quot;Mon actu&quot;,&quot;type&quot;:&quot;cta&quot;}}\" target=\"_blank\">Mon Actu<\/a>.<\/p>\n","protected":false},"excerpt":{"rendered":"Par Ivan CAPECCHI Publi\u00e9 le 9 juin 2025 \u00e0 15h40 ; mis \u00e0 jour le 9 juin 2025&hellip;\n","protected":false},"author":2,"featured_media":163354,"comment_status":"","ping_status":"","sticky":false,"template":"","format":"standard","meta":{"footnotes":""},"categories":[2820],"tags":[1111,11,1777,674,1011,27,775,12,1072,1311,25,104,640],"class_list":{"0":"post-163353","1":"post","2":"type-post","3":"status-publish","4":"format-standard","5":"has-post-thumbnail","7":"category-strasbourg","8":"tag-actu","9":"tag-actualites","10":"tag-eu","11":"tag-europe","12":"tag-fr","13":"tag-france","14":"tag-grand-est","15":"tag-news","16":"tag-police","17":"tag-pompiers","18":"tag-republique-francaise","19":"tag-societe","20":"tag-strasbourg"},"share_on_mastodon":{"url":"https:\/\/pubeurope.com\/@fr\/114653736718670101","error":""},"_links":{"self":[{"href":"https:\/\/www.europesays.com\/fr\/wp-json\/wp\/v2\/posts\/163353","targetHints":{"allow":["GET"]}}],"collection":[{"href":"https:\/\/www.europesays.com\/fr\/wp-json\/wp\/v2\/posts"}],"about":[{"href":"https:\/\/www.europesays.com\/fr\/wp-json\/wp\/v2\/types\/post"}],"author":[{"embeddable":true,"href":"https:\/\/www.europesays.com\/fr\/wp-json\/wp\/v2\/users\/2"}],"replies":[{"embeddable":true,"href":"https:\/\/www.europesays.com\/fr\/wp-json\/wp\/v2\/comments?post=163353"}],"version-history":[{"count":0,"href":"https:\/\/www.europesays.com\/fr\/wp-json\/wp\/v2\/posts\/163353\/revisions"}],"wp:featuredmedia":[{"embeddable":true,"href":"https:\/\/www.europesays.com\/fr\/wp-json\/wp\/v2\/media\/163354"}],"wp:attachment":[{"href":"https:\/\/www.europesays.com\/fr\/wp-json\/wp\/v2\/media?parent=163353"}],"wp:term":[{"taxonomy":"category","embeddable":true,"href":"https:\/\/www.europesays.com\/fr\/wp-json\/wp\/v2\/categories?post=163353"},{"taxonomy":"post_tag","embeddable":true,"href":"https:\/\/www.europesays.com\/fr\/wp-json\/wp\/v2\/tags?post=163353"}],"curies":[{"name":"wp","href":"https:\/\/api.w.org\/{rel}","templated":true}]}}