{"id":163357,"date":"2025-06-09T13:53:10","date_gmt":"2025-06-09T13:53:10","guid":{"rendered":"https:\/\/www.europesays.com\/fr\/163357\/"},"modified":"2025-06-09T13:53:10","modified_gmt":"2025-06-09T13:53:10","slug":"un-faux-macron-sert-des-poissons-pourris-a-nice-des-militants-denoncent-devant-le-negresco-la-peche-au-chalut-au-1er-jour-du-sommet-de-locean","status":"publish","type":"post","link":"https:\/\/www.europesays.com\/fr\/163357\/","title":{"rendered":"Un faux Macron sert des poissons pourris \u00e0 Nice: des militants d\u00e9noncent devant le Negresco la p\u00eache au chalut au 1er jour du sommet de l\u2019Oc\u00e9an"},"content":{"rendered":"<p>Le jeune homme rev\u00eatant un masque de merlan d\u00e9capit\u00e9 s\u2019est encanaill\u00e9 avec un sosie de Captain Iglo, ravi de \u00ab\u00a0vendre ses fameux b\u00e2tonnets de poissons pan\u00e9s\u00a0\u00bb aux gendarmes s\u2019essayant \u00e0 un contr\u00f4le d\u2019identit\u00e9. \u00ab\u00a0Ils sont plus d\u2019une trentaine d\u2019uniformes pour un plateau de poissons pourris, il n\u2019y en aura pas pour tout le monde\u00a0\u00bb, pr\u00e9vient une activiste narquoise.<\/p>\n<p>En face de l\u2019h\u00f4tel de luxe, l\u2019important dispositif de s\u00e9curit\u00e9 ne go\u00fbte pas la plaisanterie. La s\u00e9ance photo avec les journalistes et les touristes interloqu\u00e9s tourne court. Les joyeux drilles porteurs d\u2019un triste message sont exfiltr\u00e9s de la plage. Fin de la pi\u00e8ce de th\u00e9\u00e2tre.<\/p>\n<p>                                <strong>Un maire de Polyn\u00e9sie abonde<\/strong><\/p>\n<p>\u00ab\u00a0Mais \u00e7a n\u2019est pas que du spectacle\u00a0\u00bb, interrompt un passant. C\u2019est Fernand Tahiata, maire de Tubua, une \u00eele de Polyn\u00e9sie fran\u00e7aise. \u00ab\u00a0Dans notre archipel, depuis toujours, nous vivons en harmonie avec l\u2019oc\u00e9an. Nous d\u00e9pendons \u00e9norm\u00e9ment de la p\u00eache artisanale. Mais aujourd\u2019hui, cet \u00e9quilibre est menac\u00e9 par la p\u00eache industrielle. Nous avons travers\u00e9 le monde pour emp\u00eacher l\u2019irr\u00e9parable.\u00a0\u00bb<\/p>\n<p>              <img ci-src=\"https:\/\/www.nicematin.com\/environnement\/protec\/DATA_ART_15682560-JEVS3WA2.jpg?vh=04ac33&amp;ci_seal=2ff98bc6d4\" alt=\"\"\/><br \/>\n        Les gendarmes ont rapidement exfiltr\u00e9 les militants d\u2019Ocean R\u00e9bellion, devant le Negresco, \u00e0 Nice, lundi 9 juin 2025, \u00e0 Nice. Photo Dylan Meiffret <strong>Dylan Meiffret \/ Nice Matin.<\/strong> <\/p>\n<p>\u00a0\u00bb Mais c\u2019est Macron ! Qu\u2019est-ce qu\u2019il fait sur la plage ?\u00a0\u00bb, s\u2019\u00e9tonne un groupe de touristes, hilare \u00e0 la vue d\u2019une grosse t\u00eate parodiant le pr\u00e9sident de la R\u00e9publique. Au premier jour de la conf\u00e9rence des Nations-Unies sur l\u2019Oc\u00e9an (Unoc), ce lundi 9 juin 2025 vers 10 heures, l\u2019homme d\u2019\u00c9tat postiche, travesti en serveur, proposait aux passants un plateau de poissons pourris sur la promenade des Anglais, juste en face de l\u2019h\u00f4tel Negresco qui accueille certaines d\u00e9l\u00e9gations diplomatiques.<\/p>\n<p>Une mise en sc\u00e8ne burlesque voulue par une dizaine d\u2019activistes venus du Royaume-Uni, tous membres du collectif artistique et militant Ocean Rebellion, branche maritime d\u2019Extinction Rebellion.<\/p>\n<p><strong>\u00ab\u00a0Les oc\u00e9ans ne seront bient\u00f4t que des cimeti\u00e8res\u00a0\u00bb<\/strong><\/p>\n<p>\u00ab\u00a0Le pr\u00e9sident Macron a fait part de son \u2018\u2018amour\u2019\u2019 pour l\u2019oc\u00e9an. Mais il aime le chalut [trawling, en anglais]. La France et l\u2019UE permettent \u00e0 leur flotte de p\u00eache de maximiser une surp\u00eache coloniale dans des endroits o\u00f9 les p\u00eacheurs locaux souffrent de la faim. Une exploitation largement subventionn\u00e9e\u00a0\u00bb, tacle Clive, originaire de Londres.<\/p>\n<p>Son coll\u00e8gue Louis abonde: \u00ab\u00a0Les chalutiers usines d\u00e9truisent irr\u00e9m\u00e9diablement les r\u00e9serves halieutiques. Parfois m\u00eame dans des zones cens\u00e9es \u00eatre prot\u00e9g\u00e9es. En plus de tuer massivement des esp\u00e8ces qui ne seront m\u00eame pas consomm\u00e9es, ces filets, en raclant les fonds marins, lib\u00e8rent des poches de CO. \u00c7a aggrave le d\u00e9r\u00e8glement climatique et l\u2019acidification des eaux. Bref, les dirigeants r\u00e9unis \u00e0 l\u2019Unoc auront beau parler, s\u2019ils ne se dressent pas face \u00e0 ces pratiques, les oc\u00e9ans ne seront bient\u00f4t que des cimeti\u00e8res.\u00a0\u00bb<\/p>\n<p>              <img ci-src=\"https:\/\/www.nicematin.com\/environnement\/protec\/DATA_ART_15682563-M3Qmy8hw.jpg?vh=296ec6&amp;ci_seal=246dcb2267\" alt=\"\"\/><br \/>\n        Un faux Capitaine Iglo \u00e9tait de la partie, lundi 9 juin, lors du happening d\u2019Oc\u00e9an R\u00e9bellion devant le Negresco, \u00e0 Nice. <strong>Dylan Meiffret \/ Nice Matin.<\/strong> <\/p>\n","protected":false},"excerpt":{"rendered":"Le jeune homme rev\u00eatant un masque de merlan d\u00e9capit\u00e9 s\u2019est encanaill\u00e9 avec un sosie de Captain Iglo, ravi&hellip;\n","protected":false},"author":2,"featured_media":163358,"comment_status":"","ping_status":"","sticky":false,"template":"","format":"standard","meta":{"footnotes":""},"categories":[2819],"tags":[1111,11,436,1777,674,1011,27,802,12,2401,882,25],"class_list":{"0":"post-163357","1":"post","2":"type-post","3":"status-publish","4":"format-standard","5":"has-post-thumbnail","7":"category-nice","8":"tag-actu","9":"tag-actualites","10":"tag-environnement","11":"tag-eu","12":"tag-europe","13":"tag-fr","14":"tag-france","15":"tag-greves-et-mouvements-sociaux","16":"tag-news","17":"tag-nice","18":"tag-provence-alpes-cote-dazur","19":"tag-republique-francaise"},"share_on_mastodon":{"url":"https:\/\/pubeurope.com\/@fr\/114653744569129406","error":""},"_links":{"self":[{"href":"https:\/\/www.europesays.com\/fr\/wp-json\/wp\/v2\/posts\/163357","targetHints":{"allow":["GET"]}}],"collection":[{"href":"https:\/\/www.europesays.com\/fr\/wp-json\/wp\/v2\/posts"}],"about":[{"href":"https:\/\/www.europesays.com\/fr\/wp-json\/wp\/v2\/types\/post"}],"author":[{"embeddable":true,"href":"https:\/\/www.europesays.com\/fr\/wp-json\/wp\/v2\/users\/2"}],"replies":[{"embeddable":true,"href":"https:\/\/www.europesays.com\/fr\/wp-json\/wp\/v2\/comments?post=163357"}],"version-history":[{"count":0,"href":"https:\/\/www.europesays.com\/fr\/wp-json\/wp\/v2\/posts\/163357\/revisions"}],"wp:featuredmedia":[{"embeddable":true,"href":"https:\/\/www.europesays.com\/fr\/wp-json\/wp\/v2\/media\/163358"}],"wp:attachment":[{"href":"https:\/\/www.europesays.com\/fr\/wp-json\/wp\/v2\/media?parent=163357"}],"wp:term":[{"taxonomy":"category","embeddable":true,"href":"https:\/\/www.europesays.com\/fr\/wp-json\/wp\/v2\/categories?post=163357"},{"taxonomy":"post_tag","embeddable":true,"href":"https:\/\/www.europesays.com\/fr\/wp-json\/wp\/v2\/tags?post=163357"}],"curies":[{"name":"wp","href":"https:\/\/api.w.org\/{rel}","templated":true}]}}