{"id":163374,"date":"2025-06-09T14:04:07","date_gmt":"2025-06-09T14:04:07","guid":{"rendered":"https:\/\/www.europesays.com\/fr\/163374\/"},"modified":"2025-06-09T14:04:07","modified_gmt":"2025-06-09T14:04:07","slug":"le-numero-69-demoli-pour-lancer-les-travaux-de-la-dent-creuse-a-marseille","status":"publish","type":"post","link":"https:\/\/www.europesays.com\/fr\/163374\/","title":{"rendered":"le num\u00e9ro 69 d\u00e9moli pour lancer les travaux de la dent creuse \u00e0 Marseille"},"content":{"rendered":"<p>Tout ce qui se passe depuis le d\u00e9but du mois de juin est enregistr\u00e9, sous forme de timelapse (vid\u00e9o acc\u00e9l\u00e9r\u00e9e), pour immortaliser le temps qui passe et capturer les <a href=\"https:\/\/www.laprovence.com\/article\/region\/252577582232615\/rue-d-aubagne-a-marseille-200-m-de-patio-et-une-structure-en-bois-de-100-m-a-la-place-des-immeubles-effondres\" target=\"_blank\" rel=\"noopener\">transformations<\/a> qui bouleversent le haut de la <a href=\"https:\/\/www.laprovence.com\/article\/region\/1174136613093715\/drame-de-la-rue-daubagne-a-marseille-le-5-novembre-2018-linstant-ou-la-vie-sest-tue\" target=\"_blank\" rel=\"noopener\">rue d\u2019Aubagne<\/a>, dans le 1er arrondissement de <a href=\"https:\/\/www.laprovence.com\/bouches-du-rhone\/marseille-13055\" target=\"_blank\" rel=\"noopener\">Marseille<\/a>.<\/p>\n<p>Avant le d\u00e9marrage du chantier pour la d\u00e9molition du num\u00e9ro\u00a069, en haut de la <a href=\"https:\/\/www.laprovence.com\/article\/region\/1416012565059815\/rue-daubagne-a-marseille-quel-projet-comblera-la-dent-creuse-en-2025\" target=\"_blank\" rel=\"noopener\">dent creuse des n\u00b063, 65 et\u00a067<\/a> &#8211; les deux premiers se sont effondr\u00e9s, le 3e a \u00e9t\u00e9 imm\u00e9diatement d\u00e9moli pr\u00e9ventivement &#8211; en novembre\u00a02018, la Spla-In (Soci\u00e9t\u00e9 publique locale d\u2019am\u00e9nagement d\u2019int\u00e9r\u00eat national) a plac\u00e9 des cam\u00e9ras pour garder une trace de l\u2019histoire de <a href=\"https:\/\/www.laprovence.com\/article\/region\/1174136613093715\/drame-de-la-rue-daubagne-a-marseille-le-5-novembre-2018-linstant-ou-la-vie-sest-tue\" target=\"_blank\" rel=\"noopener\">ces lieux o\u00f9 huit personnes ont perdu la vie<\/a>.<\/p>\n<p>\u00ab\u00a0C\u2019est vraiment un chantier tr\u00e8s particulier, de par son ampleur, mais aussi tr\u00e8s symbolique pour nos \u00e9quipes, pour les gens du quartier. Il y a dans l\u2019air beaucoup d\u2019\u00e9motion ces derniers jours. Ce n\u2019est pas seulement la d\u00e9construction du num\u00e9ro\u00a069 qui commence, mais le changement de toute la rue d\u2019Aubagne\u00a0\u00bb, pose <a href=\"https:\/\/www.laprovence.com\/article\/region\/2304262414575414\/habitat-indigne-a-marseille-le-vaste-chantier-de-rehabilitation-dimmeubles-du-centre-ville-a-debute\" target=\"_blank\" rel=\"noopener\">Franck Caro<\/a>, le directeur g\u00e9n\u00e9ral de la Spla-In.<\/p>\n<p>Le chantier de d\u00e9molition \u00ab\u00a0ravive beaucoup de souvenirs\u00a0\u00bb<\/p>\n<p>Le temps des grandes man\u0153uvres, les panneaux m\u00e9moriels en <a href=\"https:\/\/www.laprovence.com\/article\/region\/6117835515888414\/proces-de-la-rue-daubagne-a-marseille-le-seuil-du-consentement-a-ces-horreurs-a-ete-brise-le-5-novembre\" target=\"_blank\" rel=\"noopener\">hommage aux victimes<\/a> ont \u00e9t\u00e9 temporairement retir\u00e9s pour \u00e9viter les dommages. Et avec l\u2019arriv\u00e9e des pelleteuses, l\u2019\u00e9moi est palpable dans la rue. \u00ab\u00a0\u00c7a ravive beaucoup de souvenirs qui sont tr\u00e8s loin d\u2019\u00eatre agr\u00e9ables. D\u2019autant qu\u2019on a toujours de grosses fissures chez nous qui nous inqui\u00e8tent. Il faut faire des lieux de m\u00e9moire mais il faut aussi s\u2019occuper de ceux qui vivent l\u00e0\u00a0\u00bb, s\u2019inqui\u00e8te Patrick (le pr\u00e9nom a \u00e9t\u00e9 chang\u00e9), un riverain du haut de la rue.<\/p>\n<p>Mustafa est en col\u00e8re contre des touristes qui prennent en photo la d\u00e9molition. \u00ab\u00a0\u00c7a se voit qu\u2019ils n\u2019\u00e9taient pas l\u00e0 quand \u00e7a s\u2019est pass\u00e9\u00a0\u00bb, temp\u00eate-t-il aussi. Avec toute la poussi\u00e8re d\u00e9gag\u00e9e, la plupart des commerces ont aussi pris cong\u00e9.<\/p>\n","protected":false},"excerpt":{"rendered":"Tout ce qui se passe depuis le d\u00e9but du mois de juin est enregistr\u00e9, sous forme de timelapse&hellip;\n","protected":false},"author":2,"featured_media":163375,"comment_status":"","ping_status":"","sticky":false,"template":"","format":"standard","meta":{"footnotes":""},"categories":[2814],"tags":[17,1111,11,16742,12693,1777,674,1011,27,29618,151,884,12,9210,471,882,25,3640,104],"class_list":{"0":"post-163374","1":"post","2":"type-post","3":"status-publish","4":"format-standard","5":"has-post-thumbnail","7":"category-marseille","8":"tag-17","9":"tag-actu","10":"tag-actualites","11":"tag-daubagne","12":"tag-demoli","13":"tag-eu","14":"tag-europe","15":"tag-fr","16":"tag-france","17":"tag-lancer","18":"tag-les","19":"tag-marseille","20":"tag-news","21":"tag-numero","22":"tag-pour","23":"tag-provence-alpes-cote-dazur","24":"tag-republique-francaise","25":"tag-rue","26":"tag-societe"},"share_on_mastodon":{"url":"https:\/\/pubeurope.com\/@fr\/114653788031300713","error":""},"_links":{"self":[{"href":"https:\/\/www.europesays.com\/fr\/wp-json\/wp\/v2\/posts\/163374","targetHints":{"allow":["GET"]}}],"collection":[{"href":"https:\/\/www.europesays.com\/fr\/wp-json\/wp\/v2\/posts"}],"about":[{"href":"https:\/\/www.europesays.com\/fr\/wp-json\/wp\/v2\/types\/post"}],"author":[{"embeddable":true,"href":"https:\/\/www.europesays.com\/fr\/wp-json\/wp\/v2\/users\/2"}],"replies":[{"embeddable":true,"href":"https:\/\/www.europesays.com\/fr\/wp-json\/wp\/v2\/comments?post=163374"}],"version-history":[{"count":0,"href":"https:\/\/www.europesays.com\/fr\/wp-json\/wp\/v2\/posts\/163374\/revisions"}],"wp:featuredmedia":[{"embeddable":true,"href":"https:\/\/www.europesays.com\/fr\/wp-json\/wp\/v2\/media\/163375"}],"wp:attachment":[{"href":"https:\/\/www.europesays.com\/fr\/wp-json\/wp\/v2\/media?parent=163374"}],"wp:term":[{"taxonomy":"category","embeddable":true,"href":"https:\/\/www.europesays.com\/fr\/wp-json\/wp\/v2\/categories?post=163374"},{"taxonomy":"post_tag","embeddable":true,"href":"https:\/\/www.europesays.com\/fr\/wp-json\/wp\/v2\/tags?post=163374"}],"curies":[{"name":"wp","href":"https:\/\/api.w.org\/{rel}","templated":true}]}}