{"id":163377,"date":"2025-06-09T14:06:17","date_gmt":"2025-06-09T14:06:17","guid":{"rendered":"https:\/\/www.europesays.com\/fr\/163377\/"},"modified":"2025-06-09T14:06:17","modified_gmt":"2025-06-09T14:06:17","slug":"un-ete-anime-avant-les-50-ans-cet-automne-au-musee-lugdunum","status":"publish","type":"post","link":"https:\/\/www.europesays.com\/fr\/163377\/","title":{"rendered":"un \u00e9t\u00e9 anim\u00e9 avant les 50 ans cet automne au mus\u00e9e Lugdunum"},"content":{"rendered":"<p>Ils ont forc\u00e9ment d\u00e9j\u00e0 la t\u00eate un peu ailleurs. Au week-end du 15 et 16\u00a0novembre pour \u00eatre pr\u00e9cis, date \u00e0 laquelle les \u00e9quipes de Lugdunum &#8211; mus\u00e9e et th\u00e9\u00e2tres romains f\u00eateront les 50 ans de l\u2019inauguration du mus\u00e9e arch\u00e9ologique qui marque de son empreinte \u00e0 la fois massive et discr\u00e8te la colline de Fourvi\u00e8re depuis le 15\u00a0novembre 1975. Les deux jours enti\u00e8rement gratuits seront d\u00e9di\u00e9s \u00e0 la c\u00e9l\u00e9bration de cette prouesse architecturale sign\u00e9e Bernard Zehrfuss.<\/p>\n<p>Le mus\u00e9e, <a href=\"https:\/\/www.leprogres.fr\/culture-loisirs\/2025\/01\/09\/musee-lugdunum-nouveau-record-de-frequentation-en-2024-avec-pres-de-170-000-visiteurs\" target=\"_blank\" rel=\"nofollow noopener\">qui a battu en 2024 son record de fr\u00e9quentation avec pr\u00e8s de 170\u00a0000 visiteurs<\/a> , en profitera aussi pour lancer d\u00e8s le mois d\u2019octobre son projet Explore Lyon antique. Une exp\u00e9rience immersive qui comprend notamment une maquette num\u00e9rique restituant en 3D le territoire de la cit\u00e9 au IIe\u00a0si\u00e8cle.<\/p>\n<p>\u00ab\u00a0On a choisi le IIe \u00a0si\u00e8cle car c\u2019est la p\u00e9riode d\u2019extension maximale de la ville antique et la p\u00e9riode la mieux connue sur l\u2019antiquit\u00e9 romaine\u00a0\u00bb, explique Jordan Boucard, en charge de la conservation et de la valorisation des sites arch\u00e9ologiques pour le mus\u00e9e.<\/p>\n<p>\u00ab\u00a0On a travaill\u00e9 avec une quinzaine d\u2019arch\u00e9ologues, scientifiques, historiens et on a r\u00e9ussi \u00e0 restituer environ 80 km\u00b2 de la m\u00e9tropole antique de Lyon. La maquette concerne le centre urbain, les aqueducs mais aussi toutes les villes qui se trouvent en p\u00e9riph\u00e9rie et faisaient d\u00e9j\u00e0 partie de cette m\u00e9tropole antique.\u00a0\u00bb<\/p>\n<p>  Balades comment\u00e9es et ateliers pour enfants<\/p>\n<p>En attendant ces nouveaux dispositifs &#8211; et le lancement d\u2019une nouvelle exposition temporaire le 3\u00a0octobre sur l\u2019art chez les Romains- le mus\u00e9e a concoct\u00e9 un programme estival bien fourni. Il fait comme de coutume office de figure de proue des journ\u00e9es europ\u00e9ennes de l\u2019arch\u00e9ologie, les 14 et 15\u00a0juin, avec une quinzaine d\u2019animations (ateliers, reconstitution d\u2019un char de course romain, jeux\u2026) accessibles gratuitement.<\/p>\n<p>Des balades comment\u00e9es rythmeront aussi les mois de juin \u00e0 ao\u00fbt, avec des circuits familiaux (Au fil de l\u2019eau les 17 juillet et 22 ao\u00fbt, pour une promenade entre vestiges d\u2019aqueducs et de thermes) ou des focus pr\u00e9cis sur un monument (l\u2019\u00e9glise Saint-Laurent-de-Choulans le 31 juillet). L\u2019\u00e9t\u00e9 sur la colline, c\u2019est enfin la possibilit\u00e9 pour les enfants de participer \u00e0 des ateliers (cr\u00e9ation d\u2019un motif v\u00e9g\u00e9tal \u00e0 la mani\u00e8re des mosa\u00efstes de l\u2019antiquit\u00e9 le 22 juin, initiation \u00e0 la fouille arch\u00e9ologique pour les 5\/7 ans les 28 juin, 30 juillet et 8 ao\u00fbt).<\/p>\n<p class=\"note\">Lugdunum &#8211; Mus\u00e9e et th\u00e9\u00e2tres romains, 17, rue Cl\u00e9berg. Programme complet\u00a0: <a href=\"https:\/\/lugdunum.grandlyon.com\/fr\/\" target=\"_blank\" rel=\"nofollow noopener\">https:\/\/lugdunum.grandlyon.com\/fr\/<\/a><\/p>\n","protected":false},"excerpt":{"rendered":"Ils ont forc\u00e9ment d\u00e9j\u00e0 la t\u00eate un peu ailleurs. Au week-end du 15 et 16\u00a0novembre pour \u00eatre pr\u00e9cis,&hellip;\n","protected":false},"author":2,"featured_media":163378,"comment_status":"","ping_status":"","sticky":false,"template":"","format":"standard","meta":{"footnotes":""},"categories":[1889],"tags":[1111,11,2430,4523,1687,2757,1777,674,2271,1011,27,2428,2756,12,25,2429,3151],"class_list":{"0":"post-163377","1":"post","2":"type-post","3":"status-publish","4":"format-standard","5":"has-post-thumbnail","7":"category-lyon","8":"tag-actu","9":"tag-actualites","10":"tag-auvergne-rhone-alpes","11":"tag-conseils-pratiques","12":"tag-culture-loisirs","13":"tag-edition-lyon-villeurbanne","14":"tag-eu","15":"tag-europe","16":"tag-exposition-arts-plastiques","17":"tag-fr","18":"tag-france","19":"tag-lyon","20":"tag-lyon-bassin","21":"tag-news","22":"tag-republique-francaise","23":"tag-rhone","24":"tag-selection-de-la-redaction-69"},"share_on_mastodon":{"url":"https:\/\/pubeurope.com\/@fr\/114653795658395242","error":""},"_links":{"self":[{"href":"https:\/\/www.europesays.com\/fr\/wp-json\/wp\/v2\/posts\/163377","targetHints":{"allow":["GET"]}}],"collection":[{"href":"https:\/\/www.europesays.com\/fr\/wp-json\/wp\/v2\/posts"}],"about":[{"href":"https:\/\/www.europesays.com\/fr\/wp-json\/wp\/v2\/types\/post"}],"author":[{"embeddable":true,"href":"https:\/\/www.europesays.com\/fr\/wp-json\/wp\/v2\/users\/2"}],"replies":[{"embeddable":true,"href":"https:\/\/www.europesays.com\/fr\/wp-json\/wp\/v2\/comments?post=163377"}],"version-history":[{"count":0,"href":"https:\/\/www.europesays.com\/fr\/wp-json\/wp\/v2\/posts\/163377\/revisions"}],"wp:featuredmedia":[{"embeddable":true,"href":"https:\/\/www.europesays.com\/fr\/wp-json\/wp\/v2\/media\/163378"}],"wp:attachment":[{"href":"https:\/\/www.europesays.com\/fr\/wp-json\/wp\/v2\/media?parent=163377"}],"wp:term":[{"taxonomy":"category","embeddable":true,"href":"https:\/\/www.europesays.com\/fr\/wp-json\/wp\/v2\/categories?post=163377"},{"taxonomy":"post_tag","embeddable":true,"href":"https:\/\/www.europesays.com\/fr\/wp-json\/wp\/v2\/tags?post=163377"}],"curies":[{"name":"wp","href":"https:\/\/api.w.org\/{rel}","templated":true}]}}