{"id":163385,"date":"2025-06-09T14:11:34","date_gmt":"2025-06-09T14:11:34","guid":{"rendered":"https:\/\/www.europesays.com\/fr\/163385\/"},"modified":"2025-06-09T14:11:34","modified_gmt":"2025-06-09T14:11:34","slug":"quinte-quinte-du-mardi-10-juin-a-saint-cloud-nofix-a-la-pointure","status":"publish","type":"post","link":"https:\/\/www.europesays.com\/fr\/163385\/","title":{"rendered":"Quint\u00e9+: Quint\u00e9+ du mardi 10 juin \u00e0 Saint-Cloud : Nofix a la pointure"},"content":{"rendered":"<p><strong>Les partants du Quint\u00e9+ de ce mardi 10 juin.<\/strong><strong style=\"float: left;margin-left: 2%;\">PRIX DE FOUILLEUSE<\/strong><strong style=\"float: right;margin-right: 2%;\">MARDI 10 JUIN<\/strong><br \/>SAINT-CLOUD &#8211; 1400 METRES &#8211; \u00a0<img decoding=\"async\" alt=\"picto_galop\" class=\"img2\" src=\"https:\/\/www.europesays.com\/fr\/wp-content\/uploads\/2025\/04\/galop.svg.svg+xml\"\/>D\u00c9PART : 18H00<\/p>\n<tr class=\"row1\" style=\"border: thin solid #020338; width: 50%; padding: 5px; background-color: #020338; color: #FFFFFF; text-align: left; line-height: 15px;\">N\u00b0\u00a0CHEVALCORDE\u00a0JOCKEYPOIDS\u00a0ENTRA\u00ceNEURVALEURGAINS<\/tr>\n<tr class=\"row2\" style=\"text-align: left; background-color: #FFFFFF; line-height: 15px;\">\n<td class=\"col1\" style=\"text-align: center; width: 65px;font-weight: bold;\">1<\/td>\n<td class=\"col2\"><a href=\"https:\/\/www.equidia.fr\/chevaux\/laith-1?horse_uuid=d890d0e8-13bc-4336-89c8-4a066124655d\" target=\"_blank\" rel=\"noopener\">LAITH<\/a><\/td>\n<td class=\"col3\" style=\"text-align: center;\">10<\/td>\n<td class=\"col4\">A.LEMAITRE<\/td>\n<td class=\"col5\">60.0 kg<\/td>\n<td class=\"col6\">J.REYNIER (S)<\/td>\n<td class=\"col7\" style=\"text-align: center;\">42.0<\/td>\n<td class=\"col8\" style=\"text-align: right;\">75250 \u20ac<\/td>\n<\/tr>\n<tr class=\"row3\" style=\"text-align: left; background-color: rgb(218, 218, 226); line-height: 15px;\">\n<td class=\"col1\" style=\"text-align: center; width: 65px;font-weight: bold;\">2<\/td>\n<td class=\"col2\"><a href=\"https:\/\/www.equidia.fr\/chevaux\/valmacca?horse_uuid=3e8dc7c4-a392-4bfa-af42-cc6fa09d6675\" target=\"_blank\" rel=\"noopener\">VALMACCA<\/a><\/td>\n<td class=\"col3\" style=\"text-align: center;\">7<\/td>\n<td class=\"col4\">H.BESNIER<\/td>\n<td class=\"col5\">60.0 kg<\/td>\n<td class=\"col6\">P.COTTIER<\/td>\n<td class=\"col7\" style=\"text-align: center;\">42.0<\/td>\n<td class=\"col8\" style=\"text-align: right;\">62400 \u20ac<\/td>\n<\/tr>\n<tr class=\"row2\" style=\"text-align: left; background-color: #FFFFFF; line-height: 15px;\">\n<td class=\"col1\" style=\"text-align: center; width: 65px;font-weight: bold;\">3<\/td>\n<td class=\"col2\"><a href=\"https:\/\/www.equidia.fr\/chevaux\/hemevez?horse_uuid=72ae73ff-b760-4235-a574-c0776b130de6\" target=\"_blank\" rel=\"noopener\">HEMEVEZ<\/a><\/td>\n<td class=\"col3\" style=\"text-align: center;\">6<\/td>\n<td class=\"col4\">C.SOUMILLON<\/td>\n<td class=\"col5\">59.0 kg<\/td>\n<td class=\"col6\">M.DELCHER SANCHEZ<\/td>\n<td class=\"col7\" style=\"text-align: center;\">41.0<\/td>\n<td class=\"col8\" style=\"text-align: right;\">28400 \u20ac<\/td>\n<\/tr>\n<tr class=\"row3\" style=\"text-align: left; background-color: rgb(218, 218, 226); line-height: 15px;\">\n<td class=\"col1\" style=\"text-align: center; width: 65px;font-weight: bold;\">4<\/td>\n<td class=\"col2\"><a href=\"https:\/\/www.equidia.fr\/chevaux\/magical-trail?horse_uuid=8d229a57-b7b0-4aa8-8352-cc41031ba684\" target=\"_blank\" rel=\"noopener\">MAGICAL TRAIL<\/a><\/td>\n<td class=\"col3\" style=\"text-align: center;\">13<\/td>\n<td class=\"col4\">S.SAADI<\/td>\n<td class=\"col5\">58.0 kg<\/td>\n<td class=\"col6\">HA.PANTALL (S)<\/td>\n<td class=\"col7\" style=\"text-align: center;\">40.0<\/td>\n<td class=\"col8\" style=\"text-align: right;\">20790 \u20ac<\/td>\n<\/tr>\n<tr class=\"row2\" style=\"text-align: left; background-color: #FFFFFF; line-height: 15px;\">\n<td class=\"col1\" style=\"text-align: center; width: 65px;font-weight: bold;\">5<\/td>\n<td class=\"col2\"><a href=\"https:\/\/www.equidia.fr\/chevaux\/stunning-angel-1?horse_uuid=6907d2d0-3e27-477c-bc49-ee428342177f\" target=\"_blank\" rel=\"noopener\">STUNNING ANGEL<\/a><\/td>\n<td class=\"col3\" style=\"text-align: center;\">2<\/td>\n<td class=\"col4\">M.BARZALONA<\/td>\n<td class=\"col5\">57.0 kg<\/td>\n<td class=\"col6\">R.FRADET (S)<\/td>\n<td class=\"col7\" style=\"text-align: center;\">39.0<\/td>\n<td class=\"col8\" style=\"text-align: right;\">78000 \u20ac<\/td>\n<\/tr>\n<tr class=\"row3\" style=\"text-align: left; background-color: rgb(218, 218, 226); line-height: 15px;\">\n<td class=\"col1\" style=\"text-align: center; width: 65px;font-weight: bold;\">6<\/td>\n<td class=\"col2\"><a href=\"https:\/\/www.equidia.fr\/chevaux\/prince-aubois?horse_uuid=16775a5c-831c-470f-885c-8c41c9fbb42e\" target=\"_blank\" rel=\"noopener\">PRINCE AUBOIS<\/a><\/td>\n<td class=\"col3\" style=\"text-align: center;\">5<\/td>\n<td class=\"col4\">J.MOUTARD<\/td>\n<td class=\"col5\">57.0 kg<\/td>\n<td class=\"col6\">MME S.PENOT<\/td>\n<td class=\"col7\" style=\"text-align: center;\">39.0<\/td>\n<td class=\"col8\" style=\"text-align: right;\">49100 \u20ac<\/td>\n<\/tr>\n<tr class=\"row2\" style=\"text-align: left; background-color: #FFFFFF; line-height: 15px;\">\n<td class=\"col1\" style=\"text-align: center; width: 65px;font-weight: bold;\">7<\/td>\n<td class=\"col2\"><a href=\"https:\/\/www.equidia.fr\/chevaux\/precioso?horse_uuid=e1fa8fbe-2a49-4dc8-85b1-1d1a9365b6d6\" target=\"_blank\" rel=\"noopener\">PRECIOSO<\/a><\/td>\n<td class=\"col3\" style=\"text-align: center;\">9<\/td>\n<td class=\"col4\">T.PICCONE<\/td>\n<td class=\"col5\">57.0 kg<\/td>\n<td class=\"col6\">HA.PANTALL (S)<\/td>\n<td class=\"col7\" style=\"text-align: center;\">39.0<\/td>\n<td class=\"col8\" style=\"text-align: right;\">25300 \u20ac<\/td>\n<\/tr>\n<tr class=\"row3\" style=\"text-align: left; background-color: rgb(218, 218, 226); line-height: 15px;\">\n<td class=\"col1\" style=\"text-align: center; width: 65px;font-weight: bold;\">8<\/td>\n<td class=\"col2\"><a href=\"https:\/\/www.equidia.fr\/chevaux\/stolen-kiss-1?horse_uuid=e28ca2f4-6392-4d1d-9fb3-598eb96cbb07\" target=\"_blank\" rel=\"noopener\">STOLEN KISS<\/a><\/td>\n<td class=\"col3\" style=\"text-align: center;\">3<\/td>\n<td class=\"col4\">A.POUCHIN<\/td>\n<td class=\"col5\">56.5 kg<\/td>\n<td class=\"col6\">P.COTTIER<\/td>\n<td class=\"col7\" style=\"text-align: center;\">38.5<\/td>\n<td class=\"col8\" style=\"text-align: right;\">31450 \u20ac<\/td>\n<\/tr>\n<tr class=\"row2\" style=\"text-align: left; background-color: #FFFFFF; line-height: 15px;\">\n<td class=\"col1\" style=\"text-align: center; width: 65px;font-weight: bold;\">9<\/td>\n<td class=\"col2\"><a href=\"https:\/\/www.equidia.fr\/chevaux\/nofix?horse_uuid=6086cd39-4c85-48fa-8f0f-0c0b3aaab676\" target=\"_blank\" rel=\"noopener\">NOFIX<\/a><\/td>\n<td class=\"col3\" style=\"text-align: center;\">12<\/td>\n<td class=\"col4\">M.GUYON<\/td>\n<td class=\"col5\">56.5 kg<\/td>\n<td class=\"col6\">ED.MONFORT (S)<\/td>\n<td class=\"col7\" style=\"text-align: center;\">38.5<\/td>\n<td class=\"col8\" style=\"text-align: right;\">29975 \u20ac<\/td>\n<\/tr>\n<tr class=\"row3\" style=\"text-align: left; background-color: rgb(218, 218, 226); line-height: 15px;\">\n<td class=\"col1\" style=\"text-align: center; width: 65px;font-weight: bold;\">10<\/td>\n<td class=\"col2\"><a href=\"https:\/\/www.equidia.fr\/chevaux\/fame-1?horse_uuid=d2dfbbc8-3cb2-46ab-a8f9-375228f8f93e\" target=\"_blank\" rel=\"noopener\">FAME<\/a><\/td>\n<td class=\"col3\" style=\"text-align: center;\">1<\/td>\n<td class=\"col4\">C.LECOEUVRE<\/td>\n<td class=\"col5\">56.0 kg<\/td>\n<td class=\"col6\">JPH .DUBOIS<\/td>\n<td class=\"col7\" style=\"text-align: center;\">38.0<\/td>\n<td class=\"col8\" style=\"text-align: right;\">22050 \u20ac<\/td>\n<\/tr>\n<tr class=\"row2\" style=\"text-align: left; background-color: #FFFFFF; line-height: 15px;\">\n<td class=\"col1\" style=\"text-align: center; width: 65px;font-weight: bold;\">11<\/td>\n<td class=\"col2\"><a href=\"https:\/\/www.equidia.fr\/chevaux\/bravo-bay?horse_uuid=cfbdcf8e-6daf-40c9-85ea-4a70a59ac280\" target=\"_blank\" rel=\"noopener\">BRAVO BAY<\/a><\/td>\n<td class=\"col3\" style=\"text-align: center;\">11<\/td>\n<td class=\"col4\">T.BACHELOT<\/td>\n<td class=\"col5\">55.5 kg<\/td>\n<td class=\"col6\">G.BIETOLINI<\/td>\n<td class=\"col7\" style=\"text-align: center;\">37.5<\/td>\n<td class=\"col8\" style=\"text-align: right;\">37400 \u20ac<\/td>\n<\/tr>\n<tr class=\"row3\" style=\"text-align: left; background-color: rgb(218, 218, 226); line-height: 15px;\">\n<td class=\"col1\" style=\"text-align: center; width: 65px;font-weight: bold;\">12<\/td>\n<td class=\"col2\"><a href=\"https:\/\/www.equidia.fr\/chevaux\/apogeo?horse_uuid=b2900829-57b9-43bb-978a-325a93f8b3de\" target=\"_blank\" rel=\"noopener\">APOGEO<\/a><\/td>\n<td class=\"col3\" style=\"text-align: center;\">8<\/td>\n<td class=\"col4\">R.THOMAS<\/td>\n<td class=\"col5\">55.5 kg<\/td>\n<td class=\"col6\">M.GUARNIERI<\/td>\n<td class=\"col7\" style=\"text-align: center;\">37.5<\/td>\n<td class=\"col8\" style=\"text-align: right;\">21050 \u20ac<\/td>\n<\/tr>\n<tr class=\"row2\" style=\"text-align: left; background-color: #FFFFFF; line-height: 15px;\">\n<td class=\"col1\" style=\"text-align: center; width: 65px;font-weight: bold;\">13<\/td>\n<td class=\"col2\"><a href=\"https:\/\/www.equidia.fr\/chevaux\/the-doctor?horse_uuid=815c2dc1-e9f7-44bf-9197-b8e291c27ad0\" target=\"_blank\" rel=\"noopener\">THE DOCTOR<\/a><\/td>\n<td class=\"col3\" style=\"text-align: center;\">15<\/td>\n<td class=\"col4\">S.RUIS<\/td>\n<td class=\"col5\">55.0 kg<\/td>\n<td class=\"col6\">N.PERRET (S)<\/td>\n<td class=\"col7\" style=\"text-align: center;\">37.0<\/td>\n<td class=\"col8\" style=\"text-align: right;\">35250 \u20ac<\/td>\n<\/tr>\n<tr class=\"row3\" style=\"text-align: left; background-color: rgb(218, 218, 226); line-height: 15px;\">\n<td class=\"col1\" style=\"text-align: center; width: 65px;font-weight: bold;\">14<\/td>\n<td class=\"col2\"><a href=\"https:\/\/www.equidia.fr\/chevaux\/hematite?horse_uuid=ae58f56f-f4e4-48e6-b7b3-a088db71b632\" target=\"_blank\" rel=\"noopener\">HEMATITE<\/a><\/td>\n<td class=\"col3\" style=\"text-align: center;\">4<\/td>\n<td class=\"col4\">C.DEMURO<\/td>\n<td class=\"col5\">55.0 kg<\/td>\n<td class=\"col6\">S.WATTEL (S)<\/td>\n<td class=\"col7\" style=\"text-align: center;\">37.0<\/td>\n<td class=\"col8\" style=\"text-align: right;\">25800 \u20ac<\/td>\n<\/tr>\n<tr class=\"row2\" style=\"text-align: left; background-color: #FFFFFF; line-height: 15px;\">\n<td class=\"col1\" style=\"text-align: center; width: 65px;font-weight: bold;\">15<\/td>\n<td class=\"col2\"><a href=\"https:\/\/www.equidia.fr\/chevaux\/victory-call?horse_uuid=404dc1aa-3c31-4bcc-afee-ff50c35b4e4c\" target=\"_blank\" rel=\"noopener\">VICTORY CALL<\/a><\/td>\n<td class=\"col3\" style=\"text-align: center;\">16<\/td>\n<td class=\"col4\">A.MADAMET<\/td>\n<td class=\"col5\">55.0 kg<\/td>\n<td class=\"col6\">HF.DEVIN (S)<\/td>\n<td class=\"col7\" style=\"text-align: center;\">37.0<\/td>\n<td class=\"col8\" style=\"text-align: right;\">18250 \u20ac<\/td>\n<\/tr>\n<tr class=\"row3\" style=\"text-align: left; background-color: rgb(218, 218, 226); line-height: 15px;\">\n<td class=\"col1\" style=\"text-align: center; width: 65px;font-weight: bold;\">16<\/td>\n<td class=\"col2\"><a href=\"https:\/\/www.equidia.fr\/chevaux\/elusive-belardo?horse_uuid=654afb4c-f58c-4e39-b017-ec9cb3c1115c\" target=\"_blank\" rel=\"noopener\">ELUSIVE BELARDO<\/a><\/td>\n<td class=\"col3\" style=\"text-align: center;\">14<\/td>\n<td class=\"col4\">S.PASQUIER<\/td>\n<td class=\"col5\">54.5 kg<\/td>\n<td class=\"col6\">N.CAULLERY<\/td>\n<td class=\"col7\" style=\"text-align: center;\">36.5<\/td>\n<td class=\"col8\" style=\"text-align: right;\">37300 \u20ac<\/td>\n<\/tr>\n<p><strong>Les forces en pr\u00e9sence<\/strong><\/p>\n<p style=\"text-align: justify;\">Aguerri sur le sable, <a href=\"https:\/\/www.equidia.fr\/chevaux\/nofix?horse_uuid=6086cd39-4c85-48fa-8f0f-0c0b3aaab676\" target=\"_blank\" rel=\"noopener\">NOFIX (9)<\/a> a r\u00e9ussi sa transition sur le gazon. Pour son premier essai dans un Quint\u00e9+, il a conclu dans une belle action \u00e0 la deuxi\u00e8me place. Certes, la laur\u00e9ate \u00e9tait intouchable ce jour-l\u00e0. Mais nul doute que l&rsquo;\u00e9l\u00e8ve d&rsquo;Edouart Monfort ne sera pas loin de la v\u00e9rit\u00e9 cette fois. En pleine ascension, <a href=\"https:\/\/www.equidia.fr\/chevaux\/hematite?horse_uuid=ae58f56f-f4e4-48e6-b7b3-a088db71b632\" target=\"_blank\" rel=\"noopener\">HEMATITE (14)<\/a> n&rsquo;est pas mal situ\u00e9e en bas de tableau et peut se r\u00e9v\u00e9ler d\u00e8s sa premi\u00e8re apparition dans cette cat\u00e9gorie. P\u00e9nalis\u00e9 de quatre kilos suite \u00e0 son succ\u00e8s du 24 avril \u00e0 ce niveau, <a href=\"https:\/\/www.equidia.fr\/chevaux\/laith-1?horse_uuid=d890d0e8-13bc-4336-89c8-4a066124655d\" target=\"_blank\" rel=\"noopener\">LAITH (1)<\/a> tient toujours la super forme et peut se surpasser. Sur la ligne de notre pr\u00e9f\u00e9r\u00e9, <a href=\"https:\/\/www.equidia.fr\/chevaux\/prince-aubois?horse_uuid=16775a5c-831c-470f-885c-8c41c9fbb42e\" target=\"_blank\" rel=\"noopener\">PRINCE AUBOIS (6)<\/a>, bien plac\u00e9 dans les stalles de d\u00e9part ce coup-ci, et <a href=\"https:\/\/www.equidia.fr\/chevaux\/precioso?horse_uuid=e1fa8fbe-2a49-4dc8-85b1-1d1a9365b6d6\" target=\"_blank\" rel=\"noopener\">PRECIOSO (7)<\/a>, pas tr\u00e8s heureux ce jour-l\u00e0, sont des choix logiques. <a href=\"https:\/\/www.equidia.fr\/chevaux\/stunning-angel-1?horse_uuid=6907d2d0-3e27-477c-bc49-ee428342177f\" target=\"_blank\" rel=\"noopener\">STUNNING ANGEL (5)<\/a>, qui va attendre, <a href=\"https:\/\/www.equidia.fr\/chevaux\/elusive-belardo?horse_uuid=654afb4c-f58c-4e39-b017-ec9cb3c1115c\" target=\"_blank\" rel=\"noopener\">ELUSIVE BELARDO (16)<\/a>, r\u00e9cente r\u00e9clamation de Nicolas Caullery, et <a href=\"https:\/\/www.equidia.fr\/chevaux\/hemevez?horse_uuid=72ae73ff-b760-4235-a574-c0776b130de6\" target=\"_blank\" rel=\"noopener\">HEMEVEZ (3)<\/a>, Mauricio Delcher-Sanchez a de bonnes \u00ab\u00a0lignes\u00a0\u00bb avec ses 3 ans, compl\u00e8tent notre choix.<\/p>\n<p><strong>Le prono de MICHEL PROD HOMME<\/strong><\/p>\n<tr cellpadding=\"0\" cellspacing=\"10\" class=\"row5\" style=\"text-align: left; background-color: #FFFFFF; font-size: 130%;\">\n<td style=\"text-align: center;\">9<\/td>\n<td style=\"text-align: center;\">14<\/td>\n<td style=\"text-align: center;\">1<\/td>\n<td style=\"text-align: center;\">6<\/td>\n<td style=\"text-align: center;\">7<\/td>\n<td style=\"text-align: center;\">5<\/td>\n<td style=\"text-align: center;\">16<\/td>\n<td style=\"text-align: center;\">3<\/td>\n<\/tr>\n<tr class=\"row6\" style=\"text-align: center; background-color: #FFFFFF; column-width: 6rem;\">\n<td class=\"col9\"><img decoding=\"async\" alt=\"casaque_NOFIX\" class=\"cas\" src=\"https:\/\/www.europesays.com\/fr\/wp-content\/uploads\/2025\/06\/20250610-r1c7p9-png.png\" style=\" width: 70%;\"\/><\/p>\n<p class=\"col10\" style=\"font-size: x-small; line-height: 11px;;\">NOFIX<\/p>\n<\/td>\n<td class=\"col14\"><img decoding=\"async\" alt=\"casaque_HEMATITE\" class=\"cas\" src=\"https:\/\/www.europesays.com\/fr\/wp-content\/uploads\/2025\/06\/20250610-r1c7p14-png.png\" style=\" width: 70%;\"\/><\/p>\n<p class=\"col10\" style=\"font-size: x-small; line-height: 11px;;\">HEMATITE<\/p>\n<\/td>\n<td class=\"col1\"><img decoding=\"async\" alt=\"casaque_LAITH\" class=\"cas\" src=\"https:\/\/www.europesays.com\/fr\/wp-content\/uploads\/2025\/06\/20250610-r1c7p1-png.png\" style=\" width: 70%;\"\/><\/p>\n<p class=\"col10\" style=\"font-size: x-small; line-height: 11px;;\">LAITH<\/p>\n<\/td>\n<td class=\"col6\"><img decoding=\"async\" alt=\"casaque_PRINCE AUBOIS\" class=\"cas\" src=\"https:\/\/www.europesays.com\/fr\/wp-content\/uploads\/2025\/06\/20250610-r1c7p6-png.png\" style=\" width: 70%;\"\/><\/p>\n<p class=\"col10\" style=\"font-size: x-small; line-height: 11px;;\">PRINCE AUBOIS<\/p>\n<\/td>\n<td class=\"col7\"><img decoding=\"async\" alt=\"casaque_PRECIOSO\" class=\"cas\" src=\"https:\/\/www.europesays.com\/fr\/wp-content\/uploads\/2025\/06\/20250610-r1c7p7-png.png\" style=\" width: 70%;\"\/><\/p>\n<p class=\"col10\" style=\"font-size: x-small; line-height: 11px;;\">PRECIOSO<\/p>\n<\/td>\n<td class=\"col5\"><img decoding=\"async\" alt=\"casaque_STUNNING ANGEL\" class=\"cas\" src=\"https:\/\/www.europesays.com\/fr\/wp-content\/uploads\/2025\/06\/20250610-r1c7p5-png.png\" style=\" width: 70%;\"\/><\/p>\n<p class=\"col10\" style=\"font-size: x-small; line-height: 11px;;\">STUNNING ANGEL<\/p>\n<\/td>\n<td class=\"col16\"><img decoding=\"async\" alt=\"casaque_ELUSIVE BELARDO\" class=\"cas\" src=\"https:\/\/www.europesays.com\/fr\/wp-content\/uploads\/2025\/06\/20250610-r1c7p16-png.png\" style=\" width: 70%;\"\/><\/p>\n<p class=\"col10\" style=\"font-size: x-small; line-height: 11px;;\">ELUSIVE BELARDO<\/p>\n<\/td>\n<td class=\"col3\"><img decoding=\"async\" alt=\"casaque_HEMEVEZ\" class=\"cas\" src=\"https:\/\/www.europesays.com\/fr\/wp-content\/uploads\/2025\/06\/20250610-r1c7p3-png.png\" style=\" width: 70%;\"\/><\/p>\n<p class=\"col10\" style=\"font-size: x-small; line-height: 11px;;\">HEMEVEZ<\/p>\n<\/td>\n<\/tr>\n<p><a href=\"https:\/\/servedby.revive-adserver.net\/ck.php?n=a3265498&amp;cb=1234\" target=\"_blank\" rel=\"noopener\"><img decoding=\"async\" alt=\"\" border=\"0\" src=\"https:\/\/www.europesays.com\/fr\/wp-content\/uploads\/2025\/06\/1749478279_589_avw\"\/><\/a><\/p>\n<p><strong>Les partants en d\u00e9tail (par M. PROD HOMME) et l&rsquo;avis des pros (par M. PROD HOMME)<\/strong><\/p>\n<p id=\"ch_LAITH\" style=\"margin-bottom: 1%;\"><a href=\"https:\/\/www.equidia.fr\/chevaux\/laith-1?horse_uuid=d890d0e8-13bc-4336-89c8-4a066124655d\" target=\"_blank\" rel=\"noopener\">1 &#8211; \u00a0<img decoding=\"async\" alt=\"casaque_LAITH\" src=\"https:\/\/www.europesays.com\/fr\/wp-content\/uploads\/2025\/06\/1749478280_230_20250610-r1c7p1-png.png\" style=\"width: 4.5%; margin :0; vertical-align : middle;\"\/>\u00a0\u00a0LAITH<\/a><\/p>\n<p style=\"text-align: justify;\">Il a enlev\u00e9 brillamment le Quint\u00e9+ du 24 avril \u00e0 ParisLongchamp et a r\u00e9p\u00e9t\u00e9 dans une Classe 2 provinciale, en dominant plusieurs rivaux qu&rsquo;il va retrouver mardi. Certes, les conditions sont moins favorables ici. Mais ce sujet dur \u00e0 l&rsquo;effort peut encore se surpasser. On y croit.<\/p>\n<p><strong>J\u00e9r\u00f4me Reynier, entra\u00eeneur : <\/strong><\/p>\n<p style=\"text-align: justify;\">\u00ab Laith (1) s&rsquo;est de nouveau impos\u00e9 plaisamment l&rsquo;autre jour \u00e0 Dax. Mardi, il va trouver des conditions diff\u00e9rentes, mais c&rsquo;est un cheval qui donne le meilleur de lui-m\u00eame \u00e0 chaque fois. Il a l&rsquo;air d&rsquo;\u00eatre rest\u00e9 en plein forme et je pense qu&rsquo;il devrait bien se comporter. On va de nouveau croire en lui pour terminer dans la bonne combinaison du Quint\u00e9+. \u00bb<\/p>\n<p id=\"ch_VALMACCA\" style=\"margin-bottom: 1%;\"><a href=\"https:\/\/www.equidia.fr\/chevaux\/valmacca?horse_uuid=3e8dc7c4-a392-4bfa-af42-cc6fa09d6675\" target=\"_blank\" rel=\"noopener\">2 &#8211; \u00a0<img decoding=\"async\" alt=\"casaque_VALMACCA\" src=\"https:\/\/www.europesays.com\/fr\/wp-content\/uploads\/2025\/06\/20250610-r1c7p2-png.png\" style=\"width: 4.5%; margin :0; vertical-align : middle;\"\/>\u00a0\u00a0VALMACCA<\/a><\/p>\n<p style=\"text-align: justify;\">Ce sera une premi\u00e8re \u00e0 Saint-Cloud pour cette pouliche \u00e0 l&rsquo;aise dans toutes les conditions. Apr\u00e8s un d\u00e9but de carri\u00e8re r\u00e9ussi, elle a essuy\u00e9 son premier \u00e9chec dans un Quint\u00e9+, sans pour autant d\u00e9m\u00e9riter, et a remis les pendules \u00e0 l&rsquo;heure dans une Classe 1 provinciale. A ne pas n\u00e9gliger.<\/p>\n<p><strong>Patrice Cottier, entra\u00eeneur : <\/strong><\/p>\n<p style=\"text-align: justify;\">\u00ab Valmacca (2) vient d&rsquo;\u00eatre battue de pas grand-chose dans une Classe 1 sur l&rsquo;hippodrome d&rsquo;Angers. Avant cela, elle s&rsquo;\u00e9tait plut\u00f4t bien d\u00e9fendue dans un Quint\u00e9+ \u00e0 ParisLongchamp. Elle est rest\u00e9e en tr\u00e8s bel \u00e9tat et a tir\u00e9 un num\u00e9ro favorable dans les stalles de d\u00e9part. Nous faisons le d\u00e9placement avec des ambitions. Je pense qu&rsquo;elle a une belle chance \u00e0 d\u00e9fendre. \u00bb<\/p>\n<p id=\"ch_HEMEVEZ\" style=\"margin-bottom: 1%;\"><a href=\"https:\/\/www.equidia.fr\/chevaux\/hemevez?horse_uuid=72ae73ff-b760-4235-a574-c0776b130de6\" target=\"_blank\" rel=\"noopener\">3 &#8211; \u00a0<img decoding=\"async\" alt=\"casaque_HEMEVEZ\" src=\"https:\/\/www.europesays.com\/fr\/wp-content\/uploads\/2025\/06\/1749478281_993_20250610-r1c7p3-png.png\" style=\"width: 4.5%; margin :0; vertical-align : middle;\"\/>\u00a0\u00a0HEMEVEZ<\/a><\/p>\n<p style=\"text-align: justify;\">Il a peu d&rsquo;exp\u00e9rience et a rejoint les boxes de Mauricio Delcher-Sanchez \u00e0 l&rsquo;issue de sa bonne rentr\u00e9e cantilienne d\u00e9but avril. Son nouvel entra\u00eeneur en dit du bien et a retenu la monte de Christophe Soumillon. Il d\u00e9couvre les handicaps pris \u00e0 une valeur de m\u00e9fiance. Un coup de poker.<\/p>\n<p><strong>Mauricio Delcher-Sanchez, entra\u00eeneur : <\/strong><\/p>\n<p style=\"text-align: justify;\">\u00ab Hemevez (3) va courir pour la premi\u00e8re fois sous mon entra\u00eenement. Je peux vous dire que c&rsquo;est un poulain plaisant le matin \u00e0 l&rsquo;entra\u00eenement et qu&rsquo;il me donne enti\u00e8re satisfaction au travail. Maintenant, il va d\u00e9buter dans les handicaps et doit prouver sa comp\u00e9titivit\u00e9 en valeur 41. Je trouve que c&rsquo;est toujours un peu compliqu\u00e9 dans ces conditions. Nous allons voir ce qu&rsquo;il peut faire, mais il avait montr\u00e9 un peu de qualit\u00e9 l&rsquo;an pass\u00e9. \u00bb<\/p>\n<p id=\"ch_MAGICAL TRAIL\" style=\"margin-bottom: 1%;\"><a href=\"https:\/\/www.equidia.fr\/chevaux\/magical-trail?horse_uuid=8d229a57-b7b0-4aa8-8352-cc41031ba684\" target=\"_blank\" rel=\"noopener\">4 &#8211; \u00a0<img decoding=\"async\" alt=\"casaque_MAGICAL TRAIL\" src=\"https:\/\/www.europesays.com\/fr\/wp-content\/uploads\/2025\/06\/20250610-r1c7p4-png.png\" style=\"width: 4.5%; margin :0; vertical-align : middle;\"\/>\u00a0\u00a0MAGICAL TRAIL<\/a><\/p>\n<p style=\"text-align: justify;\">Venue d&rsquo;Angleterre, cette pouliche de belle naissance n&rsquo;a pas encore r\u00e9ussi \u00e0 s&rsquo;imposer sur notre sol, en se montrant trop tendue. Munie d&rsquo;un bonnet, elle a mieux fini son parcours \u00e0 Dax. Elle d\u00e9bute dans les handicaps et il faut voir si elle peut \u00eatre comp\u00e9titive \u00e0 ce poids. Un regret.<\/p>\n<p><strong>Henri-Alex Pantall, entra\u00eeneur : <\/strong><\/p>\n<p style=\"text-align: justify;\">\u00ab Magical Trail (4) est une pouliche un peu tendue en course. Je trouve qu&rsquo;elle n&rsquo;a pas trop mal fini son parcours \u00e0 Dax. Elle va disputer son premier handicap et nous allons voir si elle est prise \u00e0 sa juste valeur. C&rsquo;est un test. \u00bb<\/p>\n<p id=\"ch_STUNNING ANGEL\" style=\"margin-bottom: 1%;\"><a href=\"https:\/\/www.equidia.fr\/chevaux\/stunning-angel-1?horse_uuid=6907d2d0-3e27-477c-bc49-ee428342177f\" target=\"_blank\" rel=\"noopener\">5 &#8211; \u00a0<img decoding=\"async\" alt=\"casaque_STUNNING ANGEL\" src=\"https:\/\/www.europesays.com\/fr\/wp-content\/uploads\/2025\/06\/1749478283_383_20250610-r1c7p5-png.png\" style=\"width: 4.5%; margin :0; vertical-align : middle;\"\/>\u00a0\u00a0STUNNING ANGEL<\/a><\/p>\n<p style=\"text-align: justify;\">Cette pouliche s\u00e9rieuse et exp\u00e9riment\u00e9e va s&rsquo;attaquer \u00e0 son premier Quint\u00e9+. Sur la foi de sa derni\u00e8re performance, elle appara\u00eet correctement trait\u00e9e au poids. Elle a tir\u00e9 un num\u00e9ro favorable dans les stalles (mais elle va attendre) et est confi\u00e9e \u00e0 Micka\u00ebl Barzalona. Chance r\u00e9guli\u00e8re.<\/p>\n<p><strong>R\u00e9mi Fradet, entra\u00eeneur : <\/strong><\/p>\n<p style=\"text-align: justify;\">\u00ab Stunning Angel (5) fait toutes ses courses. Elle est en forme et a montr\u00e9 qu&rsquo;elle \u00e9tait comp\u00e9titive \u00e0 cette valeur-l\u00e0. Je trouve le lot pas trop relev\u00e9. Elle a sa chance. Elle a h\u00e9rit\u00e9 d&rsquo;un num\u00e9ro de corde favorable, mais il ne faut pas la mettre dans le rouge. Nous allons la monter comme la derni\u00e8re fois, en attendant, pour qu&rsquo;elle puisse venir finir. \u00bb<\/p>\n<p id=\"ch_PRINCE AUBOIS\" style=\"margin-bottom: 1%;\"><a href=\"https:\/\/www.equidia.fr\/chevaux\/prince-aubois?horse_uuid=16775a5c-831c-470f-885c-8c41c9fbb42e\" target=\"_blank\" rel=\"noopener\">6 &#8211; \u00a0<img decoding=\"async\" alt=\"casaque_PRINCE AUBOIS\" src=\"https:\/\/www.europesays.com\/fr\/wp-content\/uploads\/2025\/06\/1749478283_239_20250610-r1c7p6-png.png\" style=\"width: 4.5%; margin :0; vertical-align : middle;\"\/>\u00a0\u00a0PRINCE AUBOIS<\/a><\/p>\n<p style=\"text-align: justify;\">En cinq sorties \u00e0 Saint-Cloud, il a toujours fini dans les cinq premiers, mais sans pouvoir faire mieux que troisi\u00e8me ! En d\u00e9pit d&rsquo;une p\u00e9nalit\u00e9 de trois kilos pour son succ\u00e8s du 24 avril, il a bien tenu sa partie dans le Quint\u00e9+ du 15 mai. Bien mieux plac\u00e9 dans les stalles, il faudra compter avec.<\/p>\n<p><strong>St\u00e9phanie Penot, entra\u00eeneur : <\/strong><\/p>\n<p style=\"text-align: justify;\">\u00ab Prince Aubois (6) est rest\u00e9 en excellente forme depuis sa derni\u00e8re sortie \u00e0 ParisLongchamp. Il nous a montr\u00e9 l&rsquo;autre jour qu&rsquo;il \u00e9tait encore comp\u00e9titif \u00e0 cette valeur-l\u00e0. C&rsquo;\u00e9tait vraiment super avec un num\u00e9ro de corde \u00e0 l&rsquo;ext\u00e9rieur. Cette fois, nous avons tir\u00e9 une position favorable dans les stalles de d\u00e9part et j&rsquo;esp\u00e8re que tout va bien se passer. Tous les feux sont au vert ! \u00bb<\/p>\n<p id=\"ch_PRECIOSO\" style=\"margin-bottom: 1%;\"><a href=\"https:\/\/www.equidia.fr\/chevaux\/precioso?horse_uuid=e1fa8fbe-2a49-4dc8-85b1-1d1a9365b6d6\" target=\"_blank\" rel=\"noopener\">7 &#8211; \u00a0<img decoding=\"async\" alt=\"casaque_PRECIOSO\" src=\"https:\/\/www.europesays.com\/fr\/wp-content\/uploads\/2025\/06\/1749478284_377_20250610-r1c7p7-png.png\" style=\"width: 4.5%; margin :0; vertical-align : middle;\"\/>\u00a0\u00a0PRECIOSO<\/a><\/p>\n<p style=\"text-align: justify;\">Il a incontestablement franchi un palier cette saison et a couru de premi\u00e8re dans le Quint\u00e9+ du 15 mai \u00e0 ParisLongchamp (5e). Il aurait m\u00eame pu mieux faire s&rsquo;il n&rsquo;avait pas d\u00fb temporiser \u00e0 mi-ligne droite. Henri-Alex Pantall nous assure de sa bonne forme. Sa place est \u00e0 l&rsquo;arriv\u00e9e.<\/p>\n<p><strong>Henri-Alex Pantall, entra\u00eeneur : <\/strong><\/p>\n<p style=\"text-align: justify;\">\u00ab Precioso (7) courait bien la derni\u00e8re fois dans le Quint\u00e9+ \u00e0 ParisLongchamp. Il n&rsquo;a pas \u00e9t\u00e9 tr\u00e8s heureux pour finir, mais il prouvait sa comp\u00e9titivit\u00e9 \u00e0 ce niveau. Le cheval est rest\u00e9 en forme et tout va bien depuis. J&rsquo;esp\u00e8re qu&rsquo;il va pouvoir confirmer. \u00bb<\/p>\n<p id=\"ch_STOLEN KISS\" style=\"margin-bottom: 1%;\"><a href=\"https:\/\/www.equidia.fr\/chevaux\/stolen-kiss-1?horse_uuid=e28ca2f4-6392-4d1d-9fb3-598eb96cbb07\" target=\"_blank\" rel=\"noopener\">8 &#8211; \u00a0<img decoding=\"async\" alt=\"casaque_STOLEN KISS\" src=\"https:\/\/www.europesays.com\/fr\/wp-content\/uploads\/2025\/06\/20250610-r1c7p8-png.png\" style=\"width: 4.5%; margin :0; vertical-align : middle;\"\/>\u00a0\u00a0STOLEN KISS<\/a><\/p>\n<p style=\"text-align: justify;\">Apr\u00e8s un bon d\u00e9but de carri\u00e8re, il est parti tr\u00e8s appuy\u00e9 dans le Quint\u00e9+ du 24 avril \u00e0 ParisLongchamp, mais n&rsquo;a pu se mettre en \u00e9vidence. Il a ensuite \u00e9t\u00e9 domin\u00e9 \u00e0 Dax par des \u00e9l\u00e9ments qu&rsquo;il retrouve ici en \u00e9tant mieux plac\u00e9 au poids. Bien plac\u00e9 dans les stalles, il ne faut pas le condamner.<\/p>\n<p><strong>Patrice Cottier, entra\u00eeneur : <\/strong><\/p>\n<p style=\"text-align: justify;\">\u00ab Cela ne s&rsquo;est pas trop bien pass\u00e9 pour Stolen Kiss (8) lors de ses deux derni\u00e8res sorties. Je pense qu&rsquo;il n&rsquo;a pas beaucoup de marge de man\u0153uvre \u00e0 cette valeur-l\u00e0, mais il faut tout de m\u00eame le reprendre pour les places. Sa forme est s\u00fbre et il partira avec un bon num\u00e9ro dans les stalles de d\u00e9part. Il ne faut pas l&rsquo;\u00e9carter. \u00bb<\/p>\n<p id=\"ch_NOFIX\" style=\"margin-bottom: 1%;\"><a href=\"https:\/\/www.equidia.fr\/chevaux\/nofix?horse_uuid=6086cd39-4c85-48fa-8f0f-0c0b3aaab676\" target=\"_blank\" rel=\"noopener\">9 &#8211; \u00a0<img decoding=\"async\" alt=\"casaque_NOFIX\" src=\"https:\/\/www.europesays.com\/fr\/wp-content\/uploads\/2025\/06\/1749478285_801_20250610-r1c7p9-png.png\" style=\"width: 4.5%; margin :0; vertical-align : middle;\"\/>\u00a0\u00a0NOFIX<\/a><\/p>\n<p style=\"text-align: justify;\">Laur\u00e9at d\u00e8s sa deuxi\u00e8me sortie, sur la fibr\u00e9e cantilienne, en d\u00e9but d&rsquo;ann\u00e9e, il a \u00e9galement fait ses preuves sur le gazon, en se classant deuxi\u00e8me d&rsquo;un Quint\u00e9+ \u00e0 ParisLongchamp, mi-mai. Selon son mentor, tous les feux sont \u00e0 nouveau au vert. On lui fait confiance. Premi\u00e8re chance.<\/p>\n<p><strong>Edouard Monfort, entra\u00eeneur : <\/strong><\/p>\n<p style=\"text-align: justify;\">\u00ab Nofix (9) est rest\u00e9 en pleine forme depuis sa derni\u00e8re sortie dans le Quint\u00e9+ de ParisLongchamp, qui \u00e9tait excellente. J&rsquo;esp\u00e8re qu&rsquo;il va r\u00e9p\u00e9ter cette performance. Son num\u00e9ro 12 dans les stalles de d\u00e9part n&rsquo;est pas id\u00e9al, mais cela ne m&rsquo;inqui\u00e8te pas plus que cela. Il a beaucoup d&rsquo;atouts. Tous les feux sont au vert ! \u00bb<\/p>\n<p id=\"ch_FAME\" style=\"margin-bottom: 1%;\"><a href=\"https:\/\/www.equidia.fr\/chevaux\/fame-1?horse_uuid=d2dfbbc8-3cb2-46ab-a8f9-375228f8f93e\" target=\"_blank\" rel=\"noopener\">10 &#8211; \u00a0<img decoding=\"async\" alt=\"casaque_FAME\" src=\"https:\/\/www.europesays.com\/fr\/wp-content\/uploads\/2025\/06\/20250610-r1c7p10-png.png\" style=\"width: 4.5%; margin :0; vertical-align : middle;\"\/>\u00a0\u00a0FAME<\/a><\/p>\n<p style=\"text-align: justify;\">Apr\u00e8s une r\u00e9apparition sur cette piste de Saint-Cloud qu&rsquo;elle conna\u00eet bien, elle n&rsquo;a pas d\u00e9m\u00e9rit\u00e9 dans le Quint\u00e9+ du 24 avril \u00e0 ParisLongchamp et a conclu sur le podium d&rsquo;un maiden \u00e0 Dieppe. Elle ne dispose pas d&rsquo;une grosse marge de manoeuvre. Mais si cela se passe bien, elle peut se placer.<\/p>\n<p><strong>L&rsquo;avis du reporter : <\/strong><\/p>\n<p style=\"text-align: justify;\">\u00ab Fame (10) avait r\u00e9alis\u00e9 des d\u00e9buts tr\u00e8s int\u00e9ressants \u00e0 ce niveau le 24 avril \u00e0 ParisLongchamp et a depuis bien couru sur l&rsquo;hippodrome de Dieppe, dans un maiden. Elle est en forme et a h\u00e9rit\u00e9 d&rsquo;un num\u00e9ro favorable dans les stalles de d\u00e9part. Avec un bon parcours, elle devrait pouvoir se glisser dans la bonne combinaison du Quint\u00e9+. \u00bb<\/p>\n<p id=\"ch_BRAVO BAY\" style=\"margin-bottom: 1%;\"><a href=\"https:\/\/www.equidia.fr\/chevaux\/bravo-bay?horse_uuid=cfbdcf8e-6daf-40c9-85ea-4a70a59ac280\" target=\"_blank\" rel=\"noopener\">11 &#8211; \u00a0<img decoding=\"async\" alt=\"casaque_BRAVO BAY\" src=\"https:\/\/www.europesays.com\/fr\/wp-content\/uploads\/2025\/06\/20250610-r1c7p11-png.png\" style=\"width: 4.5%; margin :0; vertical-align : middle;\"\/>\u00a0\u00a0BRAVO BAY<\/a><\/p>\n<p style=\"text-align: justify;\">Elle avait ouvert son palmar\u00e8s d\u00e8s sa deuxi\u00e8me sortie \u00e0 2 ans, sur le parcours du jour. Elle tarde un peu \u00e0 confirmer ses bonnes dispositions cette saison, m\u00eame si elle n&rsquo;a pas d\u00e9m\u00e9rit\u00e9 pour son premier essai dans les handicaps. Son entra\u00eeneur reste confiant. A glisser plut\u00f4t en fin de combinaison.<\/p>\n<p><strong>Gianluca Bietolini, entra\u00eeneur : <\/strong><\/p>\n<p style=\"text-align: justify;\">\u00ab Bravo Bay (11) commence vraiment \u00e0 avoir une bonne condition. Je n&rsquo;ai pas \u00e9t\u00e9 d\u00e9\u00e7u de sa derni\u00e8re course \u00e0 Saint-Cloud. Le lot \u00e9tait int\u00e9ressant et elle s&rsquo;est tout de m\u00eame bien battue. Mardi, nous devrons composer avec un num\u00e9ro de corde \u00e0 l&rsquo;ext\u00e9rieur, mais, si tout se d\u00e9roule pour le mieux, elle peut terminer dans les cinq premiers. Elle conna\u00eet cette piste de Saint-Cloud et je trouve qu&rsquo;elle est bien plac\u00e9e dans ce handicap. \u00bb<\/p>\n<p id=\"ch_APOGEO\" style=\"margin-bottom: 1%;\"><a href=\"https:\/\/www.equidia.fr\/chevaux\/apogeo?horse_uuid=b2900829-57b9-43bb-978a-325a93f8b3de\" target=\"_blank\" rel=\"noopener\">12 &#8211; \u00a0<img decoding=\"async\" alt=\"casaque_APOGEO\" src=\"https:\/\/www.europesays.com\/fr\/wp-content\/uploads\/2025\/06\/20250610-r1c7p12-png.png\" style=\"width: 4.5%; margin :0; vertical-align : middle;\"\/>\u00a0\u00a0APOGEO<\/a><\/p>\n<p style=\"text-align: justify;\">Pas revu apr\u00e8s avoir ouvert son palmar\u00e8s sur la fibr\u00e9e cantilienne d\u00e9but mars, il va donc ici effectuer une rentr\u00e9e, d\u00e9couvrir le gazon et d\u00e9buter sur un trac\u00e9 \u00e0 main gauche ! Cela fait pas mal d&rsquo;interrogations, son mentor en convient, d&rsquo;autant qu&rsquo;il peut manquer de \u00e7a. Attendons de voir.<\/p>\n<p><strong>Maurizio Guarnieri, entra\u00eeneur : <\/strong><\/p>\n<p style=\"text-align: justify;\">\u00ab Apogeo (12) a r\u00e9alis\u00e9 un bon hiver sur la PSF cantilienne. Mardi, il va effectuer une course de rentr\u00e9e et d\u00e9buter, par la m\u00eame occasion, sur le gazon. Le terrain sera probablement souple et je n&rsquo;ai pas de recul sur ses aptitudes. Il n&rsquo;a \u00e9galement jamais couru corde \u00e0 gauche et j&rsquo;ai pas mal d&rsquo;interrogations \u00e0 son sujet. Sachez qu&rsquo;il est apte \u00e0 faire son retour \u00e0 la comp\u00e9tition. Mais je pense qu&rsquo;il va tout de m\u00eame avoir besoin. \u00bb<\/p>\n<p id=\"ch_THE DOCTOR\" style=\"margin-bottom: 1%;\"><a href=\"https:\/\/www.equidia.fr\/chevaux\/the-doctor?horse_uuid=815c2dc1-e9f7-44bf-9197-b8e291c27ad0\" target=\"_blank\" rel=\"noopener\">13 &#8211; \u00a0<img decoding=\"async\" alt=\"casaque_THE DOCTOR\" src=\"https:\/\/www.europesays.com\/fr\/wp-content\/uploads\/2025\/06\/20250610-r1c7p13-png.png\" style=\"width: 4.5%; margin :0; vertical-align : middle;\"\/>\u00a0\u00a0THE DOCTOR<\/a><\/p>\n<p style=\"text-align: justify;\">Il n&rsquo;a pas d\u00e9m\u00e9rit\u00e9 \u00e0 deux reprises dans cette cat\u00e9gorie au printemps, avec une quatri\u00e8me place \u00e0 la cl\u00e9. Muni pour la premi\u00e8re fois d&rsquo;\u0153ill\u00e8res, il s&rsquo;est montr\u00e9 plus volontaire pour ouvrir son palmar\u00e8s sur la fibr\u00e9e marseillaise. L&rsquo;exp\u00e9rience est reconduite. Un accessit est dans ses cordes.<\/p>\n<p><strong>Nicolas Perret, entra\u00eeneur : <\/strong><\/p>\n<p style=\"text-align: justify;\">\u00ab The Doctor (13) s&rsquo;est montr\u00e9 plus volontaire l&rsquo;autre jour avec les \u0153ill\u00e8res. Cela lui a permis de dominer un petit lot \u00e0 Marseille-Vivaux. Malheureusement, nous avons tir\u00e9 le num\u00e9ro 15 dans les stalles de d\u00e9part. J&rsquo;esp\u00e8re aussi que la piste ne va pas trop s&rsquo;assouplir, car il avait effectu\u00e9 une performance moyenne l&rsquo;avant-derni\u00e8re fois \u00e0 ParisLongchamp. Je me demande encore si c&rsquo;\u00e9tait du mauvais vouloir ou s&rsquo;il n&rsquo;avait pas aim\u00e9 le terrain ce jour-l\u00e0. En tout cas, le cheval est rest\u00e9 au top depuis sa victoire et j&rsquo;esp\u00e8re le voir un jour gagner son Quint\u00e9+. \u00bb<\/p>\n<p id=\"ch_HEMATITE\" style=\"margin-bottom: 1%;\"><a href=\"https:\/\/www.equidia.fr\/chevaux\/hematite?horse_uuid=ae58f56f-f4e4-48e6-b7b3-a088db71b632\" target=\"_blank\" rel=\"noopener\">14 &#8211; \u00a0<img decoding=\"async\" alt=\"casaque_HEMATITE\" src=\"https:\/\/www.europesays.com\/fr\/wp-content\/uploads\/2025\/06\/1749478288_481_20250610-r1c7p14-png.png\" style=\"width: 4.5%; margin :0; vertical-align : middle;\"\/>\u00a0\u00a0HEMATITE<\/a><\/p>\n<p style=\"text-align: justify;\">Cette pouliche peu exp\u00e9riment\u00e9e vient d&rsquo;ouvrir son palmar\u00e8s dans un handicap \u00e0 ParisLongchamp. Elle \u00e9tait pour l&rsquo;occasion munie pour la premi\u00e8re fois d&rsquo;\u0153ill\u00e8res australiennes. Elle est certes p\u00e9nalis\u00e9e de cinq livres. Mais on conna\u00eet l&rsquo;habilet\u00e9 de son mentor dans ce type d&rsquo;\u00e9preuve. Attention !<\/p>\n<p><strong>L&rsquo;avis du reporter : <\/strong><\/p>\n<p style=\"text-align: justify;\">\u00ab Hematite (14) vient d&rsquo;ouvrir son palmar\u00e8s sur l&rsquo;hippodrome de ParisLongchamp, dans un handicap. Elle monte de cat\u00e9gorie en ayant \u00e9t\u00e9 p\u00e9nalis\u00e9e au poids, mais elle semble sur la montante. En outre, le port des \u0153ill\u00e8res australiennes semble avoir eu un effet b\u00e9n\u00e9fique. Il ne faut pas l&rsquo;\u00e9carter pour une place en fin de combinaison. \u00bb<\/p>\n<p id=\"ch_VICTORY CALL\" style=\"margin-bottom: 1%;\"><a href=\"https:\/\/www.equidia.fr\/chevaux\/victory-call?horse_uuid=404dc1aa-3c31-4bcc-afee-ff50c35b4e4c\" target=\"_blank\" rel=\"noopener\">15 &#8211; \u00a0<img decoding=\"async\" alt=\"casaque_VICTORY CALL\" src=\"https:\/\/www.europesays.com\/fr\/wp-content\/uploads\/2025\/06\/20250610-r1c7p15-png.png\" style=\"width: 4.5%; margin :0; vertical-align : middle;\"\/>\u00a0\u00a0VICTORY CALL<\/a><\/p>\n<p style=\"text-align: justify;\">Elle a ouvert son palmar\u00e8s d\u00e8s sa r\u00e9apparition, sur le kilom\u00e8tre de Moulins, et s&rsquo;est honorablement comport\u00e9e pour son premier essai dans les handicaps. Maintenant, elle va d\u00e9couvrir une distance plus longue et un trac\u00e9 avec tournant. Elle a \u00e9galement tir\u00e9 le 16 \u00e0 la corde. Pas \u00e9vident.<\/p>\n<p><strong>Henri-Fran\u00e7ois Devin, entra\u00eeneur : <\/strong><\/p>\n<p style=\"text-align: justify;\">\u00ab Victory Call (15) est en forme. Maintenant, je n&rsquo;ai pas le choix des engagements et je ne sais pas si elle a de la marge. En outre, elle est rallong\u00e9e. Cette course aura valeur de test. \u00bb<\/p>\n<p id=\"ch_ELUSIVE BELARDO\" style=\"margin-bottom: 1%;\"><a href=\"https:\/\/www.equidia.fr\/chevaux\/elusive-belardo?horse_uuid=654afb4c-f58c-4e39-b017-ec9cb3c1115c\" target=\"_blank\" rel=\"noopener\">16 &#8211; \u00a0<img decoding=\"async\" alt=\"casaque_ELUSIVE BELARDO\" src=\"https:\/\/www.europesays.com\/fr\/wp-content\/uploads\/2025\/06\/1749478289_683_20250610-r1c7p16-png.png\" style=\"width: 4.5%; margin :0; vertical-align : middle;\"\/>\u00a0\u00a0ELUSIVE BELARDO<\/a><\/p>\n<p style=\"text-align: justify;\">Cette pouliche honn\u00eate a ouvert son palmar\u00e8s dans un handicap \u00e0 Marseille-Bor\u00e9ly et a doubl\u00e9 la mise dans une \u00e9preuve \u00e0 r\u00e9clamer \u00e0 ParisLongchamp, \u00e0 l&rsquo;issue de laquelle Nicolas Caullery s&rsquo;en est port\u00e9 acqu\u00e9reur. Dans la foul\u00e9e, il tente sa chance dans ce Quint\u00e9+. Pourquoi pas ?<\/p>\n<p><strong>Nicolas Caullery, entra\u00eeneur : <\/strong><\/p>\n<p style=\"text-align: justify;\">\u00ab Je viens d&rsquo;acheter Elusive Belardo (16) apr\u00e8s sa victoire dans une \u00e9preuve \u00e0 r\u00e9clamer sur l&rsquo;hippodrome de ParisLongchamp. Elle a gagn\u00e9 plaisamment et, sur la forme, on tente ce Quint\u00e9+. Je n&rsquo;ai pas recul, mais je peux vous dire que la pouliche est plaisante \u00e0 l&rsquo;entra\u00eenement. Cette course aura valeur de test. \u00bb<\/p>\n<p><strong>Les favoris de la presse<\/strong><\/p>\n<p class=\"synthese\"><strong>SYNTH\u00c8SE \u00a0\u00a0\u00a0\u00a09\u00a0\u00a0&#8211;\u00a0\u00a01\u00a0\u00a0&#8211;\u00a0\u00a06\u00a0\u00a0&#8211;\u00a0\u00a03\u00a0\u00a0&#8211;\u00a0\u00a010\u00a0\u00a0&#8211;\u00a0\u00a013\u00a0\u00a0&#8211;\u00a0\u00a05\u00a0\u00a0&#8211;\u00a0\u00a07<\/strong><\/p>\n<p><a href=\"https:\/\/servedby.revive-adserver.net\/ck.php?n=aa10a822&amp;cb=1234\" target=\"_blank\" rel=\"noopener\"><img decoding=\"async\" alt=\"\" border=\"0\" src=\"https:\/\/www.europesays.com\/fr\/wp-content\/uploads\/2025\/06\/1749478290_345_avw\"\/><\/a><\/p>\n<p><strong>Les stats du jour<\/strong><\/p>\n<p><img decoding=\"async\" src=\"https:\/\/www.europesays.com\/fr\/wp-content\/uploads\/2025\/06\/0610_stats-web_2025-jpg\"\/><\/p>\n<p><strong>Nos \u00e9missions de pronos<\/strong><a href=\"https:\/\/www.equidia.fr\/emissions\/3-mn-q-2023\" target=\"_blank\" rel=\"noopener\"><img decoding=\"async\" alt=\"3min-pronos\" class=\"img_prono\" src=\"https:\/\/www.europesays.com\/fr\/wp-content\/uploads\/2025\/04\/vignette-article-3min-pronos-jpg-1.jpeg\"\/><\/a>3 mn PRONOS du 10\/06<br \/>(Disponible lundi 09 juin 2025, \u00e0 partir de 17h55)<a href=\"https:\/\/www.equidia.fr\/emissions\/ticket-gagnant-2023\" target=\"_blank\" rel=\"noopener\"><img decoding=\"async\" alt=\"ticket-gagnant\" class=\"img_prono\" src=\"https:\/\/www.europesays.com\/fr\/wp-content\/uploads\/2025\/04\/vignette-article-ticket-gagnant-jpg-1.jpeg\"\/><\/a>TICKET GAGNANT du 10\/06<br \/>(Disponible lundi 09 juin 2025, \u00e0 partir de 18h00)<\/p>\n","protected":false},"excerpt":{"rendered":"Les partants du Quint\u00e9+ de ce mardi 10 juin.PRIX DE FOUILLEUSEMARDI 10 JUINSAINT-CLOUD &#8211; 1400 METRES &#8211; \u00a0D\u00c9PART&hellip;\n","protected":false},"author":2,"featured_media":163386,"comment_status":"","ping_status":"","sticky":false,"template":"","format":"standard","meta":{"footnotes":""},"categories":[1888],"tags":[11,1777,674,1011,27,3014,12,626,3016,1821,3015,25],"class_list":{"0":"post-163385","1":"post","2":"type-post","3":"status-publish","4":"format-standard","5":"has-post-thumbnail","7":"category-paris","8":"tag-actualites","9":"tag-eu","10":"tag-europe","11":"tag-fr","12":"tag-france","13":"tag-galop","14":"tag-news","15":"tag-paris","16":"tag-plat","17":"tag-pronostics","18":"tag-qrcode","19":"tag-republique-francaise"},"share_on_mastodon":{"url":"https:\/\/pubeurope.com\/@fr\/114653816055294583","error":""},"_links":{"self":[{"href":"https:\/\/www.europesays.com\/fr\/wp-json\/wp\/v2\/posts\/163385","targetHints":{"allow":["GET"]}}],"collection":[{"href":"https:\/\/www.europesays.com\/fr\/wp-json\/wp\/v2\/posts"}],"about":[{"href":"https:\/\/www.europesays.com\/fr\/wp-json\/wp\/v2\/types\/post"}],"author":[{"embeddable":true,"href":"https:\/\/www.europesays.com\/fr\/wp-json\/wp\/v2\/users\/2"}],"replies":[{"embeddable":true,"href":"https:\/\/www.europesays.com\/fr\/wp-json\/wp\/v2\/comments?post=163385"}],"version-history":[{"count":0,"href":"https:\/\/www.europesays.com\/fr\/wp-json\/wp\/v2\/posts\/163385\/revisions"}],"wp:featuredmedia":[{"embeddable":true,"href":"https:\/\/www.europesays.com\/fr\/wp-json\/wp\/v2\/media\/163386"}],"wp:attachment":[{"href":"https:\/\/www.europesays.com\/fr\/wp-json\/wp\/v2\/media?parent=163385"}],"wp:term":[{"taxonomy":"category","embeddable":true,"href":"https:\/\/www.europesays.com\/fr\/wp-json\/wp\/v2\/categories?post=163385"},{"taxonomy":"post_tag","embeddable":true,"href":"https:\/\/www.europesays.com\/fr\/wp-json\/wp\/v2\/tags?post=163385"}],"curies":[{"name":"wp","href":"https:\/\/api.w.org\/{rel}","templated":true}]}}