{"id":163387,"date":"2025-06-09T14:12:13","date_gmt":"2025-06-09T14:12:13","guid":{"rendered":"https:\/\/www.europesays.com\/fr\/163387\/"},"modified":"2025-06-09T14:12:13","modified_gmt":"2025-06-09T14:12:13","slug":"paris-le-jardin-junot-proche-de-louverture-malgre-le-combat-continu-des-boulistes-de-montmartre","status":"publish","type":"post","link":"https:\/\/www.europesays.com\/fr\/163387\/","title":{"rendered":"Paris\u00a0: le Jardin Junot proche de l\u2019ouverture malgr\u00e9 le combat continu des boulistes de Montmartre\u00a0?"},"content":{"rendered":"<p class=\"paragraph text_align_left\">C\u2019est une oasis paisible au milieu d\u2019une butte Montmartre tr\u00e8s satur\u00e9e de touristes. Blotti passage de la Sorci\u00e8re, all\u00e9e priv\u00e9e qui relie la rue Lepic \u00e0 l\u2019avenue Junot dans <a href=\"https:\/\/www.leparisien.fr\/paris-75\/paris-75018\/\" target=\"_self\" rel=\"nofollow noopener\">le XVIIIe arrondissement de Paris<\/a>, le square de 800 m2, dernier vestige du maquis de Montmartre class\u00e9 depuis 1991, n\u2019a plus rien de serein.<\/p>\n<p class=\"paragraph text_align_left\">Le terrain, occup\u00e9 par les boulistes du Club Lepic Abbesses P\u00e9tanque (Clap) durant 71 ans avant leur <a href=\"https:\/\/www.leparisien.fr\/paris-75\/paris-le-clap-club-de-petanque-de-montmartre-en-cours-dexpulsion-de-son-terrain-historique-21-10-2024-YAV47OXZBJDRRI54NAKPIK4HH4.php\" target=\"_self\" rel=\"nofollow noopener\">\u00e9vacuation manu militari<\/a> le 21 octobre 2024, est au c\u0153ur d\u2019un v\u00e9ritable bras de fer. Une pol\u00e9mique qui se joue bien au-del\u00e0 de l\u2019avenir de cette association de 300 membres et interroge sur la \u00ab marchandisation de l\u2019espace public \u00bb.<\/p>\n","protected":false},"excerpt":{"rendered":"C\u2019est une oasis paisible au milieu d\u2019une butte Montmartre tr\u00e8s satur\u00e9e de touristes. Blotti passage de la Sorci\u00e8re,&hellip;\n","protected":false},"author":2,"featured_media":163388,"comment_status":"","ping_status":"","sticky":false,"template":"","format":"standard","meta":{"footnotes":""},"categories":[1888],"tags":[11,1777,674,1011,27,1944,12,626,25],"class_list":{"0":"post-163387","1":"post","2":"type-post","3":"status-publish","4":"format-standard","5":"has-post-thumbnail","7":"category-paris","8":"tag-actualites","9":"tag-eu","10":"tag-europe","11":"tag-fr","12":"tag-france","13":"tag-ma-ville","14":"tag-news","15":"tag-paris","16":"tag-republique-francaise"},"share_on_mastodon":{"url":"","error":""},"_links":{"self":[{"href":"https:\/\/www.europesays.com\/fr\/wp-json\/wp\/v2\/posts\/163387","targetHints":{"allow":["GET"]}}],"collection":[{"href":"https:\/\/www.europesays.com\/fr\/wp-json\/wp\/v2\/posts"}],"about":[{"href":"https:\/\/www.europesays.com\/fr\/wp-json\/wp\/v2\/types\/post"}],"author":[{"embeddable":true,"href":"https:\/\/www.europesays.com\/fr\/wp-json\/wp\/v2\/users\/2"}],"replies":[{"embeddable":true,"href":"https:\/\/www.europesays.com\/fr\/wp-json\/wp\/v2\/comments?post=163387"}],"version-history":[{"count":0,"href":"https:\/\/www.europesays.com\/fr\/wp-json\/wp\/v2\/posts\/163387\/revisions"}],"wp:featuredmedia":[{"embeddable":true,"href":"https:\/\/www.europesays.com\/fr\/wp-json\/wp\/v2\/media\/163388"}],"wp:attachment":[{"href":"https:\/\/www.europesays.com\/fr\/wp-json\/wp\/v2\/media?parent=163387"}],"wp:term":[{"taxonomy":"category","embeddable":true,"href":"https:\/\/www.europesays.com\/fr\/wp-json\/wp\/v2\/categories?post=163387"},{"taxonomy":"post_tag","embeddable":true,"href":"https:\/\/www.europesays.com\/fr\/wp-json\/wp\/v2\/tags?post=163387"}],"curies":[{"name":"wp","href":"https:\/\/api.w.org\/{rel}","templated":true}]}}