{"id":163395,"date":"2025-06-09T14:16:09","date_gmt":"2025-06-09T14:16:09","guid":{"rendered":"https:\/\/www.europesays.com\/fr\/163395\/"},"modified":"2025-06-09T14:16:09","modified_gmt":"2025-06-09T14:16:09","slug":"pendant-que-la-france-enquete-sur-tiktok-le-reseau-social-annonce-500-embauches-au-royaume-uni","status":"publish","type":"post","link":"https:\/\/www.europesays.com\/fr\/163395\/","title":{"rendered":"Pendant que la France enqu\u00eate sur TikTok, le r\u00e9seau social annonce 500 embauches au Royaume-Uni"},"content":{"rendered":"<p>Avec 30 millions d\u2019utilisateurs mensuels, le pays constitue le principal march\u00e9 du r\u00e9seau social chinois. Ces nouvelles embauches porteront le nombre de ses employ\u00e9s sur place \u00e0 3000.<\/p>\n<p class=\"fig-paragraph\">Le r\u00e9seau social\u00a0<a href=\"http:\/\/www.lefigaro.fr\/actualite-france\/apres-l-alerte-d-aurore-berge-l-influenceur-ad-laurent-va-etre-auditionne-par-la-commission-tiktok-20250519\" data-fig-type=\"NewsFlash\" data-gtm-custom-categorie=\"navigation\" data-gtm-custom-action=\"crossclick\" data-gtm-custom-label=\"Contextuel\" data-gtm-event=\"customEventSPE\" data-fig-domain=\"LEFIGARO\" target=\"_blank\" rel=\"noopener\">TikTok<\/a>, propri\u00e9t\u00e9 du groupe chinois ByteDance, a annonc\u00e9 lundi la cr\u00e9ation de 500 emplois au Royaume-Uni, o\u00f9 se trouve selon lui \u00abla plus grande communaut\u00e9 d&rsquo;utilisateurs\u00bb de ses services en Europe. \u00abPlus de 30 millions de personnes au Royaume-Uni utilisent d\u00e9sormais TikTok chaque mois\u00bb, sur une population d&rsquo;environ 68 millions, a annonc\u00e9 dans un communiqu\u00e9 le r\u00e9seau social, qui compte cr\u00e9er dans le pays \u00abplus de 500 emplois\u00bb et ouvrir \u00abd\u00e9but 2026\u00bb son deuxi\u00e8me bureau \u00e0 Londres, \u00e0 Barbican, en plein centre de la capitale.<\/p>\n<p class=\"fig-paragraph\">Cela portera le nombre de ses employ\u00e9s dans le pays \u00e0 3000 et l&rsquo;investissement de TikTok dans les infrastructures britanniques \u00e0 environ 140 millions de livres (166 millions d&rsquo;euros), pr\u00e9cise l&rsquo;entreprise, qui s&rsquo;y est lanc\u00e9e en 2018. En France, le r\u00e9seau social fait actuellement l\u2019objet d\u2019une commission d\u2019enqu\u00eate sur ses effets psychologiques sur les mineurs, lanc\u00e9e le 13 mars dernier.<\/p>\n<p>Possible couvre-feu \u00e0 22 heures<\/p>\n<p class=\"fig-paragraph\">Si TikTok dit \u00eatre \u00abprofond\u00e9ment engag\u00e9 envers la s\u00e9curit\u00e9\u00bb, la plateforme est\u00a0<a href=\"http:\/\/www.lefigaro.fr\/secteur\/high-tech\/les-deputes-de-la-commission-d-enquete-tiktok-appellent-des-millions-de-francais-a-temoigner-20250423\" data-fig-type=\"Article\" data-gtm-custom-categorie=\"navigation\" data-gtm-custom-action=\"crossclick\" data-gtm-custom-label=\"Contextuel\" data-gtm-event=\"customEventSPE\" data-fig-domain=\"LEFIGARO\" target=\"_blank\" rel=\"noopener\">dans le viseur des autorit\u00e9s<\/a>, tant en Europe qu&rsquo;aux \u00c9tats-Unis, pour son impact sur la sant\u00e9 mentale des enfants, son usage des donn\u00e9es d&rsquo;utilisateurs, ou encore son influence sur le d\u00e9bat public et les \u00e9lections au profit de puissances \u00e9trang\u00e8res.<\/p>\n<p class=\"fig-paragraph\">Un ministre britannique a indiqu\u00e9 dimanche que le gouvernement envisageait des mesures pour limiter le temps que les enfants passent sur leur t\u00e9l\u00e9phone, notamment via un possible couvre-feu \u00e0 22 heures ou une limitation \u00e0 deux heures par application. Plusieurs pays europ\u00e9ens, dont la France, ont aussi dit la semaine derni\u00e8re vouloir limiter l&rsquo;acc\u00e8s des mineurs aux r\u00e9seaux sociaux.<\/p>\n<p class=\"fig-paragraph\">TikTok avait par ailleurs \u00e9cop\u00e9 d\u00e9but mai d&rsquo;une lourde amende de 530 millions d&rsquo;euros dans l&rsquo;Union europ\u00e9enne pour avoir \u00e9chou\u00e9 \u00e0 garantir une protection suffisante des donn\u00e9es personnelles des Europ\u00e9ens en Chine, d&rsquo;o\u00f9 elles sont accessibles. L&rsquo;Agence France-Presse (AFP), parmi plus d&rsquo;une quinzaine d&rsquo;organisations de fact-checking, est r\u00e9mun\u00e9r\u00e9e par TikTok dans plusieurs pays pour v\u00e9rifier des vid\u00e9os qui contiennent potentiellement de fausses informations.<\/p>\n","protected":false},"excerpt":{"rendered":"Avec 30 millions d\u2019utilisateurs mensuels, le pays constitue le principal march\u00e9 du r\u00e9seau social chinois. Ces nouvelles embauches&hellip;\n","protected":false},"author":2,"featured_media":163396,"comment_status":"","ping_status":"","sticky":false,"template":"","format":"standard","meta":{"footnotes":""},"categories":[1588],"tags":[47,11,722,723,1777,674,727,726,142,310,655,720,12,719,473,1853,724,725,717,718,2439,1851,1850,1852,721,728],"class_list":{"0":"post-163395","1":"post","2":"type-post","3":"status-publish","4":"format-standard","5":"has-post-thumbnail","7":"category-royaume-uni","8":"tag-actualite","9":"tag-actualites","10":"tag-blog","11":"tag-blogs","12":"tag-eu","13":"tag-europe","14":"tag-gadget","15":"tag-gadgets","16":"tag-high-tech","17":"tag-internet","18":"tag-iphone","19":"tag-multimedia","20":"tag-news","21":"tag-nouvelles-technolgies","22":"tag-royaume-uni","23":"tag-royaume-uni-de-grande-bretagne-et-dirlande-du-nord","24":"tag-smartphone","25":"tag-tablette","26":"tag-technologie","27":"tag-tic","28":"tag-tiktok","29":"tag-uk","30":"tag-united-kingdom","31":"tag-united-kingdom-of-great-britain-and-northern-ireland","32":"tag-web","33":"tag-widgets"},"share_on_mastodon":{"url":"https:\/\/pubeurope.com\/@fr\/114653835225743746","error":""},"_links":{"self":[{"href":"https:\/\/www.europesays.com\/fr\/wp-json\/wp\/v2\/posts\/163395","targetHints":{"allow":["GET"]}}],"collection":[{"href":"https:\/\/www.europesays.com\/fr\/wp-json\/wp\/v2\/posts"}],"about":[{"href":"https:\/\/www.europesays.com\/fr\/wp-json\/wp\/v2\/types\/post"}],"author":[{"embeddable":true,"href":"https:\/\/www.europesays.com\/fr\/wp-json\/wp\/v2\/users\/2"}],"replies":[{"embeddable":true,"href":"https:\/\/www.europesays.com\/fr\/wp-json\/wp\/v2\/comments?post=163395"}],"version-history":[{"count":0,"href":"https:\/\/www.europesays.com\/fr\/wp-json\/wp\/v2\/posts\/163395\/revisions"}],"wp:featuredmedia":[{"embeddable":true,"href":"https:\/\/www.europesays.com\/fr\/wp-json\/wp\/v2\/media\/163396"}],"wp:attachment":[{"href":"https:\/\/www.europesays.com\/fr\/wp-json\/wp\/v2\/media?parent=163395"}],"wp:term":[{"taxonomy":"category","embeddable":true,"href":"https:\/\/www.europesays.com\/fr\/wp-json\/wp\/v2\/categories?post=163395"},{"taxonomy":"post_tag","embeddable":true,"href":"https:\/\/www.europesays.com\/fr\/wp-json\/wp\/v2\/tags?post=163395"}],"curies":[{"name":"wp","href":"https:\/\/api.w.org\/{rel}","templated":true}]}}