{"id":163406,"date":"2025-06-09T14:22:13","date_gmt":"2025-06-09T14:22:13","guid":{"rendered":"https:\/\/www.europesays.com\/fr\/163406\/"},"modified":"2025-06-09T14:22:13","modified_gmt":"2025-06-09T14:22:13","slug":"decouvrez-les-20-villes-les-plus-inegalitaires-de-france","status":"publish","type":"post","link":"https:\/\/www.europesays.com\/fr\/163406\/","title":{"rendered":"d\u00e9couvrez les 20 villes les plus in\u00e9galitaires de France"},"content":{"rendered":"<p>Port\u00e9 par Jacques Chirac lors de sa campagne pr\u00e9sidentielle 1995, le th\u00e8me de la \u00ab\u00a0fracture sociale\u00a0\u00bb reste, trente ans apr\u00e8s, toujours tristement d\u2019actualit\u00e9. Pire, elle \u00ab\u00a0s\u2019aggrave\u00a0\u00bb dangereusement selon le dernier rapport sur les in\u00e9galit\u00e9s en France de l&rsquo;<a data-i13n=\"cpos:1;pos:1\" href=\"https:\/\/urldefense.com\/v3\/__https:\/\/www.linkedin.com\/company\/observatoire-des-inegalites\/__;!!Op6eflyXZCqGR5I!BoE7asYBzP1ZBfQJPQ4-n4kjULVS4tc7UXDBjTvuzBDcP2LIFBzGcF-S4sAoKqzM_W4J3Ccud07Ssw76_GG7LW_FhgQ$\" rel=\"nofollow noopener\" target=\"_blank\" data-ylk=\"slk:Observatoire des in\u00e9galit\u00e9s;cpos:1;pos:1;elm:context_link;itc:0;sec:content-canvas\" class=\"link \">Observatoire des in\u00e9galit\u00e9s<\/a> publi\u00e9 en juin 2025. Revenus, \u00e9ducation, travail, modes de vie, territoires : l\u2019association fran\u00e7aise dresse un \u00e9tat des lieux inqui\u00e9tant sur la France. Concernant les revenus, les in\u00e9galit\u00e9s se creusent depuis vingt ans. \u00ab\u00a0Non, la France n&rsquo;est pas le pays de l&rsquo;\u00e9galit\u00e9 en mati\u00e8re de revenus. Avant redistribution, notre pays est parmi les plus in\u00e9galitaires des pays riches. Apr\u00e8s redistribution, nous sommes dans la moyenne\u00a0\u00bb, souligne le coauteur de ce rapport Louis Maurin sur <a data-i13n=\"cpos:2;pos:1\" href=\"https:\/\/www.linkedin.com\/news\/story\/les-in%C3%A9galit%C3%A9s-saggravent-en-france-6902809\/\" rel=\"nofollow noopener\" target=\"_blank\" data-ylk=\"slk:LinkedIn;cpos:2;pos:1;elm:context_link;itc:0;sec:content-canvas\" class=\"link \">LinkedIn<\/a>.<\/p>\n<p><strong>Un \u00e9cart abyssal \u00e0 Neuilly-sur-Seine<\/strong><\/p>\n<p>Au palmar\u00e8s des villes de plus de 20 000 habitants o\u00f9 les disparit\u00e9s sont les plus criantes, la r\u00e9gion \u00cele-de-France bat tous les records. Quinze des vingt villes les plus in\u00e9galitaires sur pays se trouvent dans cette r\u00e9gion. \u00c0 <strong>Neuilly-sur-Seine<\/strong>, les 10% les plus riches ont des revenus 8,1 fois plus \u00e9lev\u00e9s que les 10% les plus modestes. Ces habitants de la commune la plus riche des Hauts-de-Seine gagnent en moyenne 10 734 euros contre 1 321 euros par mois pour les plus pauvres, soit pr\u00e8s de 9 500 euros d\u2019\u00e9cart.<\/p>\n<p><strong>Paris <\/strong>n\u2019est pas en reste et occupe la deuxi\u00e8me place. Dans la capitale, o\u00f9 cohabitent les plus gros revenus du pays et une population plus pr\u00e9caire, les 10% d\u2019habitants les plus riches disposent de revenus 6,3 fois plus \u00e9lev\u00e9s que les plus pauvres. Ce rapport est de seulement 3,4 pour l\u2019ensemble de la France m\u00e9tropolitaine. Avec un \u00e9cart de 5,56 entre les 10% les plus ais\u00e9s et les 10% les plus pr\u00e9caires, la commune d\u2019<strong>Annemasse<\/strong>, en Haute-Savoie, compl\u00e8te le podium.<\/p>\n<p><strong>Les Hauts-de-Seine, champion des in\u00e9galit\u00e9s<\/strong><\/p>\n<p>\u00c0 lui seul, le d\u00e9partement des Hauts-de-Seine place 11 de ses villes dans le top 20 des villes les plus in\u00e9galitaires de France. Outre la championne Neuilly-sur-Seine, <strong>Boulogne-Billancourt<\/strong>, <strong>Saint-Cloud<\/strong>, <strong>Levallois-Perret<\/strong> et <strong>Asni\u00e8res-sur-Seine<\/strong>, pour ne citer qu\u2019elles, figurent dans le classement. Lorsque l&rsquo;on sort de la r\u00e9gion parisienne, <strong>Thionville<\/strong> (Moselle), <strong>Saint-Denis<\/strong> (R\u00e9union),<strong> Nancy<\/strong> (Meurthe-et-Moselle) et <strong>Saint-Paul<\/strong> (R\u00e9union) accompagnent Annemasse.<\/p>\n<p>Parmi les r\u00e9gions, l\u2019\u00cele-de-France est \u00e9videmment la r\u00e9gion la plus in\u00e9galitaire de France. Le revenu minimum des 10% les plus riches y est \u00e9quivalent \u00e0 4,4 fois celui maximum des 10% les plus modestes, selon les donn\u00e9es 2021 de l\u2019Insee. Les 10% les plus riches touchent (apr\u00e8s imp\u00f4ts et prestations sociales) 4 223 euros, contre 957 euros pour les 10 % les plus pauvres. Deux territoires ultramarins grimpent sur le podium : la R\u00e9union et la Martinique. C\u2019est en Bretagne que les disparit\u00e9s sont les moins criantes : la population la plus riche capte 3 168 euros quand la plus pr\u00e9caire d\u00e9passe p\u00e9niblement les 1 100 euros.<\/p>\n","protected":false},"excerpt":{"rendered":"Port\u00e9 par Jacques Chirac lors de sa campagne pr\u00e9sidentielle 1995, le th\u00e8me de la \u00ab\u00a0fracture sociale\u00a0\u00bb reste, trente&hellip;\n","protected":false},"author":2,"featured_media":163407,"comment_status":"","ping_status":"","sticky":false,"template":"","format":"standard","meta":{"footnotes":""},"categories":[4],"tags":[11,29628,1011,27,3095,12,29629,25,10665],"class_list":{"0":"post-163406","1":"post","2":"type-post","3":"status-publish","4":"format-standard","5":"has-post-thumbnail","7":"category-france","8":"tag-actualites","9":"tag-departement-des-hauts-de-seine","10":"tag-fr","11":"tag-france","12":"tag-jacques-chirac","13":"tag-news","14":"tag-presidentielle-1995","15":"tag-republique-francaise","16":"tag-revenus"},"share_on_mastodon":{"url":"https:\/\/pubeurope.com\/@fr\/114653858698776253","error":""},"_links":{"self":[{"href":"https:\/\/www.europesays.com\/fr\/wp-json\/wp\/v2\/posts\/163406","targetHints":{"allow":["GET"]}}],"collection":[{"href":"https:\/\/www.europesays.com\/fr\/wp-json\/wp\/v2\/posts"}],"about":[{"href":"https:\/\/www.europesays.com\/fr\/wp-json\/wp\/v2\/types\/post"}],"author":[{"embeddable":true,"href":"https:\/\/www.europesays.com\/fr\/wp-json\/wp\/v2\/users\/2"}],"replies":[{"embeddable":true,"href":"https:\/\/www.europesays.com\/fr\/wp-json\/wp\/v2\/comments?post=163406"}],"version-history":[{"count":0,"href":"https:\/\/www.europesays.com\/fr\/wp-json\/wp\/v2\/posts\/163406\/revisions"}],"wp:featuredmedia":[{"embeddable":true,"href":"https:\/\/www.europesays.com\/fr\/wp-json\/wp\/v2\/media\/163407"}],"wp:attachment":[{"href":"https:\/\/www.europesays.com\/fr\/wp-json\/wp\/v2\/media?parent=163406"}],"wp:term":[{"taxonomy":"category","embeddable":true,"href":"https:\/\/www.europesays.com\/fr\/wp-json\/wp\/v2\/categories?post=163406"},{"taxonomy":"post_tag","embeddable":true,"href":"https:\/\/www.europesays.com\/fr\/wp-json\/wp\/v2\/tags?post=163406"}],"curies":[{"name":"wp","href":"https:\/\/api.w.org\/{rel}","templated":true}]}}