{"id":163416,"date":"2025-06-09T14:30:09","date_gmt":"2025-06-09T14:30:09","guid":{"rendered":"https:\/\/www.europesays.com\/fr\/163416\/"},"modified":"2025-06-09T14:30:09","modified_gmt":"2025-06-09T14:30:09","slug":"cyclisme-antwerp-port-epic-la-poisse-continue-pour-arnaud-de-lie-lourde-chute-et-abandon","status":"publish","type":"post","link":"https:\/\/www.europesays.com\/fr\/163416\/","title":{"rendered":"Cyclisme. Antwerp Port Epic &#8211; La poisse continue pour Arnaud De Lie : lourde chute et abandon"},"content":{"rendered":"<p>La saison cauchemar se poursuit pour\u00a0<strong><a href=\"https:\/\/www.cyclismactu.net\/..\/news-route-stephane-heulot-arnaud-de-lie-est-bien-en-retard-87079.html\" target=\"_blank\" rel=\"nofollow noopener\">Arnaud De Lie<\/a><\/strong>&#8230; Alors qu&rsquo;il semblait enfin retrouver du poil de la b\u00eate avec un podium encourageant sur la <strong><a href=\"https:\/\/www.cyclismactu.net\/..\/news-brussels-cycling-classic-route-surpuissant-tim-merlier-s-impose-devant-alexis-renard-88265.html\" target=\"_blank\" rel=\"nofollow noopener\">Brussels Cycling Classic<\/a><\/strong>\u00a0dimanche, le Taureau de Lescheret a connu un nouveau coup dur ce lundi 9 juin sur l\u2019<strong>Antwerp Port Epic<\/strong>, chutant lourdement\u00a0\u00e0 un peu plus de 100 kilom\u00e8tres de l\u2019arriv\u00e9e.\u00a0Le leader de l\u2019\u00e9quipe<strong>\u00a0Lotto\u00a0<\/strong>a tent\u00e9 de couper un virage avant de heurter\u00a0un panneau de signalisation et de faire un soleil.\u00a0Visiblement touch\u00e9 au bras droit, le champion de Belgique a tent\u00e9 de repartir&#8230; en vain. Quelques dizaines de m\u00e8tres plus loin, il a \u00e9t\u00e9 contraint d\u2019abandonner et de partir en ambulance. Pour l&rsquo;heure, la formation belge n&rsquo;a pas communiqu\u00e9 sur son \u00e9tat de sant\u00e9, dans l&rsquo;attente des examens, mais les prochaines \u00e9ch\u00e9ances du Belge semblent compromises, lui qui \u00e9tait pr\u00e9vu sur le\u00a0<strong>Tour de Suisse<\/strong>\u00a0(15-22 juin) puis le <strong>Tour de France<\/strong> (5-27 juillet).<\/p>\n<p>Vid\u00e9o &#8211; Arnaud De Lie restait sur un podium sur la Brussels Classic Lire la suite de l&rsquo;article&#13;<\/p>\n<p>\u00a0<\/p>\n<p>&#13;<br \/>\nDe Lie n&rsquo;y arrive pas depuis plusieurs mois&#8230;&#13;<\/p>\n<p>Les malheurs d&rsquo;<strong>Arnaud De Lie<\/strong> sont donc loin d&rsquo;\u00eatre termin\u00e9s en 2025.\u00a0Le porteur du maillot noir-jaune-rouge a connu une premi\u00e8re partie de saison plus que compliqu\u00e9e depuis sa victoire sur l&rsquo;Etoile de Bess\u00e8ges en f\u00e9vrier. Il a \u00e9t\u00e9 malade lors de sa pr\u00e9paration pour les classiques printani\u00e8res et avait adapt\u00e9 son programme, faisant notamment l\u2019impasse sur <strong>Milan-Sanremo<\/strong>. Il avait ensuite abandonn\u00e9 lors de <strong>Gand-Wevelgem<\/strong> le 30 mars, avant une pause d\u2019un mois et demi. De retour \u00e0 la comp\u00e9tition, le sprinteur avait encore \u00e9t\u00e9 contraint \u00e0 l\u2019abandon lors du <strong><a href=\"https:\/\/www.cyclismactu.net\/..\/news-tour-de-cologne-route-arnaud-de-lie-son-grand-retour-ce-dimanche-en-allemagne-87884.html\" target=\"_blank\" rel=\"nofollow noopener\">Tour de Cologne<\/a><\/strong> le 18 mai dernier, puis d\u00e9clarer forfait pour les <strong><a href=\"https:\/\/www.cyclismactu.net\/..\/news-boucles-de-mayenne-route-arnaud-de-lie-a-declare-forfait-veille-du-depart-88088.html\" target=\"_blank\" rel=\"nofollow noopener\">Boucles de la Mayenne<\/a><\/strong> fin mai..<\/p>\n","protected":false},"excerpt":{"rendered":"La saison cauchemar se poursuit pour\u00a0Arnaud De Lie&#8230; Alors qu&rsquo;il semblait enfin retrouver du poil de la b\u00eate&hellip;\n","protected":false},"author":2,"featured_media":163417,"comment_status":"","ping_status":"","sticky":false,"template":"","format":"standard","meta":{"footnotes":""},"categories":[1411],"tags":[29630,1154,207,211,1011,27,209,60,210,212,208,213],"class_list":{"0":"post-163416","1":"post","2":"type-post","3":"status-publish","4":"format-standard","5":"has-post-thumbnail","7":"category-cyclisme","8":"tag-antwerp-port-epic","9":"tag-cycling","10":"tag-cyclisme","11":"tag-ffc","12":"tag-fr","13":"tag-france","14":"tag-route","15":"tag-sports","16":"tag-tour-de-france","17":"tag-uci","18":"tag-velo","19":"tag-world-tour"},"share_on_mastodon":{"url":"https:\/\/pubeurope.com\/@fr\/114653890029960578","error":""},"_links":{"self":[{"href":"https:\/\/www.europesays.com\/fr\/wp-json\/wp\/v2\/posts\/163416","targetHints":{"allow":["GET"]}}],"collection":[{"href":"https:\/\/www.europesays.com\/fr\/wp-json\/wp\/v2\/posts"}],"about":[{"href":"https:\/\/www.europesays.com\/fr\/wp-json\/wp\/v2\/types\/post"}],"author":[{"embeddable":true,"href":"https:\/\/www.europesays.com\/fr\/wp-json\/wp\/v2\/users\/2"}],"replies":[{"embeddable":true,"href":"https:\/\/www.europesays.com\/fr\/wp-json\/wp\/v2\/comments?post=163416"}],"version-history":[{"count":0,"href":"https:\/\/www.europesays.com\/fr\/wp-json\/wp\/v2\/posts\/163416\/revisions"}],"wp:featuredmedia":[{"embeddable":true,"href":"https:\/\/www.europesays.com\/fr\/wp-json\/wp\/v2\/media\/163417"}],"wp:attachment":[{"href":"https:\/\/www.europesays.com\/fr\/wp-json\/wp\/v2\/media?parent=163416"}],"wp:term":[{"taxonomy":"category","embeddable":true,"href":"https:\/\/www.europesays.com\/fr\/wp-json\/wp\/v2\/categories?post=163416"},{"taxonomy":"post_tag","embeddable":true,"href":"https:\/\/www.europesays.com\/fr\/wp-json\/wp\/v2\/tags?post=163416"}],"curies":[{"name":"wp","href":"https:\/\/api.w.org\/{rel}","templated":true}]}}