{"id":163421,"date":"2025-06-09T14:33:14","date_gmt":"2025-06-09T14:33:14","guid":{"rendered":"https:\/\/www.europesays.com\/fr\/163421\/"},"modified":"2025-06-09T14:33:14","modified_gmt":"2025-06-09T14:33:14","slug":"remous-autour-dun-buste-attribue-a-donatello-en-slovaquie-actualites","status":"publish","type":"post","link":"https:\/\/www.europesays.com\/fr\/163421\/","title":{"rendered":"Remous autour d&rsquo;un buste attribu\u00e9 \u00e0 Donatello en Slovaquie : Actualit\u00e9s"},"content":{"rendered":"<p class=\"lead \">Le buste, ornant un manoir slovaque, \u00e9tait tomb\u00e9 dans l&rsquo;oubli dans la tourmente de la Seconde guerre mondiale. Jusqu&rsquo;\u00e0 ce qu&rsquo;il soit attribu\u00e9 \u00e0 Donatello et plac\u00e9 sous protection par le gouvernement nationaliste, suscitant l&rsquo;inqui\u00e9tude du monde culturel.<\/p>\n<p class=\"lead \">L&rsquo;historienne Marta Herucova se souvient de sa premi\u00e8re rencontre avec cette oeuvre en marbre, dormant dans les r\u00e9serves du mus\u00e9e Spis \u00e0 Levoca, dans l&rsquo;est du pays.<\/p>\n<p class=\"lead \">\u00ab\u00a0Cela faisait des ann\u00e9es que je travaillais sur l&rsquo;ensemble de la collection, examinant pi\u00e8ce apr\u00e8s pi\u00e8ce, et ce fut au tour du buste\u00a0\u00bb, raconte-t-elle \u00e0 l&rsquo;AFP.<\/p>\n<p class=\"lead \">Enregistr\u00e9 sous la lettre N (pour \u00ab\u00a0neznamy autor\u00a0\u00bb, signifiant auteur inconnu) dans la cat\u00e9gorie 19e si\u00e8cle, il porte l&rsquo;inscription latine \u00ab\u00a0OPVS DONATELLI\u00a0\u00bb et repr\u00e9sente la noble italienne C\u00e9cile de Gonzague, contemporaine du ma\u00eetre de la Renaissance.<\/p>\n<p class=\"lead \">Intrigu\u00e9e, Mme Herucova m\u00e8ne de plus amples recherches sur la sculpture et conclut que \u00ab\u00a0son style, son mat\u00e9riau et la personne repr\u00e9sent\u00e9e correspondent \u00e0 une \u0153uvre qui pourrait en th\u00e9orie avoir \u00e9t\u00e9 r\u00e9alis\u00e9e par Donatello\u00a0\u00bb (1386-1466). <\/p>\n<p class=\"lead \">\u00ab\u00a0Il existe des liens av\u00e9r\u00e9s entre lui et la famille des Gonzague, ainsi qu&rsquo;entre les Gonzague et les derniers propri\u00e9taires du buste\u00a0\u00bb, les Csaky, \u00e9crit-elle dans un article diffus\u00e9 en 2021 dans la Revue fran\u00e7aise de l&rsquo;Art.<\/p>\n<p class=\"lead \">Aucune contestation n&rsquo;ayant \u00e9t\u00e9 \u00e9mise par ses pairs europ\u00e9ens, la d\u00e9couverte a \u00e9t\u00e9 rendue publique en f\u00e9vrier dans le pays d&rsquo;Europe centrale de 5,4 millions d&rsquo;habitants.<\/p>\n<p class=\"lead \">&#8211; \u00ab\u00a0Seconde spoliation\u00a0\u00bb &#8211;<\/p>\n<p class=\"lead \">Il aura donc fallu 80 ans pour sortir ce buste de l&rsquo;anonymat dans lequel l&rsquo;a plong\u00e9 la fuite \u00e0 Vienne de la famille Csaky. En 1945, elle quitte tout devant l&rsquo;avanc\u00e9e des troupes sovi\u00e9tiques et laisse le pr\u00e9cieux objet derri\u00e8re elle. <\/p>\n<p class=\"lead \">La demeure est alors occup\u00e9e par les soldats et transform\u00e9e sous le communisme en orphelinat, avant de devenir un centre \u00e9ducatif o\u00f9 les jeunes filles s&rsquo;amusaient avec la sculpture, soulignant m\u00eame les paupi\u00e8res \u00e0 l&rsquo;encre bleue, raconte Peter Cizmar, le fils d&rsquo;un ancien employ\u00e9.<\/p>\n<p class=\"lead \">Le comte Moritz Csaky avait 11 ans quand il s&rsquo;est r\u00e9fugi\u00e9 en Autriche. S&rsquo;il ne conna\u00eet pas son origine, il se souvient du fameux buste plac\u00e9 dans la loggia o\u00f9 se tenaient les d\u00eeners l&rsquo;\u00e9t\u00e9, flanqu\u00e9 de deux statues gothiques.<\/p>\n<p class=\"lead \">L&rsquo;oeuvre devait \u00eatre pr\u00e9sent\u00e9e \u00e0 la presse en avril par le mus\u00e9e mais le rendez-vous a \u00e9t\u00e9 annul\u00e9 au dernier moment. Et \u00e0 la surprise g\u00e9n\u00e9rale, le gouvernement l&rsquo;a transf\u00e9r\u00e9e dans un endroit d&rsquo;abord tenu secret.<\/p>\n<p class=\"lead \">\u00ab\u00a0Elle n&rsquo;est pas la propri\u00e9t\u00e9 de l&rsquo;Etat\u00a0\u00bb et ne doit pas \u00ab\u00a0faire l&rsquo;objet de jeux politiques\u00a0\u00bb, a-t-il averti lundi dans un communiqu\u00e9 diffus\u00e9 par un collectif d&rsquo;acteurs du secteur culturel, \u00e9galement inquiets du sort de la statue.<\/p>\n<p class=\"lead \">\u00ab\u00a0Ma famille ne revendique pas sa restitution\u00a0\u00bb mais \u00ab\u00a0j&rsquo;esp\u00e8re qu&rsquo;elle ne sera pas victime d&rsquo;une seconde spoliation et qu&rsquo;elle retrouvera une place digne et honorable au mus\u00e9e de Spis\u00a0\u00bb, a-t-il poursuivi.<\/p>\n<p class=\"lead \">&#8211; \u00ab\u00a0En s\u00e9curit\u00e9\u00a0\u00bb &#8211;<\/p>\n<p class=\"lead \">La pi\u00e8ce \u00ab\u00a0est en s\u00e9curit\u00e9, sous la garde de la police\u00a0\u00bb, assure de son c\u00f4t\u00e9 le minist\u00e8re de la Culture, promettant de l&rsquo;exposer au public \u00ab\u00a0une fois les conditions r\u00e9unies\u00a0\u00bb. <\/p>\n<p class=\"lead \">Face aux critiques, il rejette \u00ab\u00a0toute accusation d&rsquo;action arbitraire ou ill\u00e9gale\u00a0\u00bb, estimant que des mesures plus strictes de protection auraient d\u00fb \u00eatre prises bien avant.<\/p>\n<p class=\"lead \">Le nouveau lieu a finalement \u00e9t\u00e9 r\u00e9v\u00e9l\u00e9: le buste se trouve dans un b\u00e2timent du minist\u00e8re de l&rsquo;Int\u00e9rieur \u00e0 Topolcianky, dans le centre du pays.<\/p>\n<p class=\"lead \">Marta Herucova met en garde les autorit\u00e9s contre toute op\u00e9ration de restauration qui lui ferait perdre \u00ab\u00a0sa patine\u00a0\u00bb. \u00ab\u00a0Nous n&rsquo;avons ni l&rsquo;exp\u00e9rience ni la technique\u00a0\u00bb en Slovaquie, insiste-t-elle.<\/p>\n<p class=\"lead \">Si son authenticit\u00e9 est confirm\u00e9e, il s&rsquo;agirait de la huiti\u00e8me oeuvre sign\u00e9e de Donatello dans le monde.<\/p>\n<p class=\"lead \">Marta Herucova, elle-m\u00eame prudente, esp\u00e8re qu&rsquo;une collaboration avec des experts internationaux permettra de corroborer ses dires. <\/p>\n<p class=\"lead \">Pour l&rsquo;heure, les recherches ont \u00e9t\u00e9 stopp\u00e9es du fait de la valse des directeurs d&rsquo;institutions et du gel des fonds d\u00e9cid\u00e9s par la tr\u00e8s critiqu\u00e9e ministre de la Culture d&rsquo;extr\u00eame droite Martina Simkovicova.<\/p>\n<p class=\"lead \">Maria Novotna, ex-directrice du mus\u00e9e Spis pr\u00e9sente quand la statue est arriv\u00e9e en 1975, passant alors inaper\u00e7ue, n&rsquo;aurait jamais pens\u00e9 qu&rsquo;un Donatello se trouve en Slovaquie. <\/p>\n<p class=\"lead \">\u00ab\u00a0Ce n&rsquo;est pas tous les jours\u00a0\u00bb qu&rsquo;on d\u00e9couvre une oeuvre d&rsquo;une telle importance historique, s&rsquo;enthousiasme-t-elle.<\/p>\n<p class=\"small font-weight-bold text-gray3 \"> publi\u00e9 le 9 juin \u00e0 14h53, AFP<\/p>\n<p>                             Partager<\/p>\n","protected":false},"excerpt":{"rendered":"Le buste, ornant un manoir slovaque, \u00e9tait tomb\u00e9 dans l&rsquo;oubli dans la tourmente de la Seconde guerre mondiale.&hellip;\n","protected":false},"author":2,"featured_media":163422,"comment_status":"","ping_status":"","sticky":false,"template":"","format":"standard","meta":{"footnotes":""},"categories":[1358],"tags":[1348,1384,1385,1386,58,59,1011,27,10241,316,3899,10845],"class_list":{"0":"post-163421","1":"post","2":"type-post","3":"status-publish","4":"format-standard","5":"has-post-thumbnail","7":"category-arts-et-design","8":"tag-arts","9":"tag-arts-and-design","10":"tag-arts-et-design","11":"tag-design","12":"tag-divertissement","13":"tag-entertainment","14":"tag-fr","15":"tag-france","16":"tag-muse","17":"tag-politique","18":"tag-sculpture","19":"tag-slovaquie"},"share_on_mastodon":{"url":"https:\/\/pubeurope.com\/@fr\/114653901880358236","error":""},"_links":{"self":[{"href":"https:\/\/www.europesays.com\/fr\/wp-json\/wp\/v2\/posts\/163421","targetHints":{"allow":["GET"]}}],"collection":[{"href":"https:\/\/www.europesays.com\/fr\/wp-json\/wp\/v2\/posts"}],"about":[{"href":"https:\/\/www.europesays.com\/fr\/wp-json\/wp\/v2\/types\/post"}],"author":[{"embeddable":true,"href":"https:\/\/www.europesays.com\/fr\/wp-json\/wp\/v2\/users\/2"}],"replies":[{"embeddable":true,"href":"https:\/\/www.europesays.com\/fr\/wp-json\/wp\/v2\/comments?post=163421"}],"version-history":[{"count":0,"href":"https:\/\/www.europesays.com\/fr\/wp-json\/wp\/v2\/posts\/163421\/revisions"}],"wp:featuredmedia":[{"embeddable":true,"href":"https:\/\/www.europesays.com\/fr\/wp-json\/wp\/v2\/media\/163422"}],"wp:attachment":[{"href":"https:\/\/www.europesays.com\/fr\/wp-json\/wp\/v2\/media?parent=163421"}],"wp:term":[{"taxonomy":"category","embeddable":true,"href":"https:\/\/www.europesays.com\/fr\/wp-json\/wp\/v2\/categories?post=163421"},{"taxonomy":"post_tag","embeddable":true,"href":"https:\/\/www.europesays.com\/fr\/wp-json\/wp\/v2\/tags?post=163421"}],"curies":[{"name":"wp","href":"https:\/\/api.w.org\/{rel}","templated":true}]}}