{"id":163425,"date":"2025-06-09T14:35:09","date_gmt":"2025-06-09T14:35:09","guid":{"rendered":"https:\/\/www.europesays.com\/fr\/163425\/"},"modified":"2025-06-09T14:35:09","modified_gmt":"2025-06-09T14:35:09","slug":"un-si-grand-soleil-ca-la-decoit-terriblement-point-de-non-retour-pour-le-couple-cecile-florent","status":"publish","type":"post","link":"https:\/\/www.europesays.com\/fr\/163425\/","title":{"rendered":"Un si grand soleil : \u00ab\u00a0\u00c7a la d\u00e9\u00e7oit terriblement\u00a0\u00bb, point de non-retour pour le couple C\u00e9cile\/Florent ?"},"content":{"rendered":"<p>Les fans d\u2019<a href=\"https:\/\/www.closermag.fr\/tv_tele_realite\/un-si-grand-soleil-un-personnage-cle-disparait-fini-les-plans-a-trois-3545654\" rel=\"nofollow noopener\" target=\"_blank\">Un si grand soleil<\/a> ont \u00e9t\u00e9 ravis de voir C\u00e9cile et<br \/>\nFlorent se mettre ensemble dans le feuilleton diffus\u00e9 tous les<br \/>\nsoirs de semaine \u00e0 20h40 sur France 3. Gr\u00e2ce \u00e0 une histoire pleine<br \/>\nd\u2019humour et de l\u00e9g\u00e8ret\u00e9, les deux personnages se sont vite<br \/>\nrapproch\u00e9s et Florent a pu faire oublier \u00e0 C\u00e9cile ce qu\u2019elle venait<br \/>\nde traverser \u00e0 cause de Christophe (Hubert Benhamdine). Mais comme<br \/>\nMarie-Ga\u00eblle et Fabrice Deville ont expliqu\u00e9 \u00e0 nos confr\u00e8res de<br \/>\n<a href=\"https:\/\/www.telepoche.fr\/\" rel=\"nofollow noopener\" target=\"_blank\">T\u00e9l\u00e9 Poche<\/a>,<br \/>\n<strong>la suite s\u2019annonce compliqu\u00e9e pour le couple<\/strong>.<\/p>\n<p>En effet C\u00e9cile et Florent se retrouve \u00e0 devoir travailler<br \/>\nensemble dans le cadre d\u2019un f\u00e9minicide. Et <strong>la juge<br \/>\nd\u2019instruction est persuad\u00e9e de la culpabilit\u00e9 du client que son<br \/>\npetit-ami d\u00e9fend<\/strong>. De quoi semer le trouble au sein d\u2019un<br \/>\n<a href=\"https:\/\/www.closermag.fr\/tv_tele_realite\/un-si-grand-soleil-un-couple-emblematique-du-feuilleton-in-love-a-la-ville-3546767\" rel=\"nofollow noopener\" target=\"_blank\"><br \/>\ncouple<\/a> qui \u00e9tait pourtant bien parti. Marie-Ga\u00eblle Cals confie<br \/>\nque leurs personnages ne compartimentent pas aussi bien qu\u2019ils<br \/>\nl\u2019auraient cru.<\/p>\n<p>Un si grand soleil\u00a0: le couple de C\u00e9cile et Florent en<br \/>\ndanger<\/p>\n<p>\u00ab\u00a0Au d\u00e9part, ils pensent en \u00eatre tout \u00e0 fait capables. Mais<br \/>\ntr\u00e8s vite pour C\u00e9cile, le fait que Florent d\u00e9fende un type<br \/>\ncoupable, selon elle, d\u2019avoir tu\u00e9 sa femme, c\u2019est insupportable.<br \/>\n<strong>\u00c7a la d\u00e9\u00e7oit terriblement. C\u2019est comme s\u2019il franchissait<br \/>\nune ligne rouge<\/strong>\u00a0\u00bb explique-t-elle aupr\u00e8s de T\u00e9l\u00e9<br \/>\nPoche. Ce qui entra\u00eene \u00e9videmment quelques difficult\u00e9s. \u00ab\u00a0Ce qui<br \/>\nest int\u00e9ressant, c\u2019est de voir comment chacun, pris dans une intime<br \/>\nconviction, d\u00e9fend ses positions. De telles divisions sont<br \/>\ncourantes dans les d\u00e9bats politiques. C\u2019est toujours tr\u00e8s<br \/>\npassionn\u00e9\u00a0\u00bb poursuit l\u2019interpr\u00e8te de C\u00e9cile.<\/p>\n<p>Mais si cette affaire prend une telle importance, c\u2019est aussi<br \/>\nparce qu\u2019elle rappelle \u00e0 C\u00e9cile les drames qu\u2019elle vient de vivre,<br \/>\n\u00e0 savoir d\u00e9couvrir que son ex-mari Christophe qui s\u2019est suicid\u00e9<br \/>\n\u00e9tait un tueur en s\u00e9rie. \u00ab\u00a0Elle a tenu bon pour son fils, mais<br \/>\naujourd\u2019hui \u00e7a la rattrape. <strong>Elle a besoin de d\u00e9verser sa<br \/>\ncol\u00e8re<\/strong>. Elle est dans quelque chose de tr\u00e8s \u00e9motionnel qui<br \/>\nla d\u00e9passe et qu\u2019elle est incapable, \u00e0 chaud, d\u2019analyser\u00a0\u00bb<br \/>\nconfie Marie-Ga\u00eblle Cals. De quoi perturber son compagnon comme<br \/>\nl\u2019explique <a href=\"https:\/\/www.closermag.fr\/people\/l-affaire-a-ete-etouffee-fabrice-deville-un-si-grand-soleil-agresse-par-une-femme-ses-revelations-choc-1690427#item=1\" rel=\"nofollow noopener\" target=\"_blank\"><br \/>\nFabrice Deville<\/a>.<\/p>\n<p>C\u00e9cile et Florent vont-ils rompre<br \/>\n?<\/p>\n<p>\u00ab\u00a0Il ne comprend pas bien pourquoi \u00e7a prend de telles<br \/>\nproportions. <strong>Elle l\u2019accable de reproches (\u2026). Ils en<br \/>\narrivent \u00e0 ne plus s\u2019\u00e9couter<\/strong>\u00ab\u00a0. Peut-on d\u00e8s lors<br \/>\ns\u2019attendre \u00e0 une rupture pour C\u00e9cile et Florent ? A priori, ce<br \/>\nn\u2019est pas pour tout de suite. \u00ab\u00a0Non seulement tu ne vas pas te<br \/>\nd\u00e9barrasser de moi comme \u00e7a, mais j\u2019ai bon espoir que \u00e7a se termine<br \/>\nbien\u00a0\u00bb conclut Fabrice Deville.<\/p>\n","protected":false},"excerpt":{"rendered":"Les fans d\u2019Un si grand soleil ont \u00e9t\u00e9 ravis de voir C\u00e9cile et Florent se mettre ensemble dans&hellip;\n","protected":false},"author":2,"featured_media":163426,"comment_status":"","ping_status":"","sticky":false,"template":"","format":"standard","meta":{"footnotes":""},"categories":[1356],"tags":[548,58,59,1011,27,252,1364,9766],"class_list":{"0":"post-163425","1":"post","2":"type-post","3":"status-publish","4":"format-standard","5":"has-post-thumbnail","7":"category-television","8":"tag-article-simple","9":"tag-divertissement","10":"tag-entertainment","11":"tag-fr","12":"tag-france","13":"tag-television","14":"tag-tv","15":"tag-un-si-grand-soleil"},"share_on_mastodon":{"url":"https:\/\/pubeurope.com\/@fr\/114653909787962367","error":""},"_links":{"self":[{"href":"https:\/\/www.europesays.com\/fr\/wp-json\/wp\/v2\/posts\/163425","targetHints":{"allow":["GET"]}}],"collection":[{"href":"https:\/\/www.europesays.com\/fr\/wp-json\/wp\/v2\/posts"}],"about":[{"href":"https:\/\/www.europesays.com\/fr\/wp-json\/wp\/v2\/types\/post"}],"author":[{"embeddable":true,"href":"https:\/\/www.europesays.com\/fr\/wp-json\/wp\/v2\/users\/2"}],"replies":[{"embeddable":true,"href":"https:\/\/www.europesays.com\/fr\/wp-json\/wp\/v2\/comments?post=163425"}],"version-history":[{"count":0,"href":"https:\/\/www.europesays.com\/fr\/wp-json\/wp\/v2\/posts\/163425\/revisions"}],"wp:featuredmedia":[{"embeddable":true,"href":"https:\/\/www.europesays.com\/fr\/wp-json\/wp\/v2\/media\/163426"}],"wp:attachment":[{"href":"https:\/\/www.europesays.com\/fr\/wp-json\/wp\/v2\/media?parent=163425"}],"wp:term":[{"taxonomy":"category","embeddable":true,"href":"https:\/\/www.europesays.com\/fr\/wp-json\/wp\/v2\/categories?post=163425"},{"taxonomy":"post_tag","embeddable":true,"href":"https:\/\/www.europesays.com\/fr\/wp-json\/wp\/v2\/tags?post=163425"}],"curies":[{"name":"wp","href":"https:\/\/api.w.org\/{rel}","templated":true}]}}