{"id":163429,"date":"2025-06-09T14:37:14","date_gmt":"2025-06-09T14:37:14","guid":{"rendered":"https:\/\/www.europesays.com\/fr\/163429\/"},"modified":"2025-06-09T14:37:14","modified_gmt":"2025-06-09T14:37:14","slug":"jai-3-ans-pour-men-sortir-ou-je-vends-memere","status":"publish","type":"post","link":"https:\/\/www.europesays.com\/fr\/163429\/","title":{"rendered":"J&rsquo;ai 3 ans pour m&rsquo;en sortir ou je vends m\u00e9m\u00e8re"},"content":{"rendered":"<p>            Par<br \/>\n        <strong><br \/>\n            <a href=\"https:\/\/actu.fr\/auteur\/steven-couzigou\" title=\"Consulter tous les articles de Steven Couzigou\" rel=\"nofollow noopener\" target=\"_blank\">Steven Couzigou<\/a><br \/>\n        <\/strong><\/p>\n<p>        Publi\u00e9 le<\/p>\n<p>            9 juin 2025 \u00e0 11h20        <\/p>\n<p>Victor Degu\u00e9rande, auteur de science-fiction install\u00e9 pr\u00e8s de Saint-Brieuc\u00a0(<b>C\u00f4tes-d\u2019Armor<\/b>), est connu pour \u00eatre l\u2019heureux propri\u00e9taire d<b>\u2018<\/b><a href=\"https:\/\/actu.fr\/bretagne\/saint-brieuc_22278\/retour-vers-le-futur-je-suis-monte-a-bord-dune-voiture-unique-au-monde_60573675.html\" rel=\"nofollow noopener\" target=\"_blank\">une r\u00e9plique exacte de la fameuse DeLorean<\/a><b>, <\/b>de la saga culte<b>\u00a0Retour vers le Futur.<\/b>\u00a0<\/p>\n<p class=\" wall-content\">Il a entrepris l\u2019<b>Univers de Doc<\/b>, un mus\u00e9e rassemblant de nombreux objets de la trilogie, il y a plus de six ans.\u00a0<\/p>\n<p class=\" wall-content\">Depuis le 1er juin 2025, l\u2019endroit, <b>tenu secret<\/b>, est ouvert chaque jour de la semaine ainsi que le week-end et les jours f\u00e9ri\u00e9s \u00e0 14h et 16h30.<\/p>\n<p>    <a href=\"https:\/\/www.facebook.com\/plugins\/post.php?href=https%3A%2F%2Fwww.facebook.com%2Fvictor.deguerande%2Fposts%2Fpfbid02aAewYuXKJQAH4eZPMuPKwCPhMmY1z3XrYHqZeERtmQH239PsJ6HtK7vVRGHb88jZl&amp;show_text=true&amp;width=350\" title=\"Ouvrie le lien\" rel=\"nofollow noopener\" target=\"_blank\">Cliquez ici pour visualiser le contenu<\/a><\/p>\n<p>\u00ab\u00a0A 57 ans, \u00e7a pique\u00a0\u00bb<\/p>\n<p class=\" wall-content\">La raison de cet \u00e9largissement des horaires n\u2019est pas gaie. \u00ab\u00a0En mai dernier, Victor a \u00e9t\u00e9\u00a0<b>\u00e9cart\u00e9<\/b>\u00a0de la soci\u00e9t\u00e9 d\u2019informatique pour laquelle il travaillait.\u00a0\u00bb<\/p>\n<p class=\" wall-content\">\u00ab\u00a0Depuis 5 ans, je travaillais avec un coll\u00e8gue sur un <b>logiciel innovant<\/b> pour une entreprise. Les nouveaux g\u00e9rants n\u2019ont pas voulu financer ce projet, s\u2019\u00e9loignant de l\u2019id\u00e9e de faire de la recherche et du d\u00e9veloppement. J\u2019ai donc \u00e9t\u00e9 contraint de\u00a0me\u00a0lancer en\u00a0<b>freelance. <\/b>A 57 ans, \u00e7a pique\u2026\u00a0\u00bb, explique l\u2019ing\u00e9nieur.\u00a0<\/p>\n<p>Vid\u00e9os : en ce moment sur Actu<\/p>\n<p class=\" wall-content\">En attendant, <b>il recr\u00e9e de toute pi\u00e8ce<\/b> le fameux logiciel et l\u2019am\u00e9liore. En esp\u00e9rant le vendre un jour. \u00ab\u00a0Il n\u2019existe pas d\u2019\u00e9quivalent sur le march\u00e9.\u00a0\u00bb\u00a0<\/p>\n<p>L\u2019histoire de la DeLorean<\/p>\n<p class=\" wall-content\">\u00ab\u00a0J\u2019ai 3 ans pour m\u2019en sortir avant de devoir vendre m\u00e9m\u00e8re\u00a0\u00bb, en parlant de la DeLorean.<\/p>\n<p class=\" wall-content\">Son histoire est <b>dingue<\/b> : \u00ab\u00a0Je suis entr\u00e9 en contact via Facebook avec <b>Kevin Pike<\/b>, une pointure \u00e0 Hollywood qui a travaill\u00e9 sur les\u00a0Dents de la Mer,\u00a0Indiana Jones,\u00a0Star Wars. Au d\u00e9but, il m\u2019orientait vers des soci\u00e9t\u00e9s qui pouvaient me procurer une DeLorean. Puis il a lu mon livre de science-fiction et a ador\u00e9. Il m\u2019a alors propos\u00e9 de r\u00e9aliser lui-m\u00eame ce <b>mod\u00e8le unique<\/b>, fid\u00e8le \u00e0 l\u2019original.\u00a0\u00bb<\/p>\n<p>    <img   decoding=\"async\" loading=\"lazy\" class=\"size-large\" src=\"https:\/\/www.europesays.com\/fr\/wp-content\/uploads\/2025\/06\/cda458fd04b06b1b458fd04b085b45v-960x640.jpg\" alt=\"Victor Degu\u00e9rande aux c\u00f4t\u00e9s du r\u00e9alisateur d\u2019effets sp\u00e9ciaux Kevin Pike tr\u00e8s r\u00e9put\u00e9 \u00e0 Hollywood\" width=\"960\" height=\"640\"\/><br \/>\n    Victor Degu\u00e9rande aux c\u00f4t\u00e9s du r\u00e9alisateur d\u2019effets sp\u00e9ciaux Kevin Pike tr\u00e8s r\u00e9put\u00e9 \u00e0 Hollywood. \u00a9DR<\/p>\n<p class=\" wall-content\">Le passionn\u00e9 refuse de dire combien il a d\u00e9bours\u00e9 pour son <b>bijou authentique. <\/b>\u00ab\u00a0Je ne suis pas riche. j\u2019ai profit\u00e9 d\u2019un h\u00e9ritage pour me faire ce plaisir. C\u2019est toute ma vie et beaucoup d\u2019amour. Tirer un trait sur l\u2019Univers du Doc pour survivre, j\u2019en serais d\u00e9vast\u00e9.\u00a0\u00bb\u00a0<\/p>\n<p>Le d\u00e9fi de l\u2019Intelligence Artificielle<\/p>\n<p class=\" wall-content\">\u00ab\u00a0Je cherche du travail, j\u2019ai envie d\u2019aller jusqu\u2019\u00e0 la retraite. Mais il faut prendre en compte <b>la vitesse d\u2019\u00e9volution de l\u2019Intelligence Artificielle<\/b>. C\u2019est un v\u00e9ritable bouleversement !\u00a0\u00bb<\/p>\n<p class=\" wall-content\">Auteur d\u2019un m\u00e9moire en 2006 (et sans utiliser de machine \u00e0 remonter dans le temps !) sur l\u2019IA pour l\u2019<a href=\"https:\/\/centralelille.fr\/\" rel=\"nofollow noopener\" target=\"_blank\">Ecole Centrale de Lille<\/a>, l\u2019\u00e9crivain est conscient de la puissance d\u2019un tel outil. \u00ab\u00a0C\u2019est l\u2019occasion d\u2019interpeller les politiques sur le ch\u00f4mage des seniors face \u00e0 l\u2019IA. Ils repoussent sans cesse la retraite mais les possibilit\u00e9s de travail s\u2019amenuisent\u2026\u00a0\u00bb<\/p>\n<p class=\" wall-content\">Suivez toute l\u2019actualit\u00e9 de vos villes et m\u00e9dias favoris en vous inscrivant \u00e0 <a href=\"https:\/\/moncompte.actu.fr\" title=\"D\u00e9couvez Mon Actu\" rel=\"nofollow noopener\" data-trk=\"{&quot;cta&quot;:{&quot;action&quot;:&quot;https:\\\/\\\/moncompte.actu.fr&quot;,&quot;category&quot;:&quot;mon compte&quot;,&quot;from&quot;:&quot;article footer&quot;,&quot;name&quot;:&quot;Mon actu&quot;,&quot;type&quot;:&quot;cta&quot;}}\" target=\"_blank\">Mon Actu<\/a>.<\/p>\n<ul class=\"ac-article-tag wall-content\">\n<li><a href=\"https:\/\/actu.fr\/tag\/emploi\" data-trk=\"{&quot;cta&quot;:{&quot;action&quot;:&quot;Emploi&quot;,&quot;category&quot;:&quot;tag&quot;,&quot;from&quot;:&quot;article footer&quot;,&quot;name&quot;:&quot;Emploi&quot;,&quot;type&quot;:&quot;cta&quot;}}\" rel=\"nofollow noopener\" target=\"_blank\">#Emploi<\/a><\/li>\n<li><a href=\"https:\/\/actu.fr\/tag\/intelligence-artificielle\" data-trk=\"{&quot;cta&quot;:{&quot;action&quot;:&quot;Intelligence artificielle&quot;,&quot;category&quot;:&quot;tag&quot;,&quot;from&quot;:&quot;article footer&quot;,&quot;name&quot;:&quot;Intelligence artificielle&quot;,&quot;type&quot;:&quot;cta&quot;}}\" rel=\"nofollow noopener\" target=\"_blank\">#Intelligence artificielle<\/a><\/li>\n<\/ul>\n","protected":false},"excerpt":{"rendered":"Par Steven Couzigou Publi\u00e9 le 9 juin 2025 \u00e0 11h20 Victor Degu\u00e9rande, auteur de science-fiction install\u00e9 pr\u00e8s de&hellip;\n","protected":false},"author":2,"featured_media":163430,"comment_status":"","ping_status":"","sticky":false,"template":"","format":"standard","meta":{"footnotes":""},"categories":[1354],"tags":[58,341,59,1346,1011,27,223,1360,104],"class_list":{"0":"post-163429","1":"post","2":"type-post","3":"status-publish","4":"format-standard","5":"has-post-thumbnail","7":"category-films","8":"tag-divertissement","9":"tag-emploi","10":"tag-entertainment","11":"tag-films","12":"tag-fr","13":"tag-france","14":"tag-intelligence-artificielle","15":"tag-movies","16":"tag-societe"},"share_on_mastodon":{"url":"https:\/\/pubeurope.com\/@fr\/114653917633018796","error":""},"_links":{"self":[{"href":"https:\/\/www.europesays.com\/fr\/wp-json\/wp\/v2\/posts\/163429","targetHints":{"allow":["GET"]}}],"collection":[{"href":"https:\/\/www.europesays.com\/fr\/wp-json\/wp\/v2\/posts"}],"about":[{"href":"https:\/\/www.europesays.com\/fr\/wp-json\/wp\/v2\/types\/post"}],"author":[{"embeddable":true,"href":"https:\/\/www.europesays.com\/fr\/wp-json\/wp\/v2\/users\/2"}],"replies":[{"embeddable":true,"href":"https:\/\/www.europesays.com\/fr\/wp-json\/wp\/v2\/comments?post=163429"}],"version-history":[{"count":0,"href":"https:\/\/www.europesays.com\/fr\/wp-json\/wp\/v2\/posts\/163429\/revisions"}],"wp:featuredmedia":[{"embeddable":true,"href":"https:\/\/www.europesays.com\/fr\/wp-json\/wp\/v2\/media\/163430"}],"wp:attachment":[{"href":"https:\/\/www.europesays.com\/fr\/wp-json\/wp\/v2\/media?parent=163429"}],"wp:term":[{"taxonomy":"category","embeddable":true,"href":"https:\/\/www.europesays.com\/fr\/wp-json\/wp\/v2\/categories?post=163429"},{"taxonomy":"post_tag","embeddable":true,"href":"https:\/\/www.europesays.com\/fr\/wp-json\/wp\/v2\/tags?post=163429"}],"curies":[{"name":"wp","href":"https:\/\/api.w.org\/{rel}","templated":true}]}}