{"id":163440,"date":"2025-06-09T14:43:09","date_gmt":"2025-06-09T14:43:09","guid":{"rendered":"https:\/\/www.europesays.com\/fr\/163440\/"},"modified":"2025-06-09T14:43:09","modified_gmt":"2025-06-09T14:43:09","slug":"depart-dune-caravane-de-soutien-au-peuple-palestinien-voulant-rejoindre-gaza","status":"publish","type":"post","link":"https:\/\/www.europesays.com\/fr\/163440\/","title":{"rendered":"d\u00e9part d&rsquo;une caravane de soutien au peuple palestinien voulant rejoindre Gaza"},"content":{"rendered":"<p>La caravane Soumoud (\u00abr\u00e9sistance\u00bb) n\u2019apporte pas d\u2019aide humanitaire mais se veut un \u00abacte symbolique\u00bb de soutien au territoire palestinien, d\u00e9crit par les Nations Unies comme \u00abl\u2019endroit le plus affam\u00e9 au monde\u00bb.<\/p>\n<p class=\"fig-paragraph\">Des centaines de personnes, principalement des\u00a0<a href=\"http:\/\/www.lefigaro.fr\/international\/les-juges-avaient-le-couteau-sous-la-gorge-en-tunisie-la-societe-civile-denonce-l-instrumentalisation-de-la-justice-20250525\" target=\"_blank\" data-fig-type=\"Article\" rel=\"noopener nofollow\" data-gtm-custom-categorie=\"navigation\" data-gtm-custom-action=\"crossclick\" data-gtm-custom-label=\"Contextuel\" data-gtm-event=\"customEventSPE\" data-fig-domain=\"LEFIGARO\">Tunisiens<\/a>, ont pris le d\u00e9part lundi 9 juin \u00e0 bord d&rsquo;autocars \u00e0 destination de la\u00a0<a href=\"http:\/\/www.lefigaro.fr\/international\/c-est-la-loi-de-la-jungle-dans-la-bande-de-gaza-la-distribution-humanitaire-vire-encore-au-bain-de-sang-20250603\" target=\"_blank\" data-fig-type=\"Article\" rel=\"noopener nofollow\" data-gtm-custom-categorie=\"navigation\" data-gtm-custom-action=\"crossclick\" data-gtm-custom-label=\"Contextuel\" data-gtm-event=\"customEventSPE\" data-fig-domain=\"LEFIGARO\">bande de Gaza<\/a>\u00a0avec l&rsquo;intention d\u00e9clar\u00e9e de \u00abbriser le blocus isra\u00e9lien\u00bb apr\u00e8s plus d&rsquo;un an et demi de guerre, selon les organisateurs.<\/p>\n<p class=\"fig-paragraph\">La caravane Soumoud (\u00abr\u00e9sistance\u00bb) n&rsquo;apporte pas d&rsquo;aide humanitaire mais se veut un \u00abacte symbolique\u00bb de soutien au territoire palestinien, d\u00e9crit par les Nations Unies comme \u00abl&rsquo;endroit le plus affam\u00e9 au monde\u00bb, selon l&rsquo;activiste Jawaher Channa, porte-parole de la Coalition organisatrice.<\/p>\n<p>Atteindre Rafah<\/p>\n<p class=\"fig-paragraph\">Le convoi, qui comprend des m\u00e9decins, des femmes et des hommes de tout \u00e2ge, vise \u00e0 atteindre Rafah (sud de la bande de Gaza), en passant par la Libye et l&rsquo;\u00c9gypte, bien que Le Caire n&rsquo;ait pas encore d\u00e9livr\u00e9 d&rsquo;autorisation de passage, a dit Jawaher Channa \u00e0 l&rsquo;AFP.<\/p>\n<p>    Des centaines de personnes, principalement des Tunisiens, ont pris le d\u00e9part lundi d\u2019autocars \u00e0 destination de la bande de Gaza avec l\u2019intention d\u00e9clar\u00e9e de \u00abbriser le blocus isra\u00e9lien\u00bb.<br \/>\n                Jihed Abidellaoui \/ REUTERS<\/p>\n<p class=\"fig-paragraph\">\u00c0 l&rsquo;aube, des militants enthousiastes, brandissant des drapeaux tunisiens et palestiniens, sont mont\u00e9s dans une dizaine d&rsquo;autocars, sous les youyous des femmes et les encouragements de leurs proches et de curieux.<\/p>\n<p class=\"fig-paragraph\">\u00abNous sommes un millier de personnes et d&rsquo;autres nous rejoindront en cours de route\u00bb, a affirm\u00e9 Jawaher Channa, porte-parole de la Coordination tunisienne d&rsquo;action commune pour la Palestine.<\/p>\n<p>La \u00abFlottille de la libert\u00e9\u00bb intercept\u00e9e et d\u00e9rout\u00e9e par Isra\u00ebl<\/p>\n<p class=\"fig-paragraph\">Selon elle, la travers\u00e9e de la Libye devrait se faire sans difficult\u00e9s gr\u00e2ce \u00abau soutien historique de la population \u00e0 la cause palestinienne\u00bb, en d\u00e9pit de r\u00e9cents combats violents dans l&rsquo;ouest entre groupes arm\u00e9s, et de la division du pays entre deux camps rivaux dont celui de l&rsquo;Est contr\u00f4l\u00e9 par le puissant mar\u00e9chal Khalifa Haftar. \u00abL&rsquo;\u00c9gypte ne nous a pas encore donn\u00e9 la permission de traverser ses fronti\u00e8res, mais nous verrons ce qui se passera quand nous y arriverons\u00bb, a-t-elle ajout\u00e9.<\/p>\n<p class=\"fig-paragraph\">Des militants alg\u00e9riens, mauritaniens, marocains et libyens font aussi partie de ce groupe qui esp\u00e8re atteindre Rafah d&rsquo;ici la fin de la semaine.<\/p>\n<p class=\"fig-paragraph\">Apr\u00e8s 21 mois de guerre, Isra\u00ebl fait face \u00e0 une pression internationale croissante pour autoriser davantage d&rsquo;aide \u00e0 Gaza afin de pallier les p\u00e9nuries g\u00e9n\u00e9ralis\u00e9es de nourriture et de produits de premi\u00e8re n\u00e9cessit\u00e9.<\/p>\n<p class=\"fig-paragraph\">La marine isra\u00e9lienne a\u00a0<a href=\"http:\/\/www.lefigaro.fr\/international\/flottille-de-la-liberte-macron-demande-le-retour-des-ressortissants-francais-dans-les-plus-brefs-delais-20250609\" target=\"_blank\" data-fig-type=\"NewsFlash\" rel=\"noopener nofollow\" data-gtm-custom-categorie=\"navigation\" data-gtm-custom-action=\"crossclick\" data-gtm-custom-label=\"Contextuel\" data-gtm-event=\"customEventSPE\" data-fig-domain=\"LEFIGARO\">intercept\u00e9 et d\u00e9rout\u00e9 lundi le bateau Madleen<\/a>\u00a0transportant de l&rsquo;aide humanitaire pour Gaza qui tentait de rallier le territoire palestinien assi\u00e9g\u00e9 avec \u00e0 son bord des militants des droits comme la Su\u00e9doise Greta Thunberg. Le voilier avec \u00e0 son bord 12 militants fran\u00e7ais, allemand, br\u00e9silien, turc, su\u00e9dois, espagnol et n\u00e9erlandais, \u00e9tait parti d&rsquo;Italie le 1er juin pour \u00abbriser le blocus isra\u00e9lien\u00bb du territoire palestinien.<\/p>\n","protected":false},"excerpt":{"rendered":"La caravane Soumoud (\u00abr\u00e9sistance\u00bb) n\u2019apporte pas d\u2019aide humanitaire mais se veut un \u00abacte symbolique\u00bb de soutien au territoire&hellip;\n","protected":false},"author":2,"featured_media":163441,"comment_status":"","ping_status":"","sticky":false,"template":"","format":"standard","meta":{"footnotes":""},"categories":[5],"tags":[259,11,260,4628,1011,27,14,261,12,262,2028,28],"class_list":{"0":"post-163440","1":"post","2":"type-post","3":"status-publish","4":"format-standard","5":"has-post-thumbnail","7":"category-international","8":"tag-actualite-internationale","9":"tag-actualites","10":"tag-affaires-etrangeres","11":"tag-bande-de-gaza","12":"tag-fr","13":"tag-france","14":"tag-international","15":"tag-ministere-des-affaires-etrangeres","16":"tag-news","17":"tag-politique-etrangere","18":"tag-tunisie","19":"tag-world"},"share_on_mastodon":{"url":"https:\/\/pubeurope.com\/@fr\/114653941192285860","error":""},"_links":{"self":[{"href":"https:\/\/www.europesays.com\/fr\/wp-json\/wp\/v2\/posts\/163440","targetHints":{"allow":["GET"]}}],"collection":[{"href":"https:\/\/www.europesays.com\/fr\/wp-json\/wp\/v2\/posts"}],"about":[{"href":"https:\/\/www.europesays.com\/fr\/wp-json\/wp\/v2\/types\/post"}],"author":[{"embeddable":true,"href":"https:\/\/www.europesays.com\/fr\/wp-json\/wp\/v2\/users\/2"}],"replies":[{"embeddable":true,"href":"https:\/\/www.europesays.com\/fr\/wp-json\/wp\/v2\/comments?post=163440"}],"version-history":[{"count":0,"href":"https:\/\/www.europesays.com\/fr\/wp-json\/wp\/v2\/posts\/163440\/revisions"}],"wp:featuredmedia":[{"embeddable":true,"href":"https:\/\/www.europesays.com\/fr\/wp-json\/wp\/v2\/media\/163441"}],"wp:attachment":[{"href":"https:\/\/www.europesays.com\/fr\/wp-json\/wp\/v2\/media?parent=163440"}],"wp:term":[{"taxonomy":"category","embeddable":true,"href":"https:\/\/www.europesays.com\/fr\/wp-json\/wp\/v2\/categories?post=163440"},{"taxonomy":"post_tag","embeddable":true,"href":"https:\/\/www.europesays.com\/fr\/wp-json\/wp\/v2\/tags?post=163440"}],"curies":[{"name":"wp","href":"https:\/\/api.w.org\/{rel}","templated":true}]}}