{"id":163460,"date":"2025-06-09T14:57:09","date_gmt":"2025-06-09T14:57:09","guid":{"rendered":"https:\/\/www.europesays.com\/fr\/163460\/"},"modified":"2025-06-09T14:57:09","modified_gmt":"2025-06-09T14:57:09","slug":"ce-que-reserve-la-10e-edition-dun-marqueur-politique","status":"publish","type":"post","link":"https:\/\/www.europesays.com\/fr\/163460\/","title":{"rendered":"ce que r\u00e9serve la 10e \u00e9dition d\u2019un \u00ab\u00a0marqueur\u00a0\u00bb politique"},"content":{"rendered":"<p>C\u2019est un marqueur \u00e0 plusieurs titres de la majorit\u00e9 qui conna\u00eetra, ce samedi, sa dixi\u00e8me \u00e9dition <a href=\"https:\/\/www.ledauphine.com\/isere-sud\/2015\/05\/31\/grenoble-organise-le-6-juin-la-premiere-edition-de-sa-fete-des-tuiles-l-isere-va-raconter-et\" target=\"_blank\" rel=\"noopener\">depuis la premi\u00e8re en 2015<\/a>. \u00c9v\u00e9nement populaire annonc\u00e9 d\u00e8s la campagne municipale il y a onze ans, la F\u00eate des Tuiles r\u00e9sonne aussi comme <a href=\"https:\/\/www.ledauphine.com\/faits-divers-justice\/2023\/09\/06\/fete-des-tuiles-eric-piolle-condamne-a-une-peine-d-amende-avec-sursis-en-appel\" target=\"_blank\" rel=\"noopener\">le seul faux pas judiciaire<\/a> d\u2019<a href=\"https:\/\/www.ledauphine.com\/p\/eric-piolle\" target=\"_blank\" rel=\"noopener\">\u00c9ric Piolle<\/a> jusqu\u2019ici, quand bien m\u00eame la peine prononc\u00e9e (8\u00a0000\u00a0euros d\u2019amende avec sursis) fut plus anecdotique que l\u2019\u00e9cho m\u00e9diatique qui l\u2019avait accompagn\u00e9e.<\/p>\n<p>Mais cet \u00e9v\u00e9nement, mouvant selon les \u00e9ditions dans sa forme comme son emplacement g\u00e9ographique, reste un moment \u00ab\u00a0qui nous tient \u00e0 c\u0153ur, redit Lucille Lheureux, adjointe aux cultures. Elle a des marqueurs qui sont vraiment fondamentaux dans notre engagement politique \u00e0 l\u2018\u00e9chelle de la ville. C\u2019est clairement le fait de d\u00e9ambuler, de parcourir l\u2019espace public, d\u2019avoir un autre regard sur la ville \u00e0 cette occasion, c\u2019est une r\u00e9appropriation. Plus on aura des moments o\u00f9 l\u2019on peut prendre toute notre place en tant qu\u2019enfant, en tant que femme, en tant que minorit\u00e9 dans l\u2019espace public, dans des temps collectifs et de f\u00eates, plus ce sera facile de le faire au quotidien et de l\u2019affirmer, de le r\u00e9affirmer.\u00a0\u00bb<\/p>\n<p>  \u00ab\u00a0Si on veut pouvoir lutter contre les id\u00e9es d\u2019extr\u00eame droite\u2026\u00a0\u00bb<\/p>\n<p>Une fois encore, les festivit\u00e9s auront lieu de 10\u00a0h\u00a030 \u00e0 18\u00a0heures sur les cours Jean-Jaur\u00e8s et Lib\u00e9ration, puis jusqu\u2019\u00e0 23 heures entre les grands boulevards et l\u2019avenue Rochambeau. Le parc Pompidou, lieu d\u2019accueil des deux derni\u00e8res \u00e9ditions, a, lui, disparu de la programmation. \u00ab\u00a0On a bien conscience que ce petit d\u00e9tour par le parc Pompidou a \u00e9t\u00e9 agr\u00e9able et chouette, assez familial, plus confortable peut-\u00eatre. Mais on est persuad\u00e9s qu\u2019on peut s\u2019amuser autant et qu\u2019on peut retrouver cette convivialit\u00e9 sur le cours.\u00a0\u00bb Un esprit grenoblois incarn\u00e9 par les artistes qui se produiront tout au long de la journ\u00e9e\u00a0: \u00ab\u00a0Les artistes sont des acteurs de la ville. Et on leur donne toute cette place. Pour moi, il est essentiel de montrer que l\u2019art, ce n\u2019est pas que du spectacle vivant. \u00c7a permet de revoir de l\u2019art de rue, des propositions artistiques con\u00e7ues pour l\u2019espace public mais \u00e9galement des artistes qui d\u2019habitude se produisent plut\u00f4t en int\u00e9rieur.\u00a0\u00bb<\/p>\n<p>Et parce que les \u00e9ch\u00e9ances politiques 2026 pas plus que le contexte actuel n\u2019ont \u00e9chapp\u00e9 \u00e0 personne, Lucille Lheureux ajoute\u00a0: \u00ab\u00a0Ces grands rassemblements sont politiquement indispensables pour nous. Si on veut pouvoir lutter contre le racisme et les id\u00e9es d\u2019extr\u00eame droite, si on veut pouvoir apporter un service public aussi qui est protecteur, joyeux et f\u00e9d\u00e9rateur, on a besoin de ces moments-l\u00e0.\u00a0\u00bb<\/p>\n<p class=\"chiffre\">260<\/p>\n<p class=\"chiffre\">Le budget de la F\u00eate des Tuiles 2025 se monte \u00e0 260\u00a0000\u00a0\u20ac, dont pr\u00e8s de 60\u00a0000\u00a0euros vont sur les propositions artistiques.<\/p>\n<p class=\"insetTitle\">Les temps forts<\/p>\n<p class=\"point\">\u25b6 \u2002 Un grand vide-greniers. De 10\u00a0h\u00a030 \u00e0 18\u00a0h sur l\u2019avenue Rochambeau et la rue Sidi-Brahim. Les inscriptions sont gratuites et ouvertes jusqu\u2019au vendredi 6\u00a0juin.<\/p>\n<p>\u25b6 \u2002 La travers\u00e9e in\u00e9dite des grands boulevards. Une proposition artistique du collectif Fus\u00e9e pour traverser et aller d\u2019un cours \u00e0 l\u2019autre en \u201ctransport commun\u201d.<\/p>\n<p>\u25b6 \u2002 Highline sur boulevard. Un spectacle de danse verticale sur la fa\u00e7ade du 33-35 cours de la Lib\u00e9ration \u00e0 13\u00a0h accompagn\u00e9 de travers\u00e9es du cours en highline sur 110\u00a0m de long par la Cie les Impond\u00e9rables.<\/p>\n<p>\u25b6 \u2002 Une grande roue en bois de 16 places sera situ\u00e9e au croisement entre la rue des Alli\u00e9s et le cours de la Lib\u00e9ration.<\/p>\n<p>\u25b6 \u2002 Une soir\u00e9e festive. \u00c0 partir de 18\u00a0h cours de la Lib\u00e9ration entre le croisement avec les grands boulevards et l\u2019avenue Rochambeau, aux couleurs des musiques \u00e9lectroniques, Issi, Beatwatch et The Dare Night (TDN).<\/p>\n<p class=\"chiffre\"><strong>Une journ\u00e9e d\u2019\u00e9tudes consacr\u00e9e au r\u00f4le des femmes dans la R\u00e9volution, ce vendredi<\/strong><\/p>\n<p>Pour la deuxi\u00e8me ann\u00e9e, un colloque consacr\u00e9 au matrimoine pr\u00e9c\u00e9dera la F\u00eate des Tuiles. Et permettra, avec nombre de sommit\u00e9s universitaires, d\u2019aborder mes miens entre genre, espace public, engagement et politique et environnement \u00e0 l\u2019\u00e9poque de la R\u00e9volution fran\u00e7aise. \u00ab\u00a0La journ\u00e9e des Tuiles qui a eu lieu en juin\u00a01798 \u00e9tait porteuse de ce sens de lib\u00e9ration, d\u2019\u00e9mancipation, explique J\u00e9r\u00f4me Soldeville, conseiller municipal d\u00e9l\u00e9gu\u00e9. La recherche r\u00e9cente a mis en avant le r\u00f4le de ces femmes dans la journ\u00e9e du 7\u00a0juin 1789. \u00c9galement le r\u00f4le \u00e9conomique en particulier qu\u2019elles ont pu avoir, puisque Grenoble \u00e9tait une ville fronti\u00e8re, et donc lieu de passage de produits interdits, notamment de sel, de tabac\u2026\u00a0\u00bb<\/p>\n<p>Longtemps ignor\u00e9e, leur participation \u00e0 l\u2019\u00e9lan r\u00e9volutionnaire sera largement d\u00e9battue ce vendredi.<\/p>\n<p class=\"note\">Vendredi 13\u00a0juin, \u00e0 l\u2019auditorium de l\u2019office de tourisme, entr\u00e9e libre et gratuite. Sous la pr\u00e9sidence de Pierre Serna, professeur des universit\u00e9s \u00e0 Paris I &#8211; Panth\u00e9on-Sorbonne. 9\u00a0h\u00a030 \u2013 12\u00a0h\u00a030\u00a0: \u201cFemmes contre la R\u00e9volution\u00a0?\u201d 14\u00a0h \u2013 17\u00a0h\u00a030\u00a0: \u201cFemmes en R\u00e9volution\u201d.<\/p>\n","protected":false},"excerpt":{"rendered":"C\u2019est un marqueur \u00e0 plusieurs titres de la majorit\u00e9 qui conna\u00eetra, ce samedi, sa dixi\u00e8me \u00e9dition depuis la&hellip;\n","protected":false},"author":2,"featured_media":163461,"comment_status":"","ping_status":"","sticky":false,"template":"","format":"standard","meta":{"footnotes":""},"categories":[9566],"tags":[1111,11,2430,1687,112,1777,674,3326,107,1011,27,2731,2732,108,3539,12,316,25],"class_list":{"0":"post-163460","1":"post","2":"type-post","3":"status-publish","4":"format-standard","5":"has-post-thumbnail","7":"category-grenoble","8":"tag-actu","9":"tag-actualites","10":"tag-auvergne-rhone-alpes","11":"tag-culture-loisirs","12":"tag-edition-grenoble-agglomeration","13":"tag-eu","14":"tag-europe","15":"tag-fete-locale","16":"tag-fil-info","17":"tag-fr","18":"tag-france","19":"tag-grenoble","20":"tag-grenoble-bassin","21":"tag-isere","22":"tag-les-ecologistes","23":"tag-news","24":"tag-politique","25":"tag-republique-francaise"},"share_on_mastodon":{"url":"https:\/\/pubeurope.com\/@fr\/114653996191324368","error":""},"_links":{"self":[{"href":"https:\/\/www.europesays.com\/fr\/wp-json\/wp\/v2\/posts\/163460","targetHints":{"allow":["GET"]}}],"collection":[{"href":"https:\/\/www.europesays.com\/fr\/wp-json\/wp\/v2\/posts"}],"about":[{"href":"https:\/\/www.europesays.com\/fr\/wp-json\/wp\/v2\/types\/post"}],"author":[{"embeddable":true,"href":"https:\/\/www.europesays.com\/fr\/wp-json\/wp\/v2\/users\/2"}],"replies":[{"embeddable":true,"href":"https:\/\/www.europesays.com\/fr\/wp-json\/wp\/v2\/comments?post=163460"}],"version-history":[{"count":0,"href":"https:\/\/www.europesays.com\/fr\/wp-json\/wp\/v2\/posts\/163460\/revisions"}],"wp:featuredmedia":[{"embeddable":true,"href":"https:\/\/www.europesays.com\/fr\/wp-json\/wp\/v2\/media\/163461"}],"wp:attachment":[{"href":"https:\/\/www.europesays.com\/fr\/wp-json\/wp\/v2\/media?parent=163460"}],"wp:term":[{"taxonomy":"category","embeddable":true,"href":"https:\/\/www.europesays.com\/fr\/wp-json\/wp\/v2\/categories?post=163460"},{"taxonomy":"post_tag","embeddable":true,"href":"https:\/\/www.europesays.com\/fr\/wp-json\/wp\/v2\/tags?post=163460"}],"curies":[{"name":"wp","href":"https:\/\/api.w.org\/{rel}","templated":true}]}}