{"id":163464,"date":"2025-06-09T14:59:11","date_gmt":"2025-06-09T14:59:11","guid":{"rendered":"https:\/\/www.europesays.com\/fr\/163464\/"},"modified":"2025-06-09T14:59:11","modified_gmt":"2025-06-09T14:59:11","slug":"32-c-a-rennes-30-c-a-lorient-27-c-a-brest-ou-fera-t-il-le-plus-chaud-mercredi-en-bretagne","status":"publish","type":"post","link":"https:\/\/www.europesays.com\/fr\/163464\/","title":{"rendered":"32\u00a0\u00b0C \u00e0 Rennes, 30\u00a0\u00b0C \u00e0 Lorient, 27\u00a0\u00b0C \u00e0 Brest\u00a0: o\u00f9 fera-t-il le plus chaud mercredi en Bretagne\u00a0?"},"content":{"rendered":"<p>\u00ab \u00c7a sent le d\u00e9but de l\u2019\u00e9t\u00e9 ! \u00bb Un \u00e9pisode de fortes chaleurs va toucher la Bretagne \u00e0 partir de ce mardi 10 juin, pour un pic attendu ce mercredi 11 juin. \u00ab D\u00e8s mardi, on pourrait passer le seuil de chaleur, \u00e0 25 \u00b0C, dans le sud-est de la r\u00e9gion \u00bb, confirme Gr\u00e9goire V\u00e9deau, de M\u00e9t\u00e9o Bretagne. \u00ab 24 \u00b0C sont attendus \u00e0 Rennes, 25 \u00b0C \u00e0 Vannes, entre 23 \u00b0C et 24 \u00b0C \u00e0 Quimper\u2026 \u00bb<\/p>\n<p>Sur les c\u00f4tes de la Manche, il fera un peu plus frais en raison d\u2019un vent de nord &#8211; on parle de 20 \u00b0C \u00e0 Morlaix &#8211; mais cette fra\u00eecheur sera compens\u00e9e par un ensoleillement tr\u00e8s g\u00e9n\u00e9reux.<\/p>\n<p>Entre 5 \u00e0 8 \u00b0C au-dessus des normales<\/p>\n<p>Un bon pr\u00e9lude \u00e0 la journ\u00e9e de mercredi, o\u00f9 il fera le plus chaud de la semaine. \u00ab Ce sera tr\u00e8s estival ! On pourrait atteindre les 30 \u00b0C sur une partie de la Bretagne, de Lorient \u00e0 Foug\u00e8res, voire les d\u00e9passer entre Rennes et Vannes. \u00bb<\/p>\n<p><img decoding=\"async\" src=\"https:\/\/www.europesays.com\/fr\/wp-content\/uploads\/2025\/06\/6846e9f83359a440840b29d2\" width=\"100%\"\/><\/p>\n<p>Sur les parties plus au nord ou \u00e0 l\u2019ouest, on d\u00e9passera les 25 \u00b0C, comme \u00e0 Brest ou Pontivy, o\u00f9 27 \u00b0C sont attendus. \u00ab On sera ainsi au-dessus des normales attendues pour un mois d\u2019ao\u00fbt ! \u00bb, note Gr\u00e9goire V\u00e9deau. Par rapport \u00e0 un mois de juin, les temp\u00e9ratures se situeront entre 5 \u00e0 8 \u00b0C au-dessus des normales.<\/p>\n<p>Seuls le L\u00e9on et le Tr\u00e9gor ne devraient pas atteindre ce seuil de chaleur. Et si le mercure sera au pic, le soleil, lui, sera moins au z\u00e9nith : des nuages d\u2019altitude feront leur apparition, rendant l\u2019atmosph\u00e8re un peu moins lumineuse que mardi.<\/p>\n<p>Retour de l\u2019instabilit\u00e9<\/p>\n<p>Reste que ce ph\u00e9nom\u00e8ne de chaleur ne sera qu\u2019\u00e9ph\u00e9m\u00e8re : \u00e0 partir de mercredi soir, des pluies orageuses remontent du golfe de Gascogne et atteignent la Bretagne. Dans la nuit de mercredi \u00e0 jeudi, les orages pourraient apporter une ambiance lourde et pesante.<\/p>\n<p>\u00ab Cela va faire basculer l\u2019orientation du vent et baisser les temp\u00e9ratures, mais qui resteront proches des normales gr\u00e2ce \u00e0 l\u2019anticyclone toujours pr\u00e9sent sur l\u2019Atlantique \u00bb, indique le m\u00e9t\u00e9orologue. 16 \u00b0C \u00e0 17 \u00b0C sont attendus au r\u00e9veil jeudi matin. Un deuxi\u00e8me pic de chaleur est possible pour vendredi, mais les mod\u00e8les restent encore tr\u00e8s incertains pour le moment sur ce nouvel \u00e9pisode.<\/p>\n","protected":false},"excerpt":{"rendered":"\u00ab \u00c7a sent le d\u00e9but de l\u2019\u00e9t\u00e9 ! \u00bb Un \u00e9pisode de fortes chaleurs va toucher la Bretagne&hellip;\n","protected":false},"author":2,"featured_media":163465,"comment_status":"","ping_status":"","sticky":false,"template":"","format":"standard","meta":{"footnotes":""},"categories":[2821],"tags":[1111,11,3450,829,2171,765,1777,674,3321,1011,27,848,1781,2487,21570,3729,12,584,25],"class_list":{"0":"post-163464","1":"post","2":"type-post","3":"status-publish","4":"format-standard","5":"has-post-thumbnail","7":"category-rennes","8":"tag-actu","9":"tag-actualites","10":"tag-brest","11":"tag-bretagne","12":"tag-cotes-darmor","13":"tag-en-continu","14":"tag-eu","15":"tag-europe","16":"tag-finistere","17":"tag-fr","18":"tag-france","19":"tag-ille-et-vilaine","20":"tag-lorient","21":"tag-meteo","22":"tag-meteo-en-bretagne","23":"tag-morbihan","24":"tag-news","25":"tag-rennes","26":"tag-republique-francaise"},"share_on_mastodon":{"url":"https:\/\/pubeurope.com\/@fr\/114654004092716709","error":""},"_links":{"self":[{"href":"https:\/\/www.europesays.com\/fr\/wp-json\/wp\/v2\/posts\/163464","targetHints":{"allow":["GET"]}}],"collection":[{"href":"https:\/\/www.europesays.com\/fr\/wp-json\/wp\/v2\/posts"}],"about":[{"href":"https:\/\/www.europesays.com\/fr\/wp-json\/wp\/v2\/types\/post"}],"author":[{"embeddable":true,"href":"https:\/\/www.europesays.com\/fr\/wp-json\/wp\/v2\/users\/2"}],"replies":[{"embeddable":true,"href":"https:\/\/www.europesays.com\/fr\/wp-json\/wp\/v2\/comments?post=163464"}],"version-history":[{"count":0,"href":"https:\/\/www.europesays.com\/fr\/wp-json\/wp\/v2\/posts\/163464\/revisions"}],"wp:featuredmedia":[{"embeddable":true,"href":"https:\/\/www.europesays.com\/fr\/wp-json\/wp\/v2\/media\/163465"}],"wp:attachment":[{"href":"https:\/\/www.europesays.com\/fr\/wp-json\/wp\/v2\/media?parent=163464"}],"wp:term":[{"taxonomy":"category","embeddable":true,"href":"https:\/\/www.europesays.com\/fr\/wp-json\/wp\/v2\/categories?post=163464"},{"taxonomy":"post_tag","embeddable":true,"href":"https:\/\/www.europesays.com\/fr\/wp-json\/wp\/v2\/tags?post=163464"}],"curies":[{"name":"wp","href":"https:\/\/api.w.org\/{rel}","templated":true}]}}