{"id":163468,"date":"2025-06-09T15:01:14","date_gmt":"2025-06-09T15:01:14","guid":{"rendered":"https:\/\/www.europesays.com\/fr\/163468\/"},"modified":"2025-06-09T15:01:14","modified_gmt":"2025-06-09T15:01:14","slug":"strasbourg-depuis-10-ans-deux-soeurs-partagent-leur-passion-de-la-coree-du-sud-sur-youtube","status":"publish","type":"post","link":"https:\/\/www.europesays.com\/fr\/163468\/","title":{"rendered":"Strasbourg. Depuis 10 ans, deux s\u0153urs partagent leur\u00a0passion de la Cor\u00e9e du\u00a0Sud sur\u00a0YouTube"},"content":{"rendered":"<p>Attabl\u00e9es autour d\u2019un cappuccino et d\u2019une limonade fruits rouges dans leur caf\u00e9 s\u00e9oulite pr\u00e9f\u00e9r\u00e9 \u00ab\u00a0Witch and Gretels\u00a0\u00bb, Mayline et Lou se racontent \u00e0 tour de r\u00f4le. Chacune compl\u00e8te les r\u00e9ponses de l\u2019autre, elles \u00e9clatent de rire en m\u00eame temps, se jettent des regards complices. Oui, elles sont s\u0153urs, comme l\u2019affiche fi\u00e8rement la banni\u00e8re de leur <a href=\"https:\/\/www.youtube.com\/@MAYLINELOU\" target=\"_blank\" rel=\"nofollow noopener\">cha\u00eene YouTube<\/a>. En description, quelques mots efficaces\u00a0: \u00ab\u00a0Mayline, 31 ans, introvertie, aime les plantes et le crochet\u00a0: Lou, 28\u00a0ans, aime les frites, la danse et motiver les troupes\u00a0\u00bb.<\/p>\n<p>Les deux Alsaciennes ont grandi entour\u00e9es de leur p\u00e8re, plombier, et de leur m\u00e8re, professeure, \u00e0 Strasbourg\u00a0: primaire, coll\u00e8ge, lyc\u00e9e pour l\u2019une, \u00ab\u00a0consid\u00e9r\u00e9e comme la fille disciplin\u00e9e, et bonne \u00e0 l\u2019\u00e9cole\u00a0\u00bb,&#8230;<\/p>\n","protected":false},"excerpt":{"rendered":"Attabl\u00e9es autour d\u2019un cappuccino et d\u2019une limonade fruits rouges dans leur caf\u00e9 s\u00e9oulite pr\u00e9f\u00e9r\u00e9 \u00ab\u00a0Witch and Gretels\u00a0\u00bb, Mayline&hellip;\n","protected":false},"author":2,"featured_media":163469,"comment_status":"","ping_status":"","sticky":false,"template":"","format":"standard","meta":{"footnotes":""},"categories":[2820],"tags":[1111,11,2389,2649,2880,1777,674,107,1011,27,775,3035,12,25,4604,104,640,2879,2205],"class_list":{"0":"post-163468","1":"post","2":"type-post","3":"status-publish","4":"format-standard","5":"has-post-thumbnail","7":"category-strasbourg","8":"tag-actu","9":"tag-actualites","10":"tag-alsace","11":"tag-bas-rhin","12":"tag-edition-strasbourg","13":"tag-eu","14":"tag-europe","15":"tag-fil-info","16":"tag-fr","17":"tag-france","18":"tag-grand-est","19":"tag-la-matinale-strasbourg","20":"tag-news","21":"tag-republique-francaise","22":"tag-selection-abonne","23":"tag-societe","24":"tag-strasbourg","25":"tag-strasbourg-ville","26":"tag-television-medias"},"share_on_mastodon":{"url":"https:\/\/pubeurope.com\/@fr\/114654011973001520","error":""},"_links":{"self":[{"href":"https:\/\/www.europesays.com\/fr\/wp-json\/wp\/v2\/posts\/163468","targetHints":{"allow":["GET"]}}],"collection":[{"href":"https:\/\/www.europesays.com\/fr\/wp-json\/wp\/v2\/posts"}],"about":[{"href":"https:\/\/www.europesays.com\/fr\/wp-json\/wp\/v2\/types\/post"}],"author":[{"embeddable":true,"href":"https:\/\/www.europesays.com\/fr\/wp-json\/wp\/v2\/users\/2"}],"replies":[{"embeddable":true,"href":"https:\/\/www.europesays.com\/fr\/wp-json\/wp\/v2\/comments?post=163468"}],"version-history":[{"count":0,"href":"https:\/\/www.europesays.com\/fr\/wp-json\/wp\/v2\/posts\/163468\/revisions"}],"wp:featuredmedia":[{"embeddable":true,"href":"https:\/\/www.europesays.com\/fr\/wp-json\/wp\/v2\/media\/163469"}],"wp:attachment":[{"href":"https:\/\/www.europesays.com\/fr\/wp-json\/wp\/v2\/media?parent=163468"}],"wp:term":[{"taxonomy":"category","embeddable":true,"href":"https:\/\/www.europesays.com\/fr\/wp-json\/wp\/v2\/categories?post=163468"},{"taxonomy":"post_tag","embeddable":true,"href":"https:\/\/www.europesays.com\/fr\/wp-json\/wp\/v2\/tags?post=163468"}],"curies":[{"name":"wp","href":"https:\/\/api.w.org\/{rel}","templated":true}]}}