{"id":163472,"date":"2025-06-09T15:03:09","date_gmt":"2025-06-09T15:03:09","guid":{"rendered":"https:\/\/www.europesays.com\/fr\/163472\/"},"modified":"2025-06-09T15:03:09","modified_gmt":"2025-06-09T15:03:09","slug":"le-bassin-saisonnier-fait-son-grand-retour-a-la-trinite","status":"publish","type":"post","link":"https:\/\/www.europesays.com\/fr\/163472\/","title":{"rendered":"Le bassin saisonnier fait son grand retour \u00e0 La Trinit\u00e9"},"content":{"rendered":"<p>Jardin aquatique, aquafitness, stages de voile, etc. D\u00e8s ce mardi 10 juin 2025, le bassin saisonnier de La Trinit\u00e9 est ouvert au public et ce jusqu\u2019au mardi 23 septembre.<\/p>\n<p>Mis en place en 2023 et renouvel\u00e9 en 2024, ce dispositif, port\u00e9 par la Ville, revendique deux buts: la pr\u00e9vention contre la noyade et l\u2019acc\u00e8s \u00e0 la pratique de la natation.<\/p>\n<p>Pour annoncer le retour de cette piscine ouverte \u00e0 tous les Trinitaires au Palais des sports, le maire de La Trinit\u00e9, Ladislas Polski a expliqu\u00e9 vouloir: \u00ab\u00a0renforcer l\u2019apprentissage de la natation [qui] est un enjeu de sant\u00e9 publique auquel la Ville de La Trinit\u00e9 souhaite contribuer activement. C\u2019est pourquoi nous avons d\u00e9cid\u00e9, cette ann\u00e9e encore, de relancer le dispositif du bassin saisonnier, d\u00e9j\u00e0 pl\u00e9biscit\u00e9 par les Trinitaires ces deux derni\u00e8res ann\u00e9es, et de proposer aux petits et grands une large offre d\u2019activit\u00e9s accessibles \u00e0 tous.\u00a0\u00bb<\/p>\n<p>La piscine ne sera pas en acc\u00e8s libre, chaque moment d\u2019ouverture sera encadr\u00e9 par des professionnels.<\/p>\n<p>Un programme d\u2019activit\u00e9s est propos\u00e9 pour satisfaire tout le monde: des enfants aux seniors.<\/p>\n<p>Chaque mardi (du 10 juin au 23 septembre) et le jeudi (du 10 juillet au 28 ao\u00fbt): les inscrits pourront participer \u00e0 des cours d\u2019aquafitness. Le samedi (du 14 juin au 30 ao\u00fbt), c\u2019est le jour r\u00e9serv\u00e9 aux seniors avec des sessions d\u2019aquaforme.<\/p>\n<p>Pour les enfants \u2013 jusqu\u2019\u00e0 6 ans accompagn\u00e9 d\u2019un parent \u2013 des cours de d\u00e9couverte aquatique sont au programme d\u00e8s ce samedi 14 juin jusqu\u2019au 30 ao\u00fbt. Un stage de natation sera \u00e9galement mis en place pour les \u00e9l\u00e8ves (du CP au CM2) du 7 au 11 juillet, et des cours semi-collectifs seront organis\u00e9s \u2013 sous condition de r\u00e9servation \u2013 pour permettre \u00e0 des enfants en petit groupe d\u2019apprendre la natation avec des professionnels.<\/p>\n<p>Toutes les informations et les tarifs sont disponibles sur villedelatrinite.fr. 04.93.27.64.10<\/p>\n","protected":false},"excerpt":{"rendered":"Jardin aquatique, aquafitness, stages de voile, etc. D\u00e8s ce mardi 10 juin 2025, le bassin saisonnier de La&hellip;\n","protected":false},"author":2,"featured_media":163473,"comment_status":"","ping_status":"","sticky":false,"template":"","format":"standard","meta":{"footnotes":""},"categories":[2819],"tags":[1111,11,1777,674,1011,27,12,2401,882,25,3366],"class_list":{"0":"post-163472","1":"post","2":"type-post","3":"status-publish","4":"format-standard","5":"has-post-thumbnail","7":"category-nice","8":"tag-actu","9":"tag-actualites","10":"tag-eu","11":"tag-europe","12":"tag-fr","13":"tag-france","14":"tag-news","15":"tag-nice","16":"tag-provence-alpes-cote-dazur","17":"tag-republique-francaise","18":"tag-vie-locale"},"share_on_mastodon":{"url":"https:\/\/pubeurope.com\/@fr\/114654019921652189","error":""},"_links":{"self":[{"href":"https:\/\/www.europesays.com\/fr\/wp-json\/wp\/v2\/posts\/163472","targetHints":{"allow":["GET"]}}],"collection":[{"href":"https:\/\/www.europesays.com\/fr\/wp-json\/wp\/v2\/posts"}],"about":[{"href":"https:\/\/www.europesays.com\/fr\/wp-json\/wp\/v2\/types\/post"}],"author":[{"embeddable":true,"href":"https:\/\/www.europesays.com\/fr\/wp-json\/wp\/v2\/users\/2"}],"replies":[{"embeddable":true,"href":"https:\/\/www.europesays.com\/fr\/wp-json\/wp\/v2\/comments?post=163472"}],"version-history":[{"count":0,"href":"https:\/\/www.europesays.com\/fr\/wp-json\/wp\/v2\/posts\/163472\/revisions"}],"wp:featuredmedia":[{"embeddable":true,"href":"https:\/\/www.europesays.com\/fr\/wp-json\/wp\/v2\/media\/163473"}],"wp:attachment":[{"href":"https:\/\/www.europesays.com\/fr\/wp-json\/wp\/v2\/media?parent=163472"}],"wp:term":[{"taxonomy":"category","embeddable":true,"href":"https:\/\/www.europesays.com\/fr\/wp-json\/wp\/v2\/categories?post=163472"},{"taxonomy":"post_tag","embeddable":true,"href":"https:\/\/www.europesays.com\/fr\/wp-json\/wp\/v2\/tags?post=163472"}],"curies":[{"name":"wp","href":"https:\/\/api.w.org\/{rel}","templated":true}]}}