{"id":163478,"date":"2025-06-09T15:07:10","date_gmt":"2025-06-09T15:07:10","guid":{"rendered":"https:\/\/www.europesays.com\/fr\/163478\/"},"modified":"2025-06-09T15:07:10","modified_gmt":"2025-06-09T15:07:10","slug":"larea-reconduit-stephane-douence","status":"publish","type":"post","link":"https:\/\/www.europesays.com\/fr\/163478\/","title":{"rendered":"L&rsquo;Area reconduit St\u00e9phane Douence"},"content":{"rendered":"<p>\n\t\t\t\t\t\t\t\t\tSt\u00e9phane Douence a \u00e9t\u00e9 r\u00e9\u00e9lu \u00e0 la pr\u00e9sidence de l&rsquo;Area Nouvelle-Aquitaine. Cr\u00e9dit : Area NA\n\t\t\t\t\t\t\t\t<\/p>\n<p>St\u00e9phane Douence r\u00e9\u00e9lu \u00e0 la t\u00eate de l\u2019Area Nouvelle-Aquitaine.<\/p>\n<p>L\u2019Association r\u00e9gionale des entreprises alimentaires (Area) de Nouvelle-Aquitaine a r\u00e9\u00e9lu St\u00e9phane Douence \u00e0 la pr\u00e9sidence de l\u2019association. St\u00e9phane Douence est directeur g\u00e9n\u00e9ral de Vinaigrerie g\u00e9n\u00e9rale, en Dordogne (358 K\u20ac de r\u00e9sultat net), sera accompagn\u00e9 par le vice-pr\u00e9sident Laurent Dulau (groupe Kaviar) et par un tr\u00e9sorier en la personne d&rsquo;Eric Bocquier (Vitamont). Le nouveau bureau comprend 20 membres. Parmi les nouveaux administrateurs figurent Sylvain Boucher, dirigeant de la Chanteracoise en Dordogne, Sophie Brillaud, DG de Fimco-conserves parall\u00e8les en Gironde, Hubert Candl\u00e9, directeur de Bastidarra dans les Pyr\u00e9n\u00e9es-Atlantiques, et Emmanuel Geoffroy, pr\u00e9sident de Sodiporc en Charente. L\u2019Area NA, bas\u00e9e \u00e0 Talence (Gironde), compte plus de 200 entreprises adh\u00e9rentes et pr\u00e8s de 50 partenaires priv\u00e9s.  <\/p>\n","protected":false},"excerpt":{"rendered":"St\u00e9phane Douence a \u00e9t\u00e9 r\u00e9\u00e9lu \u00e0 la pr\u00e9sidence de l&rsquo;Area Nouvelle-Aquitaine. Cr\u00e9dit : Area NA St\u00e9phane Douence r\u00e9\u00e9lu&hellip;\n","protected":false},"author":2,"featured_media":163479,"comment_status":"","ping_status":"","sticky":false,"template":"","format":"standard","meta":{"footnotes":""},"categories":[2817],"tags":[1111,11,1997,1777,674,1011,27,12,2219,5645,25],"class_list":{"0":"post-163478","1":"post","2":"type-post","3":"status-publish","4":"format-standard","5":"has-post-thumbnail","7":"category-bordeaux","8":"tag-actu","9":"tag-actualites","10":"tag-bordeaux","11":"tag-eu","12":"tag-europe","13":"tag-fr","14":"tag-france","15":"tag-news","16":"tag-nouvelle-aquitaine","17":"tag-placco-placeco","18":"tag-republique-francaise"},"share_on_mastodon":{"url":"https:\/\/pubeurope.com\/@fr\/114654035547227047","error":""},"_links":{"self":[{"href":"https:\/\/www.europesays.com\/fr\/wp-json\/wp\/v2\/posts\/163478","targetHints":{"allow":["GET"]}}],"collection":[{"href":"https:\/\/www.europesays.com\/fr\/wp-json\/wp\/v2\/posts"}],"about":[{"href":"https:\/\/www.europesays.com\/fr\/wp-json\/wp\/v2\/types\/post"}],"author":[{"embeddable":true,"href":"https:\/\/www.europesays.com\/fr\/wp-json\/wp\/v2\/users\/2"}],"replies":[{"embeddable":true,"href":"https:\/\/www.europesays.com\/fr\/wp-json\/wp\/v2\/comments?post=163478"}],"version-history":[{"count":0,"href":"https:\/\/www.europesays.com\/fr\/wp-json\/wp\/v2\/posts\/163478\/revisions"}],"wp:featuredmedia":[{"embeddable":true,"href":"https:\/\/www.europesays.com\/fr\/wp-json\/wp\/v2\/media\/163479"}],"wp:attachment":[{"href":"https:\/\/www.europesays.com\/fr\/wp-json\/wp\/v2\/media?parent=163478"}],"wp:term":[{"taxonomy":"category","embeddable":true,"href":"https:\/\/www.europesays.com\/fr\/wp-json\/wp\/v2\/categories?post=163478"},{"taxonomy":"post_tag","embeddable":true,"href":"https:\/\/www.europesays.com\/fr\/wp-json\/wp\/v2\/tags?post=163478"}],"curies":[{"name":"wp","href":"https:\/\/api.w.org\/{rel}","templated":true}]}}