{"id":163482,"date":"2025-06-09T15:09:14","date_gmt":"2025-06-09T15:09:14","guid":{"rendered":"https:\/\/www.europesays.com\/fr\/163482\/"},"modified":"2025-06-09T15:09:14","modified_gmt":"2025-06-09T15:09:14","slug":"tete-daffiche-du-rap-francais-dadju-bientot-en-showcase-dans-une-discotheque-de-toulouse","status":"publish","type":"post","link":"https:\/\/www.europesays.com\/fr\/163482\/","title":{"rendered":"T\u00eate d\u2019affiche du rap fran\u00e7ais, Dadju bient\u00f4t en showcase dans une discoth\u00e8que de Toulouse"},"content":{"rendered":"<p>            Par<br \/>\n        <strong><br \/>\n            <a href=\"https:\/\/actu.fr\/auteur\/ancelin-emeryhenriot\" title=\"Consulter tous les articles de Ancelin Emery-Henriot\" target=\"_blank\" rel=\"noopener\">Ancelin Emery-Henriot<\/a><br \/>\n        <\/strong><\/p>\n<p>        Publi\u00e9 le<\/p>\n<p>            9 juin 2025 \u00e0 16h34        <\/p>\n<p>C\u2019est un ph\u00e9nom\u00e8ne qui pose ses valises \u00e0 <a href=\"https:\/\/actu.fr\/toulouse\/\" target=\"_blank\" rel=\"noopener\">Toulouse<\/a>. \u00c9cout\u00e9 par plus de <strong>7 millions<\/strong> de personnes chaque mois sur Spotify, le chanteur <strong>Dadju<\/strong> va donner un showcase le vendredi 13 juin 2025 prochain. Lieu de rendez-vous, l\u2019O\u2019Club, la c\u00e9l\u00e8bre bo\u00eete de nuit de Balma Gramont.<\/p>\n<p>Une ann\u00e9e charg\u00e9e<\/p>\n<p class=\" wall-content\">L\u2019interpr\u00e8te des titres Reine ou encore I love you est un <strong>coutumier<\/strong> de la sc\u00e8ne toulousaine. Il a, par le pass\u00e9, rempli deux Z\u00e9niths en solo, en 2018 et 2022. Il a, plus t\u00f4t cette ann\u00e9e, r\u00e9ussi <strong>cette prouesse<\/strong> une troisi\u00e8me fois, accompagn\u00e9 de <strong>Tayc<\/strong>. Il est aussi un <strong>habitu\u00e9 des showcases<\/strong>. Il a, entre autres, rempli le Nine ou encore l\u2019Etoile.<\/p>\n<p class=\" wall-content\">Cette nouvelle performance live vient \u00e9toffer, s\u2019il le fallait encore, un d\u00e9but d\u2019ann\u00e9e 2025 o\u00f9 la Ville Rose aura vu passer <strong>beaucoup de gros noms<\/strong> du milieu du hip-hop et du RnB. SCH, Ninho &amp; Niska, SDM, GIMS, Gazo ou encore Tiakola ont, par exemple, tous <strong>enflamm\u00e9<\/strong> les sc\u00e8nes toulousaines depuis janvier.\u00a0<\/p>\n<p><strong>Infos Pratiques<\/strong><br \/>\nO\u2019Club, 101 Route d\u2019Agde \u00e0 Toulouse<br \/>\nBilleterie disponible <a href=\"https:\/\/www.bizouk.com\/events\/details\/dadju-showcase-toulouse\/99622\" target=\"_blank\" rel=\"noopener\">en ligne<\/a><\/p>\n<p class=\" wall-content\">Suivez toute l\u2019actualit\u00e9 de vos villes et m\u00e9dias favoris en vous inscrivant \u00e0 <a href=\"https:\/\/moncompte.actu.fr\" title=\"D\u00e9couvez Mon Actu\" rel=\"nofollow noopener\" data-trk=\"{&quot;cta&quot;:{&quot;action&quot;:&quot;https:\\\/\\\/moncompte.actu.fr&quot;,&quot;category&quot;:&quot;mon compte&quot;,&quot;from&quot;:&quot;article footer&quot;,&quot;name&quot;:&quot;Mon actu&quot;,&quot;type&quot;:&quot;cta&quot;}}\" target=\"_blank\">Mon Actu<\/a>.<\/p>\n","protected":false},"excerpt":{"rendered":"Par Ancelin Emery-Henriot Publi\u00e9 le 9 juin 2025 \u00e0 16h34 C\u2019est un ph\u00e9nom\u00e8ne qui pose ses valises \u00e0&hellip;\n","protected":false},"author":2,"featured_media":163483,"comment_status":"","ping_status":"","sticky":false,"template":"","format":"standard","meta":{"footnotes":""},"categories":[2816],"tags":[1111,11,1697,1777,674,1011,27,1652,12,2680,3616,25,1341,2312],"class_list":{"0":"post-163482","1":"post","2":"type-post","3":"status-publish","4":"format-standard","5":"has-post-thumbnail","7":"category-toulouse","8":"tag-actu","9":"tag-actualites","10":"tag-concert","11":"tag-eu","12":"tag-europe","13":"tag-fr","14":"tag-france","15":"tag-loisirs-culture","16":"tag-news","17":"tag-occitanie","18":"tag-rap","19":"tag-republique-francaise","20":"tag-sortir-a-toulouse","21":"tag-toulouse"},"share_on_mastodon":{"url":"https:\/\/pubeurope.com\/@fr\/114654043405230487","error":""},"_links":{"self":[{"href":"https:\/\/www.europesays.com\/fr\/wp-json\/wp\/v2\/posts\/163482","targetHints":{"allow":["GET"]}}],"collection":[{"href":"https:\/\/www.europesays.com\/fr\/wp-json\/wp\/v2\/posts"}],"about":[{"href":"https:\/\/www.europesays.com\/fr\/wp-json\/wp\/v2\/types\/post"}],"author":[{"embeddable":true,"href":"https:\/\/www.europesays.com\/fr\/wp-json\/wp\/v2\/users\/2"}],"replies":[{"embeddable":true,"href":"https:\/\/www.europesays.com\/fr\/wp-json\/wp\/v2\/comments?post=163482"}],"version-history":[{"count":0,"href":"https:\/\/www.europesays.com\/fr\/wp-json\/wp\/v2\/posts\/163482\/revisions"}],"wp:featuredmedia":[{"embeddable":true,"href":"https:\/\/www.europesays.com\/fr\/wp-json\/wp\/v2\/media\/163483"}],"wp:attachment":[{"href":"https:\/\/www.europesays.com\/fr\/wp-json\/wp\/v2\/media?parent=163482"}],"wp:term":[{"taxonomy":"category","embeddable":true,"href":"https:\/\/www.europesays.com\/fr\/wp-json\/wp\/v2\/categories?post=163482"},{"taxonomy":"post_tag","embeddable":true,"href":"https:\/\/www.europesays.com\/fr\/wp-json\/wp\/v2\/tags?post=163482"}],"curies":[{"name":"wp","href":"https:\/\/api.w.org\/{rel}","templated":true}]}}