{"id":163486,"date":"2025-06-09T15:12:09","date_gmt":"2025-06-09T15:12:09","guid":{"rendered":"https:\/\/www.europesays.com\/fr\/163486\/"},"modified":"2025-06-09T15:12:09","modified_gmt":"2025-06-09T15:12:09","slug":"une-grande-parade-en-centre-ville-les-equipes-presentees-sur-la-grandplace","status":"publish","type":"post","link":"https:\/\/www.europesays.com\/fr\/163486\/","title":{"rendered":"une grande parade en centre-ville, les \u00e9quipes pr\u00e9sent\u00e9es sur la Grand&rsquo;Place"},"content":{"rendered":"<p>            Par<br \/>\n        <strong><br \/>\n            <a href=\"https:\/\/actu.fr\/auteur\/nicolas-demollien\" title=\"Consulter tous les articles de Nicolas Demollien\" rel=\"nofollow noopener\" target=\"_blank\">Nicolas Demollien<\/a><br \/>\n        <\/strong><\/p>\n<p>        Publi\u00e9 le<\/p>\n<p>            9 juin 2025 \u00e0 16h44        <\/p>\n<p>La f\u00eate promet d\u2019\u00eatre belle ! Alors que le <b>grand d\u00e9part<\/b> du <a href=\"https:\/\/actu.fr\/tag\/tour-de-france-2025\" rel=\"nofollow noopener\" target=\"_blank\">Tour de France<\/a> est programm\u00e9 <b>samedi 5 juillet 2025<\/b> \u00e0 <a href=\"https:\/\/actu.fr\/hauts-de-france\/lille_59350\" rel=\"nofollow noopener\" target=\"_blank\">Lille<\/a> (Nord), les animations vont se multiplier dans les jours qui pr\u00e9c\u00e8dent l\u2019\u00e9v\u00e9nement. Au menu notamment, une <b>grande parade<\/b> et la <b>pr\u00e9sentation officielle des \u00e9quipes sur la Grand\u2019Place<\/b>.<\/p>\n<p>Tour de France 2025 : une parade \u00e0 Lille le 3 juillet<\/p>\n<p data-end=\"4440\" class=\" wall-content\">Jeudi 3 juillet, \u00e0 partir de 18h, le cort\u00e8ge empruntera ainsi :<\/p>\n<ul class=\" wall-content\">\n<li data-end=\"4440\">la rue Faidherbe,<\/li>\n<li data-end=\"4440\">la place de la gare Lille Flandres,<\/li>\n<li data-end=\"4440\">la rue du Molinel,<\/li>\n<li data-end=\"4440\">la rue Pierre Mauroy,<\/li>\n<li data-end=\"4440\">la place du Th\u00e9\u00e2tre<\/li>\n<li data-end=\"4440\">et la rue des 7 Agaches.<\/li>\n<\/ul>\n<p data-end=\"4863\" class=\" wall-content\">Une <b>sc\u00e8ne sera install\u00e9e au niveau de la colonne de la D\u00e9esse<\/b> pour la pr\u00e9sentation des \u00e9quipes, \u00ab\u00a0offrant une vue panoramique \u00e0 360\u00b0 sur l\u2019\u00e9v\u00e9nement\u00a0\u00bb, soulignent les organisateurs.<\/p>\n<p data-end=\"4863\" class=\" wall-content\">Notons que la jauge d\u2019acc\u00e8s \u00e0 la Grand Place sera toutefois limit\u00e9e. Pour rem\u00e9dier au mieux \u00e0 cette limite, \u00ab\u00a0les spectateurs pourront suivre l\u2019\u00e9v\u00e9nement sur l\u2019un des <b>\u00e9crans g\u00e9ants install\u00e9s<\/b> \u00e0 l\u2019angle des rues Faidherbe et du Priez, \u00e0 l\u2019angle des rues du Molinel et Pierre Mauroy, sur le parvis Saint-Maurice et sur la place de la R\u00e9publique\u00a0\u00bb.<\/p>\n<p>Vid\u00e9os : en ce moment sur Actu<\/p>\n<p data-end=\"4863\" class=\" wall-content\">Notons par ailleurs qu\u2019un <b>Fan Park<\/b> sera accessible gratuitement place de la R\u00e9publique, du jeudi 3 au samedi 5 juillet. Au programme : les stands des partenaires du Tour de France, des animations pour tous, des jeux concours, des distributions de goodies, des d\u00e9fis sportifs, un show v\u00e9lo, de la musique, des ateliers p\u00e9dagogiques autour du v\u00e9lo, des pistes d\u2019apprentissage et des sessions de sensibilisation \u00e0 la s\u00e9curit\u00e9 routi\u00e8re. Le tout accessible gratuitement.<\/p>\n<p data-end=\"4863\" class=\" wall-content\">\u00ab\u00a0Le 5 juillet prochain, notre territoire accueillera de nouveau cet \u00e9v\u00e9nement sportif d\u2019envergure mondiale. Le spectacle promet d\u2019\u00eatre grandiose, et nous sommes heureux et impatients de proposer ce moment exceptionnel\u00a0\u00bb, sourit Damien Catelain, pr\u00e9sident de la <a href=\"https:\/\/actu.fr\/tag\/metropole-europeenne-de-lille\" rel=\"nofollow noopener\" target=\"_blank\">M\u00e9tropole europ\u00e9enne de Lille<\/a>.<\/p>\n<p data-end=\"5229\" class=\" wall-content\">Plus d\u2019infos sur le site <a href=\"https:\/\/www.letourlille-norddefrance.fr\/\" rel=\"nofollow noopener\" target=\"_blank\">letourlille-norddefrance.fr<\/a><\/p>\n<p class=\" wall-content\">Suivez toute l\u2019actualit\u00e9 de vos villes et m\u00e9dias favoris en vous inscrivant \u00e0 <a href=\"https:\/\/moncompte.actu.fr\" title=\"D\u00e9couvez Mon Actu\" rel=\"nofollow noopener\" data-trk=\"{&quot;cta&quot;:{&quot;action&quot;:&quot;https:\\\/\\\/moncompte.actu.fr&quot;,&quot;category&quot;:&quot;mon compte&quot;,&quot;from&quot;:&quot;article footer&quot;,&quot;name&quot;:&quot;Mon actu&quot;,&quot;type&quot;:&quot;cta&quot;}}\" target=\"_blank\">Mon Actu<\/a>.<\/p>\n","protected":false},"excerpt":{"rendered":"Par Nicolas Demollien Publi\u00e9 le 9 juin 2025 \u00e0 16h44 La f\u00eate promet d\u2019\u00eatre belle ! Alors que&hellip;\n","protected":false},"author":2,"featured_media":163487,"comment_status":"","ping_status":"","sticky":false,"template":"","format":"standard","meta":{"footnotes":""},"categories":[2815],"tags":[1111,11,1777,674,1011,27,811,1307,1652,12,25,2116],"class_list":{"0":"post-163486","1":"post","2":"type-post","3":"status-publish","4":"format-standard","5":"has-post-thumbnail","7":"category-lille","8":"tag-actu","9":"tag-actualites","10":"tag-eu","11":"tag-europe","12":"tag-fr","13":"tag-france","14":"tag-hauts-de-france","15":"tag-lille","16":"tag-loisirs-culture","17":"tag-news","18":"tag-republique-francaise","19":"tag-tour-de-france-2025"},"share_on_mastodon":{"url":"https:\/\/pubeurope.com\/@fr\/114654055264551001","error":""},"_links":{"self":[{"href":"https:\/\/www.europesays.com\/fr\/wp-json\/wp\/v2\/posts\/163486","targetHints":{"allow":["GET"]}}],"collection":[{"href":"https:\/\/www.europesays.com\/fr\/wp-json\/wp\/v2\/posts"}],"about":[{"href":"https:\/\/www.europesays.com\/fr\/wp-json\/wp\/v2\/types\/post"}],"author":[{"embeddable":true,"href":"https:\/\/www.europesays.com\/fr\/wp-json\/wp\/v2\/users\/2"}],"replies":[{"embeddable":true,"href":"https:\/\/www.europesays.com\/fr\/wp-json\/wp\/v2\/comments?post=163486"}],"version-history":[{"count":0,"href":"https:\/\/www.europesays.com\/fr\/wp-json\/wp\/v2\/posts\/163486\/revisions"}],"wp:featuredmedia":[{"embeddable":true,"href":"https:\/\/www.europesays.com\/fr\/wp-json\/wp\/v2\/media\/163487"}],"wp:attachment":[{"href":"https:\/\/www.europesays.com\/fr\/wp-json\/wp\/v2\/media?parent=163486"}],"wp:term":[{"taxonomy":"category","embeddable":true,"href":"https:\/\/www.europesays.com\/fr\/wp-json\/wp\/v2\/categories?post=163486"},{"taxonomy":"post_tag","embeddable":true,"href":"https:\/\/www.europesays.com\/fr\/wp-json\/wp\/v2\/tags?post=163486"}],"curies":[{"name":"wp","href":"https:\/\/api.w.org\/{rel}","templated":true}]}}