{"id":163503,"date":"2025-06-09T15:22:10","date_gmt":"2025-06-09T15:22:10","guid":{"rendered":"https:\/\/www.europesays.com\/fr\/163503\/"},"modified":"2025-06-09T15:22:10","modified_gmt":"2025-06-09T15:22:10","slug":"que-vont-devenir-les-76-millions-deuros-dexcedent-liberation","status":"publish","type":"post","link":"https:\/\/www.europesays.com\/fr\/163503\/","title":{"rendered":"que vont devenir les 76\u00a0millions d\u2019euros d\u2019exc\u00e9dent\u00a0? \u2013 Lib\u00e9ration"},"content":{"rendered":"<p class=\"sc-ksZaOG ehjQrN text-element\">Pour une surprise, c\u2019est une bonne surprise. Dimanche, le Comit\u00e9 d\u2019organisation des Jeux olympiques (Cojo) de Paris-2024 a annonc\u00e9 avoir revu tr\u00e8s largement \u00e0 la hausse l\u2019exc\u00e9dent de son budget. Le boni avoisinerait d\u00e9sormais <a href=\"https:\/\/www.liberation.fr\/sports\/le-comite-dorganisation-des-jo-de-paris-2024-annonce-un-excedent-de-76-millions-deuros-trois-fois-plus-que-prevu-20250609_3QQ67BFYO5EOPEPXSHSXICGLHM\/\" target=\"_blank\" rel=\"noreferrer noopener\" title=\"https:\/\/www.liberation.fr\/sports\/le-comite-dorganisation-des-jo-de-paris-2024-annonce-un-excedent-de-76-millions-deuros-trois-fois-plus-que-prevu-20250609_3QQ67BFYO5EOPEPXSHSXICGLHM\/\">les 76 millions d\u2019euros<\/a> et pourrait m\u00eame encore grimper autour de la centaine de millions une fois les derniers ajustements r\u00e9alis\u00e9s. En d\u00e9cembre, on parlait \u00absimplement\u00bb d\u2019un exc\u00e9dent <a href=\"https:\/\/www.liberation.fr\/sports\/jeux-olympiques\/jo-de-paris-2024-le-cojo-annonce-un-excedent-de-budget-et-des-emissions-de-co2-en-baisse-par-rapport-aux-editions-precedentes-20241211_GY3APSXOC5EE5CRA2GRXPNWBXI\/#:~:text=Apr%C3%A8s%20avoir%20fait%20les%20ultimes,millions%20d&#039;euros%20aux%20d%C3%A9penses.\" target=\"_blank\" rel=\"noreferrer noopener\" title=\"https:\/\/www.liberation.fr\/sports\/jeux-olympiques\/jo-de-paris-2024-le-cojo-annonce-un-excedent-de-budget-et-des-emissions-de-co2-en-baisse-par-rapport-aux-editions-precedentes-20241211_GY3APSXOC5EE5CRA2GRXPNWBXI\/#:~:text=Apr%C3%A8s%20avoir%20fait%20les%20ultimes,millions%20d&#039;euros%20aux%20d%C3%A9penses.\">chiffr\u00e9 \u00e0 27 millions d\u2019euros<\/a>.<\/p>\n<p class=\"sc-ksZaOG ehjQrN text-element\">Cette diff\u00e9rence s\u2019explique selon le directeur financier du Cojo par une \u00e9volution favorable des taux de change, des placements financiers lucratifs, ainsi que par les recettes de la billetterie et des produits licenci\u00e9s. L\u2019annonce de la hausse de l\u2019exc\u00e9dent intervient quelques jours avant la r\u00e9union du conseil d\u2019administration du Cojo, le 17 juin, qui cl\u00f4turera les comptes et laissera la place \u00e0 un liquidateur en vue de la dissolution du comit\u00e9 organisateur.<\/p>\n<p class=\"sc-ksZaOG ehjQrN text-element\">Ces 76 millions, \u00abc\u2019est de l\u2019argent qui va au sport\u00bb a assur\u00e9 face \u00e0 une poign\u00e9e de journalistes <a href=\"https:\/\/www.liberation.fr\/portraits\/tony-estanguet-jo-en-vives-eaux-20230730_GOND65UV4FB57F7IDH7KHYG654\/\" target=\"_blank\" rel=\"noreferrer noopener\" title=\"https:\/\/www.liberation.fr\/portraits\/tony-estanguet-jo-en-vives-eaux-20230730_GOND65UV4FB57F7IDH7KHYG654\/\">Tony Estanguet, l\u2019ex-patron du Cojo<\/a>. Concr\u00e8tement, au moins 80 % de cette somme devraient b\u00e9n\u00e9ficier au sport fran\u00e7ais, selon le contrat de ville h\u00f4te sign\u00e9 avec le comit\u00e9 international olympique (CIO). 20 % seront ainsi revers\u00e9s au Comit\u00e9 olympique fran\u00e7ais (CNOSF), une institution qui en a bien besoin depuis qu\u2019une <a href=\"https:\/\/www.liberation.fr\/sports\/dans-le-budget-2025-les-sports-encore-laisses-sur-le-banc-20241010_YHZETAGILBFY5FXIFPW7Z2KGAQ\/\" target=\"_blank\" rel=\"noreferrer noopener\" title=\"https:\/\/www.liberation.fr\/sports\/dans-le-budget-2025-les-sports-encore-laisses-sur-le-banc-20241010_YHZETAGILBFY5FXIFPW7Z2KGAQ\/\">nette baisse des subventions allou\u00e9es par l\u2019Etat a \u00e9t\u00e9 d\u00e9cid\u00e9e<\/a>.<\/p>\n<p class=\"sc-ksZaOG ehjQrN text-element\">Environ 60 % reviendront ensuite au fonds de dotation de Paris 2024, qui est g\u00e9r\u00e9 par l\u2019Etat, le d\u00e9partement de Seine-Saint-Denis, le CNOSF, le Comit\u00e9 paralympique, la ville de Paris ou encore la r\u00e9gion Ile-de-France. L\u2019argent servira \u00e0 c\u00e9l\u00e9brer les Jeux et \u00e0 faire vivre leur h\u00e9ritage (comme <a href=\"https:\/\/www.liberation.fr\/sports\/jeux-olympiques\/jeux-olympiques-emmanuel-macron-annonce-le-retour-de-la-vasque-lete-a-paris-20250131_3VVZQLDMAVDU7HIY2UOQOTKPGI\/\" target=\"_blank\" rel=\"noreferrer noopener\" title=\"https:\/\/www.liberation.fr\/sports\/jeux-olympiques\/jeux-olympiques-emmanuel-macron-annonce-le-retour-de-la-vasque-lete-a-paris-20250131_3VVZQLDMAVDU7HIY2UOQOTKPGI\/\">l\u2019installation de la vaque olympique aux Tuileries<\/a> lors des trois prochains \u00e9t\u00e9s ou la c\u00e9l\u00e9bration de l\u2019anniversaire de la c\u00e9r\u00e9monie d\u2019ouverture) ; \u00e0 aider les projets lanc\u00e9s par Paris 2024 comme le dispositif \u00abSavoir nager\u00bb ou la journ\u00e9e paralympique ; et enfin \u00e0 soutenir les athl\u00e8tes qui ont du mal \u00e0 financer leur carri\u00e8re, dans les sports les moins m\u00e9diatis\u00e9s notamment.<\/p>\n<p class=\"sc-ksZaOG ehjQrN text-element\">Les 20 % restants reviennent, comme le veut le contrat, au CIO. <a href=\"https:\/\/www.leparisien.fr\/sports\/JO\/jo-paris-2024-lexcedent-de-budget-grimpe-a-76-millions-deuros-une-aubaine-pour-le-sport-francais-09-06-2025-B3PYCP572FEUFHVFL7QHDBQDZ4.php\" target=\"_blank\" rel=\"noreferrer noopener\" title=\"https:\/\/www.leparisien.fr\/sports\/JO\/jo-paris-2024-lexcedent-de-budget-grimpe-a-76-millions-deuros-une-aubaine-pour-le-sport-francais-09-06-2025-B3PYCP572FEUFHVFL7QHDBQDZ4.php\">Le Parisien<\/a> rappelle que le comit\u00e9 a pris pour habitude de laisser sa part au pays h\u00f4te. Elle pourrait notamment permettre de donner un petit coup de pouce \u00e0 l\u2019organisation des <a href=\"https:\/\/www.liberation.fr\/sports\/jeux-olympiques\/lancement-du-comite-dorganisation-des-jo-dhiver-2030-du-vert-pas-mur-20250219_S3VQCWSDFRFM5NZYKVAUWZSGXA\/\" target=\"_blank\" rel=\"noreferrer noopener\" title=\"https:\/\/www.liberation.fr\/sports\/jeux-olympiques\/lancement-du-comite-dorganisation-des-jo-dhiver-2030-du-vert-pas-mur-20250219_S3VQCWSDFRFM5NZYKVAUWZSGXA\/\">Jeux d\u2019hiver de 2030 dans les Alpes<\/a>.<\/p>\n<p class=\"sc-ksZaOG ehjQrN text-element\">Pour rappel, les <a href=\"https:\/\/www.liberation.fr\/economie\/jo-de-paris-2024-un-cout-maitrise-et-des-retombees-esperees-20240423_L6CSFNR525BQ5ECQHOFL4F7LPY\/\" target=\"_blank\" rel=\"noreferrer noopener\" title=\"https:\/\/www.liberation.fr\/economie\/jo-de-paris-2024-un-cout-maitrise-et-des-retombees-esperees-20240423_L6CSFNR525BQ5ECQHOFL4F7LPY\/\">recettes budg\u00e9taires du Cojo sont quasi enti\u00e8rement priv\u00e9es<\/a>, reposant sur les sponsors, la dotation vers\u00e9e par le Comit\u00e9 international olympique (CIO) et la billetterie. L\u2019argent public (Etat et collectivit\u00e9s) a de son c\u00f4t\u00e9 servi \u00e0 couvrir notamment une partie de la construction des ouvrages olympiques, \u00e0 hauteur de 2,46 milliards d\u2019euros, selon un document du budget 2025. Mais le premier pr\u00e9sident de la Cour des comptes, Pierre Moscovici, avait \u00e9voqu\u00e9 en mars 2024 un co\u00fbt public qui devrait plut\u00f4t s\u2019\u00e9tablir \u00abentre 3 et 5 milliards\u00bb d\u2019euros.<\/p>\n","protected":false},"excerpt":{"rendered":"Pour une surprise, c\u2019est une bonne surprise. Dimanche, le Comit\u00e9 d\u2019organisation des Jeux olympiques (Cojo) de Paris-2024 a&hellip;\n","protected":false},"author":2,"featured_media":163504,"comment_status":"","ping_status":"","sticky":false,"template":"","format":"standard","meta":{"footnotes":""},"categories":[1888],"tags":[11,1777,674,1011,27,7941,12,626,25],"class_list":{"0":"post-163503","1":"post","2":"type-post","3":"status-publish","4":"format-standard","5":"has-post-thumbnail","7":"category-paris","8":"tag-actualites","9":"tag-eu","10":"tag-europe","11":"tag-fr","12":"tag-france","13":"tag-jo-paris-2024","14":"tag-news","15":"tag-paris","16":"tag-republique-francaise"},"share_on_mastodon":{"url":"https:\/\/pubeurope.com\/@fr\/114654094495133478","error":""},"_links":{"self":[{"href":"https:\/\/www.europesays.com\/fr\/wp-json\/wp\/v2\/posts\/163503","targetHints":{"allow":["GET"]}}],"collection":[{"href":"https:\/\/www.europesays.com\/fr\/wp-json\/wp\/v2\/posts"}],"about":[{"href":"https:\/\/www.europesays.com\/fr\/wp-json\/wp\/v2\/types\/post"}],"author":[{"embeddable":true,"href":"https:\/\/www.europesays.com\/fr\/wp-json\/wp\/v2\/users\/2"}],"replies":[{"embeddable":true,"href":"https:\/\/www.europesays.com\/fr\/wp-json\/wp\/v2\/comments?post=163503"}],"version-history":[{"count":0,"href":"https:\/\/www.europesays.com\/fr\/wp-json\/wp\/v2\/posts\/163503\/revisions"}],"wp:featuredmedia":[{"embeddable":true,"href":"https:\/\/www.europesays.com\/fr\/wp-json\/wp\/v2\/media\/163504"}],"wp:attachment":[{"href":"https:\/\/www.europesays.com\/fr\/wp-json\/wp\/v2\/media?parent=163503"}],"wp:term":[{"taxonomy":"category","embeddable":true,"href":"https:\/\/www.europesays.com\/fr\/wp-json\/wp\/v2\/categories?post=163503"},{"taxonomy":"post_tag","embeddable":true,"href":"https:\/\/www.europesays.com\/fr\/wp-json\/wp\/v2\/tags?post=163503"}],"curies":[{"name":"wp","href":"https:\/\/api.w.org\/{rel}","templated":true}]}}