{"id":163505,"date":"2025-06-09T15:23:12","date_gmt":"2025-06-09T15:23:12","guid":{"rendered":"https:\/\/www.europesays.com\/fr\/163505\/"},"modified":"2025-06-09T15:23:12","modified_gmt":"2025-06-09T15:23:12","slug":"en-juin-lacceleration-des-attaques-de-drones-sur-la-russie","status":"publish","type":"post","link":"https:\/\/www.europesays.com\/fr\/163505\/","title":{"rendered":"En juin, l\u2019acc\u00e9l\u00e9ration des attaques de drones sur la Russie"},"content":{"rendered":"<p>Les n\u00e9gociations directes entre la Russie et l\u2019Ukraine vont-elles conna\u00eetre d\u2019ici \u00e0 la fin juin un troisi\u00e8me \u00e9pisode ? Rien n\u2019est moins s\u00fbr tant la confrontation entre les deux pays s\u2019intensifie. Escalade verbale, escalade militaire et notamment intensification des frappes de drones.<\/p>\n<p>De notre correspondante \u00e0 Moscou,<\/p>\n<p>Rien que dans la nuit de dimanche 8 \u00e0 lundi 9 juin, selon l&rsquo;arm\u00e9e de l&rsquo;air ukrainienne, la Russie a lanc\u00e9 un nombre record de 479 drones explosifs sur l&rsquo;Ukraine. Kiev en envoie aussi sur le territoire russe, provoquant de plus en plus souvent des fermetures d\u2019a\u00e9roports. Et ce lundi matin, annonce officielle : le travail dans une usine \u00e9lectronique a \u00e9t\u00e9 suspendu en Tchouvachie, r\u00e9gion russe situ\u00e9e \u00e0 environ 600 km \u00e0 l&rsquo;est de Moscou, \u00ab en raison de chutes de drones \u00bb.<\/p>\n<p>Le message du gouverneur local ce lundi matin est on ne peut plus sobre : \u00ab Ce matin, des tentatives de l&rsquo;Ukraine d&rsquo;utiliser des drones en Tchouvachie ont \u00e9t\u00e9 constat\u00e9es \u00bb. Selon lui, \u00ab deux drones ont chut\u00e9 sur le territoire de l&rsquo;usine VNIIR \u00bb. L&rsquo;un des principaux concepteurs et fabricants russes de composants \u00e9lectroniques. Aucune victime n\u2019est \u00e0 d\u00e9plorer, mais le travail est suspendu pour \u00ab assurer la s\u00e9curit\u00e9 des employ\u00e9s \u00bb. L\u2019attaque a \u00e9t\u00e9 revendiqu\u00e9e par l\u2019\u00e9tat-major ukrainien.<\/p>\n<p>Cet exemple est le dernier en date d\u2019une intensification des attaques sur le territoire russe. Les a\u00e9roports de Moscou sont particuli\u00e8rement vis\u00e9s et en ce mois de juin, rares sont les journ\u00e9es sans annonces de suspension du trafic, parfois sur la totalit\u00e9 des a\u00e9roports. Les r\u00e9cits de voyages interrompus et de mauvais sommeil sur le sol des a\u00e9roports de transit vers la Russie sont devenus courants.<\/p>\n<p><a href=\"https:\/\/www.rfi.fr\/fr\/europe\/20250609-en-juin-l-acc%C3%A9l%C3%A9ration-des-attaques-de-drones-sur-la-russie\" rel=\"nofollow noopener\" target=\"_blank\" data-ylk=\"slk:Lire la suite sur RFI;elm:context_link;itc:0;sec:content-canvas\" class=\"link \">Lire la suite sur RFI<\/a><\/p>\n","protected":false},"excerpt":{"rendered":"Les n\u00e9gociations directes entre la Russie et l\u2019Ukraine vont-elles conna\u00eetre d\u2019ici \u00e0 la fin juin un troisi\u00e8me \u00e9pisode&hellip;\n","protected":false},"author":2,"featured_media":163506,"comment_status":"","ping_status":"","sticky":false,"template":"","format":"standard","meta":{"footnotes":""},"categories":[1591],"tags":[11,29636,1887,29637,12,1885,1886,132],"class_list":{"0":"post-163505","1":"post","2":"type-post","3":"status-publish","4":"format-standard","5":"has-post-thumbnail","7":"category-russie","8":"tag-actualites","9":"tag-escalade-militaire","10":"tag-federation-de-russie","11":"tag-lundi-matin","12":"tag-news","13":"tag-russia","14":"tag-russian-federation","15":"tag-russie"},"share_on_mastodon":{"url":"https:\/\/pubeurope.com\/@fr\/114654098447944978","error":""},"_links":{"self":[{"href":"https:\/\/www.europesays.com\/fr\/wp-json\/wp\/v2\/posts\/163505","targetHints":{"allow":["GET"]}}],"collection":[{"href":"https:\/\/www.europesays.com\/fr\/wp-json\/wp\/v2\/posts"}],"about":[{"href":"https:\/\/www.europesays.com\/fr\/wp-json\/wp\/v2\/types\/post"}],"author":[{"embeddable":true,"href":"https:\/\/www.europesays.com\/fr\/wp-json\/wp\/v2\/users\/2"}],"replies":[{"embeddable":true,"href":"https:\/\/www.europesays.com\/fr\/wp-json\/wp\/v2\/comments?post=163505"}],"version-history":[{"count":0,"href":"https:\/\/www.europesays.com\/fr\/wp-json\/wp\/v2\/posts\/163505\/revisions"}],"wp:featuredmedia":[{"embeddable":true,"href":"https:\/\/www.europesays.com\/fr\/wp-json\/wp\/v2\/media\/163506"}],"wp:attachment":[{"href":"https:\/\/www.europesays.com\/fr\/wp-json\/wp\/v2\/media?parent=163505"}],"wp:term":[{"taxonomy":"category","embeddable":true,"href":"https:\/\/www.europesays.com\/fr\/wp-json\/wp\/v2\/categories?post=163505"},{"taxonomy":"post_tag","embeddable":true,"href":"https:\/\/www.europesays.com\/fr\/wp-json\/wp\/v2\/tags?post=163505"}],"curies":[{"name":"wp","href":"https:\/\/api.w.org\/{rel}","templated":true}]}}