{"id":163514,"date":"2025-06-09T15:28:10","date_gmt":"2025-06-09T15:28:10","guid":{"rendered":"https:\/\/www.europesays.com\/fr\/163514\/"},"modified":"2025-06-09T15:28:10","modified_gmt":"2025-06-09T15:28:10","slug":"javier-milei-en-europe-pour-consolider-ses-alliances","status":"publish","type":"post","link":"https:\/\/www.europesays.com\/fr\/163514\/","title":{"rendered":"Javier Milei en Europe pour consolider ses alliances"},"content":{"rendered":"<p>Le pr\u00e9sident argentin Javier Milei poursuit sa tourn\u00e9e europ\u00e9enne. Apr\u00e8s l\u2019Italie et l\u2019Espagne, il s&rsquo;est rendu ce lundi 9 juin \u00e0 Nice, en marge de la Conf\u00e9rence de l\u2019ONU sur l&rsquo;oc\u00e9an, o\u00f9 il doit rencontrer Emmanuel Macron avant de s\u2019envoler pour Isra\u00ebl. Depuis son arriv\u00e9e au pouvoir en d\u00e9cembre 2023, le chef d\u2019\u00c9tat argentin multiplie les d\u00e9placements sur le continent, \u00e0 la rencontre de ses alli\u00e9s.<\/p>\n<p>Dimanche \u00e0 Madrid, <strong><a href=\"https:\/\/www.rfi.fr\/fr\/tag\/javier-milei\/\" rel=\"nofollow noopener\" target=\"_blank\" data-ylk=\"slk:Javier Milei;elm:context_link;itc:0;sec:content-canvas\" class=\"link \">Javier Milei<\/a><\/strong> a cl\u00f4tur\u00e9 un forum \u00e9conomique devant un auditoire acquis \u00e0 la cause ultralib\u00e9rale. Il y a vant\u00e9 ses r\u00e9sultats \u00e9conomiques : baisse de l\u2019inflation, d\u00e9but de reprise de la croissance, selon lui. Un discours largement applaudi au cours duquel il s\u2019en est \u00e0 nouveau pris au Premier ministre socialiste <strong><a href=\"https:\/\/www.rfi.fr\/fr\/tag\/pedro-sanchez\/\" rel=\"nofollow noopener\" target=\"_blank\" data-ylk=\"slk:Pedro Sanchez;elm:context_link;itc:0;sec:content-canvas\" class=\"link \">Pedro Sanchez<\/a><\/strong>, le qualifiant de \u00ab voyou \u00bb.<\/p>\n<p>Quelques jours plus t\u00f4t, c\u2019est en <strong><a href=\"https:\/\/www.rfi.fr\/fr\/tag\/italie\/\" rel=\"nofollow noopener\" target=\"_blank\" data-ylk=\"slk:Italie;elm:context_link;itc:0;sec:content-canvas\" class=\"link \">Italie<\/a><\/strong> que le pr\u00e9sident <strong><a href=\"https:\/\/www.rfi.fr\/fr\/tag\/argentine\/\" rel=\"nofollow noopener\" target=\"_blank\" data-ylk=\"slk:argentin;elm:context_link;itc:0;sec:content-canvas\" class=\"link \">argentin<\/a><\/strong> avait \u00e9t\u00e9 chaleureusement accueilli par <strong><a href=\"https:\/\/www.rfi.fr\/fr\/tag\/giorgia-meloni\/\" rel=\"nofollow noopener\" target=\"_blank\" data-ylk=\"slk:Giorgia Meloni;elm:context_link;itc:0;sec:content-canvas\" class=\"link \">Giorgia Meloni<\/a><\/strong>. Une \u00e9tape marqu\u00e9e par un rapprochement \u00e9conomique : l\u2019entreprise p\u00e9troli\u00e8re publique argentine YPF et le groupe italien ENI ont sign\u00e9 un accord d\u2019exportation de gaz issu du gigantesque gisement de Vaca Muerta, dans la province de Neuqu\u00e9n.<\/p>\n<p>Emmanuel Macron, le pape et bient\u00f4t Benyamin Netanyahu<\/p>\n<p><a href=\"https:\/\/www.rfi.fr\/fr\/am%C3%A9riques\/20250609-argentine-javier-milei-en-europe-pour-consolider-ses-alliances\" rel=\"nofollow noopener\" target=\"_blank\" data-ylk=\"slk:Lire la suite sur RFI;elm:context_link;itc:0;sec:content-canvas\" class=\"link \">Lire la suite sur RFI<\/a><\/p>\n","protected":false},"excerpt":{"rendered":"Le pr\u00e9sident argentin Javier Milei poursuit sa tourn\u00e9e europ\u00e9enne. Apr\u00e8s l\u2019Italie et l\u2019Espagne, il s&rsquo;est rendu ce lundi&hellip;\n","protected":false},"author":2,"featured_media":163515,"comment_status":"","ping_status":"","sticky":false,"template":"","format":"standard","meta":{"footnotes":""},"categories":[1586],"tags":[11,1073,1777,674,1011,27,3044,5924,12,25],"class_list":{"0":"post-163514","1":"post","2":"type-post","3":"status-publish","4":"format-standard","5":"has-post-thumbnail","7":"category-europe","8":"tag-actualites","9":"tag-emmanuel-macron","10":"tag-eu","11":"tag-europe","12":"tag-fr","13":"tag-france","14":"tag-giorgia-meloni","15":"tag-javier-milei","16":"tag-news","17":"tag-republique-francaise"},"share_on_mastodon":{"url":"https:\/\/pubeurope.com\/@fr\/114654118091666142","error":""},"_links":{"self":[{"href":"https:\/\/www.europesays.com\/fr\/wp-json\/wp\/v2\/posts\/163514","targetHints":{"allow":["GET"]}}],"collection":[{"href":"https:\/\/www.europesays.com\/fr\/wp-json\/wp\/v2\/posts"}],"about":[{"href":"https:\/\/www.europesays.com\/fr\/wp-json\/wp\/v2\/types\/post"}],"author":[{"embeddable":true,"href":"https:\/\/www.europesays.com\/fr\/wp-json\/wp\/v2\/users\/2"}],"replies":[{"embeddable":true,"href":"https:\/\/www.europesays.com\/fr\/wp-json\/wp\/v2\/comments?post=163514"}],"version-history":[{"count":0,"href":"https:\/\/www.europesays.com\/fr\/wp-json\/wp\/v2\/posts\/163514\/revisions"}],"wp:featuredmedia":[{"embeddable":true,"href":"https:\/\/www.europesays.com\/fr\/wp-json\/wp\/v2\/media\/163515"}],"wp:attachment":[{"href":"https:\/\/www.europesays.com\/fr\/wp-json\/wp\/v2\/media?parent=163514"}],"wp:term":[{"taxonomy":"category","embeddable":true,"href":"https:\/\/www.europesays.com\/fr\/wp-json\/wp\/v2\/categories?post=163514"},{"taxonomy":"post_tag","embeddable":true,"href":"https:\/\/www.europesays.com\/fr\/wp-json\/wp\/v2\/tags?post=163514"}],"curies":[{"name":"wp","href":"https:\/\/api.w.org\/{rel}","templated":true}]}}