{"id":163516,"date":"2025-06-09T15:29:10","date_gmt":"2025-06-09T15:29:10","guid":{"rendered":"https:\/\/www.europesays.com\/fr\/163516\/"},"modified":"2025-06-09T15:29:10","modified_gmt":"2025-06-09T15:29:10","slug":"comment-la-fete-de-la-victoire-du-rn-sest-transformee-en-rassemblement-contre-lue","status":"publish","type":"post","link":"https:\/\/www.europesays.com\/fr\/163516\/","title":{"rendered":"Comment la \u00ab\u00a0f\u00eate de la victoire\u00a0\u00bb du RN s&rsquo;est transform\u00e9e en rassemblement contre l&rsquo;UE"},"content":{"rendered":"<p class=\"app_entry_lead\">\n                                    <a title=\"\u00a0\u00a9\u00a0Charles Bury\/SIPA (publi\u00e9e le 09\/06\/2025)\" href=\"https:\/\/www.europesays.com\/fr\/wp-content\/uploads\/2025\/06\/76234324.jpg\" class=\"fancy\"><\/p>\n<p>                            <img loading=\"lazy\" decoding=\"async\" src=\"https:\/\/www.europesays.com\/fr\/wp-content\/uploads\/2025\/06\/76234324.jpg\" alt=\"Comment la &quot;f\u00eate de la victoire&quot; du RN s'est transform\u00e9e en rassemblement contre l'UE\" width=\"1500\" height=\"1000\"\/><\/p>\n<p>                    <\/a><br \/>\n                    Le Rassemblement national et ses militants sont r\u00e9unis \u00e0 Mormant-sur-Vernisson (Loiret) pour f\u00eater l&rsquo;anniversaire de la victoire du RN aux derni\u00e8res \u00e9lections europ\u00e9ennes.\n            <\/p>\n<p>Le RN f\u00eate sa victoire de l&rsquo;ann\u00e9e derni\u00e8re dans le Loiret, \u00e0 Mormant-sur-Vernisson. Ils ont convi\u00e9 leurs militants ainsi que leurs alli\u00e9s europ\u00e9ens, comme le Premier ministre hongrois, Viktor Orban. \u00c0 cette occasion, Marine Le Pen et Jordan Bardella, qui est pourtant eurod\u00e9put\u00e9, ont prononc\u00e9 un discours tr\u00e8s critique de l&rsquo;Union europ\u00e9enne.<\/p>\n<p>Le premier \u00e0 passer sur sc\u00e8ne a \u00e9t\u00e9 Viktor Orban. L&rsquo;alli\u00e9 europ\u00e9en du Rassemblement national a prononc\u00e9 un discours dans lequel il a largement parl\u00e9 de la th\u00e9orie du \u00ab\u00a0grand remplacement\u00a0\u00bb, une id\u00e9e pourtant laiss\u00e9e de c\u00f4t\u00e9 depuis plusieurs ann\u00e9es par les repr\u00e9sentants du RN. Il a d\u00e9nonc\u00e9 \u00ab\u00a0un \u00e9change organis\u00e9 de populations pour remplacer le socle culturel de l&rsquo;Europe\u00a0\u00bb, se targuant d&rsquo;avoir \u00ab\u00a0repouss\u00e9 les migrants\u00a0\u00bb de Hongrie, risquant ainsi des sanctions de Bruxelles\u00a0: \u00ab\u00a0Nous ne les laisserons pas d\u00e9truire nos villes, violer nos filles et nos femmes, tuer des citoyens pacifiques\u00a0\u00bb.<\/p>\n<p>Vient ensuite le tour de Marine Le Pen. La cheffe des d\u00e9put\u00e9s RN \u00e0 l&rsquo;Assembl\u00e9e s&rsquo;est f\u00e9licit\u00e9e que ses alli\u00e9s soient \u00ab\u00a0au pouvoir ou \u00e0 ses portes\u00a0\u00bb en Europe. \u00ab\u00a0Le 9\u00a0juin 2024, nous avons cr\u00e9\u00e9 le troisi\u00e8me groupe le plus important du Parlement europ\u00e9en\u00a0\u00bb, a-t-elle d\u00e9clar\u00e9. \u00ab\u00a0Il est uni par une vision commune de la vie, du monde, et par un grand projet politique pour nos patries et notre Europe.\u00a0\u00bb Elle a d\u00e9nonc\u00e9 un \u00ab\u00a0Empire marchand, wokiste et ultra-lib\u00e9ral\u00a0\u00bb, qui r\u00e9duit les peuples \u00ab\u00a0au rang de population \u00e0 administrer\u00a0\u00bb. Marine Le Pen a alors promis de remettre \u00ab\u00a0la France en ordre, gr\u00e2ce \u00e0 l&rsquo;id\u00e9e puissante de nations\u00a0\u00bb. Elle a tout de m\u00eame pr\u00e9cis\u00e9 ne pas vouloir \u00ab\u00a0sortir de l&rsquo;Europe\u00a0\u00bb, mais \u00ab\u00a0sortir de cette Europe-l\u00e0. L&rsquo;Europe, ce n&rsquo;est pas l&rsquo;Union europ\u00e9enne, c&rsquo;est nous. L&rsquo;Europe ne fut grande que lorsque ses \u00c9tats \u00e9taient libres.\u00a0\u00bb \u00ab\u00a0<\/p>\n<p>\u00ab\u00a0Nous refusons l&rsquo;Europe de Macron\u00a0\u00bb<\/p>\n<p>C&rsquo;est enfin au tour de Jordan Bardella. Le pr\u00e9sident du RN, qui lui n&rsquo;a pas \u00e9t\u00e9 condamn\u00e9 en premi\u00e8re instance \u00e0 cinq ans d&rsquo;in\u00e9ligibilit\u00e9, a \u00e9galement f\u00e9licit\u00e9 les militants pour la victoire de l&rsquo;extr\u00eame droite en Europe l&rsquo;ann\u00e9e derni\u00e8re. Il assure refuser \u00ab\u00a0l&rsquo;Europe de Macron pour lui pr\u00e9f\u00e9rer l&rsquo;Europe des nations\u00a0\u00bb. Il a appel\u00e9 \u00e0 \u00ab\u00a0une Europe des protections (\u2026) o\u00f9 l&rsquo;espace Schengen cesse d&rsquo;\u00eatre une passoire\u00a0\u00bb.<\/p>\n","protected":false},"excerpt":{"rendered":"Le Rassemblement national et ses militants sont r\u00e9unis \u00e0 Mormant-sur-Vernisson (Loiret) pour f\u00eater l&rsquo;anniversaire de la victoire du&hellip;\n","protected":false},"author":2,"featured_media":163517,"comment_status":"","ping_status":"","sticky":false,"template":"","format":"standard","meta":{"footnotes":""},"categories":[1586],"tags":[11,1777,674,1779,1011,27,12,25,1778,364],"class_list":{"0":"post-163516","1":"post","2":"type-post","3":"status-publish","4":"format-standard","5":"has-post-thumbnail","7":"category-europe","8":"tag-actualites","9":"tag-eu","10":"tag-europe","11":"tag-european-union","12":"tag-fr","13":"tag-france","14":"tag-news","15":"tag-republique-francaise","16":"tag-ue","17":"tag-union-europeenne"},"share_on_mastodon":{"url":"https:\/\/pubeurope.com\/@fr\/114654122069688793","error":""},"_links":{"self":[{"href":"https:\/\/www.europesays.com\/fr\/wp-json\/wp\/v2\/posts\/163516","targetHints":{"allow":["GET"]}}],"collection":[{"href":"https:\/\/www.europesays.com\/fr\/wp-json\/wp\/v2\/posts"}],"about":[{"href":"https:\/\/www.europesays.com\/fr\/wp-json\/wp\/v2\/types\/post"}],"author":[{"embeddable":true,"href":"https:\/\/www.europesays.com\/fr\/wp-json\/wp\/v2\/users\/2"}],"replies":[{"embeddable":true,"href":"https:\/\/www.europesays.com\/fr\/wp-json\/wp\/v2\/comments?post=163516"}],"version-history":[{"count":0,"href":"https:\/\/www.europesays.com\/fr\/wp-json\/wp\/v2\/posts\/163516\/revisions"}],"wp:featuredmedia":[{"embeddable":true,"href":"https:\/\/www.europesays.com\/fr\/wp-json\/wp\/v2\/media\/163517"}],"wp:attachment":[{"href":"https:\/\/www.europesays.com\/fr\/wp-json\/wp\/v2\/media?parent=163516"}],"wp:term":[{"taxonomy":"category","embeddable":true,"href":"https:\/\/www.europesays.com\/fr\/wp-json\/wp\/v2\/categories?post=163516"},{"taxonomy":"post_tag","embeddable":true,"href":"https:\/\/www.europesays.com\/fr\/wp-json\/wp\/v2\/tags?post=163516"}],"curies":[{"name":"wp","href":"https:\/\/api.w.org\/{rel}","templated":true}]}}