{"id":163518,"date":"2025-06-09T15:30:09","date_gmt":"2025-06-09T15:30:09","guid":{"rendered":"https:\/\/www.europesays.com\/fr\/163518\/"},"modified":"2025-06-09T15:30:09","modified_gmt":"2025-06-09T15:30:09","slug":"deux-ans-apres-le-grand-menage-les-nouveaux-defis-du-milieu-des-influenceurs","status":"publish","type":"post","link":"https:\/\/www.europesays.com\/fr\/163518\/","title":{"rendered":"deux ans apr\u00e8s le grand m\u00e9nage, les nouveaux d\u00e9fis du milieu des influenceurs"},"content":{"rendered":"<p><strong>ENQU\u00caTE &#8211;<\/strong> Si le secteur s\u2019est assaini et professionnalis\u00e9 gr\u00e2ce \u00e0 la loi influenceurs adopt\u00e9e il y a deux ans, il reste confront\u00e9 \u00e0 de nombreux d\u00e9fis\u00a0: l\u2019encadrement des m\u00e9decins-influenceurs, les sources de financement, l\u2019essor de TikTok Shop\u2026<\/p>\n<p class=\"fig-paragraph\">Des influenceurs qui sirotent un cocktail dans la piscine de leur r\u00e9sidence de luxe \u00e0 Duba\u00ef. Ce clich\u00e9 a longtemps terni l\u2019image de la profession, associ\u00e9e \u00e0 l\u2019argent facile et \u00e0 l\u2019\u00e9vasion fiscale. L\u2019an pass\u00e9, le grand public a d\u00e9couvert une autre facette du m\u00e9tier avec\u00a0<a href=\"http:\/\/www.lefigaro.fr\/flash-eco\/carton-sur-youtube-kaizen-d-inoxtag-arrive-sur-la-plateforme-disney-20250521\" data-fig-type=\"NewsFlash\" data-gtm-custom-categorie=\"navigation\" data-gtm-custom-action=\"crossclick\" data-gtm-custom-label=\"Contextuel\" data-gtm-event=\"customEventSPE\" data-fig-domain=\"LEFIGARO\" rel=\"nofollow noopener\" target=\"_blank\">Inoxtag et son film de 2h30, \u00ab Kaizen\u00a0\u00bb<\/a>, relatant son ascension de l\u2019Everest, vu plus de 40 millions de fois sur YouTube.<\/p>\n<p class=\"fig-paragraph\">Deux ans apr\u00e8s le vote de la\u00a0<a href=\"http:\/\/www.lefigaro.fr\/medias\/bruno-le-maire-devoile-son-plan-pour-en-finir-avec-la-jungle-des-influenceurs-20230324\" data-fig-type=\"NewsFlash\" data-gtm-custom-categorie=\"navigation\" data-gtm-custom-action=\"crossclick\" data-gtm-custom-label=\"Contextuel\" data-gtm-event=\"customEventSPE\" data-fig-domain=\"LEFIGARO\" rel=\"nofollow noopener\" target=\"_blank\">loi influenceurs (adopt\u00e9e le 9 juin 2023)<\/a>, le secteur de l\u2019influence a \u00e9volu\u00e9. La loi, port\u00e9e par les d\u00e9put\u00e9s Arthur Delaporte (PS) et St\u00e9phane Vojetta (EPR), visait \u00e0 mettre fin au \u00ab Far West\u00a0\u00bb en luttant contre les arnaques et les d\u00e9rives sur les r\u00e9seaux sociaux. Le texte, qui faisait de la France le premier pays d\u2019Europe \u00e0 r\u00e9glementer le secteur, a cr\u00e9\u00e9 l\u2019obligation pour les 150.000 influenceurs de signaler les partenariats commerciaux nou\u00e9s avec des marques. Ils doivent aussi mentionner les \u00ab images retouch\u00e9es\u00a0\u00bb ou \u00ab virtuelles\u00a0\u00bb, et proscrire l\u2019incitation\u2026<\/p>\n<p class=\"fig-premium-paywall__infos\">\n        Cet article est r\u00e9serv\u00e9 aux abonn\u00e9s.        Il vous reste 92% \u00e0 d\u00e9couvrir.\n    <\/p>\n<p>                <img  data- alt=\"Le Figaro\" class=\"fig-img--complete fig-img\"\/><\/p>\n<p class=\"fig-premium-paywall__title\">Vente Flash<\/p>\n<p class=\"fig-premium-paywall__subtitle\">3,99\u20ac par mois pendant 12 mois. Sans engagement.<\/p>\n<p class=\"fig-premium-paywall__connect\">\n                D\u00e9j\u00e0 abonn\u00e9\u00a0?                <a class=\"fig-premium-paywall__connect-link\" href=\"https:\/\/connect.lefigaro.fr\/login?client=horizon_web&amp;type=main&amp;redirect_uri=https%3A%2F%2Fwww.lefigaro.fr%2Fmedias%2Ftous-ceux-qui-faisaient-ce-metier-en-cow-boy-ont-disparu-deux-ans-apres-le-grand-menage-du-far-west-les-nouveaux-defis-du-milieu-des-influenceurs-20250609\" data-js-gtm=\"{&quot;customCategorie&quot;: &quot;conversion&quot;, &quot;customAction&quot;: &quot;before_Landing_Connexion_paywall_auto&quot;, &quot;customLabel&quot;: &quot;bGVmaWdhcm8uZnJfXzFmMDQxOGM4LTJhY2ItNmFiYS04MDc4LTkzY2RhZTQ0MWFjZF9fQXJ0aWNsZQ==_\u00abTous ceux qui faisaient ce m\u00e9tier en cow-boy ont disparu\u00bb\u00a0: deux ans apr\u00e8s le grand m\u00e9nage, les nouveaux d\u00e9fis du milieu des influenceurs_603&quot;, &quot;customIDSPE&quot;: &quot;bGVmaWdhcm8uZnJfXzFmMDQxOGM4LTJhY2ItNmFiYS04MDc4LTkzY2RhZTQ0MWFjZF9fQXJ0aWNsZQ==&quot;, &quot;event&quot;: &quot;customEventSPE&quot;}\" rel=\"nofollow noopener\" target=\"_blank\"><br \/>\n                    Connectez-vous<br \/>\n                <\/a>\n            <\/p>\n","protected":false},"excerpt":{"rendered":"ENQU\u00caTE &#8211; Si le secteur s\u2019est assaini et professionnalis\u00e9 gr\u00e2ce \u00e0 la loi influenceurs adopt\u00e9e il y a&hellip;\n","protected":false},"author":2,"featured_media":163519,"comment_status":"","ping_status":"","sticky":false,"template":"","format":"standard","meta":{"footnotes":""},"categories":[2],"tags":[11,5717,1011,27,5724,5720,2480,5725,5719,5723,5722,5721,5718,12,5715,5714,1834,25,5726,252,1364,5716],"class_list":{"0":"post-163518","1":"post","2":"type-post","3":"status-publish","4":"format-standard","5":"has-post-thumbnail","7":"category-actualites","8":"tag-actualites","9":"tag-bibendum","10":"tag-fr","11":"tag-france","12":"tag-geant-vert","13":"tag-herisson-ernie-spontex","14":"tag-influenceurs","15":"tag-la-laitiere","16":"tag-lapin-duracell","17":"tag-mms","18":"tag-mamie-nova","19":"tag-mr-marie","20":"tag-mr-propre","21":"tag-news","22":"tag-personnage-publicitaire","23":"tag-pub","24":"tag-publicite","25":"tag-republique-francaise","26":"tag-tele","27":"tag-television","28":"tag-tv","29":"tag-vache-qui-rit"},"share_on_mastodon":{"url":"https:\/\/pubeurope.com\/@fr\/114654125971444357","error":""},"_links":{"self":[{"href":"https:\/\/www.europesays.com\/fr\/wp-json\/wp\/v2\/posts\/163518","targetHints":{"allow":["GET"]}}],"collection":[{"href":"https:\/\/www.europesays.com\/fr\/wp-json\/wp\/v2\/posts"}],"about":[{"href":"https:\/\/www.europesays.com\/fr\/wp-json\/wp\/v2\/types\/post"}],"author":[{"embeddable":true,"href":"https:\/\/www.europesays.com\/fr\/wp-json\/wp\/v2\/users\/2"}],"replies":[{"embeddable":true,"href":"https:\/\/www.europesays.com\/fr\/wp-json\/wp\/v2\/comments?post=163518"}],"version-history":[{"count":0,"href":"https:\/\/www.europesays.com\/fr\/wp-json\/wp\/v2\/posts\/163518\/revisions"}],"wp:featuredmedia":[{"embeddable":true,"href":"https:\/\/www.europesays.com\/fr\/wp-json\/wp\/v2\/media\/163519"}],"wp:attachment":[{"href":"https:\/\/www.europesays.com\/fr\/wp-json\/wp\/v2\/media?parent=163518"}],"wp:term":[{"taxonomy":"category","embeddable":true,"href":"https:\/\/www.europesays.com\/fr\/wp-json\/wp\/v2\/categories?post=163518"},{"taxonomy":"post_tag","embeddable":true,"href":"https:\/\/www.europesays.com\/fr\/wp-json\/wp\/v2\/tags?post=163518"}],"curies":[{"name":"wp","href":"https:\/\/api.w.org\/{rel}","templated":true}]}}