{"id":163520,"date":"2025-06-09T15:31:12","date_gmt":"2025-06-09T15:31:12","guid":{"rendered":"https:\/\/www.europesays.com\/fr\/163520\/"},"modified":"2025-06-09T15:31:12","modified_gmt":"2025-06-09T15:31:12","slug":"les-cendres-des-megafeux-du-canada-survolent-notre-region-ce-lundi-encore","status":"publish","type":"post","link":"https:\/\/www.europesays.com\/fr\/163520\/","title":{"rendered":"les cendres des m\u00e9gafeux du Canada survolent notre r\u00e9gion ce lundi encore"},"content":{"rendered":"<p>Comme ce dimanche, le ciel proven\u00e7al est encore assez opaque et renvoie une lumi\u00e8re pour le moins \u00e9trange. Nous vous en avions donn\u00e9 hier la raison principale : <a href=\"https:\/\/www.laprovence.com\/article\/region\/14538006743097\/comment-les-megafeux-du-canada-donnent-cette-etrange-couleur-au-ciel-de-provence-ce-dimanche\" target=\"_blank\" rel=\"noopener\">des cendres li\u00e9es aux m\u00e9gafeux du Canada<\/a>. Elles ont travers\u00e9 l&rsquo;Atlantique \u00e0 cause des flux atmosph\u00e9riques allant d&rsquo;ouest en est.<\/p>\n<p>Cette couleur c\u00e9leste va-t-elle perdurer encore quelques jours ? Selon <a href=\"https:\/\/www.facebook.com\/lameteodu13\" target=\"_blank\" rel=\"noopener\">la page Facebook de la M\u00e9t\u00e9o du 13<\/a>, dirig\u00e9e par Paul Marquis : \u00ab\u00a0Cela sera encore le cas jusqu&rsquo;\u00e0 demain (mardi) avant que les poussi\u00e8res du Sahara ne prennent le relais mercredi et jeudi.\u00a0\u00bb<\/p>\n<p>Pour rappel, la fum\u00e9e qui s&rsquo;\u00e9l\u00e8ve au-dessus de ce pays d&rsquo;Am\u00e9rique du nord met entre 24 et 36 heures, voire plus de temps pour arriver jusqu&rsquo;en Europe. Elle se situe \u00e0 pr\u00e8s de 10 kilom\u00e8tres au-dessus de nos t\u00eates et ne repr\u00e9sente a priori pas vraiment de danger pour la sant\u00e9.<\/p>\n","protected":false},"excerpt":{"rendered":"Comme ce dimanche, le ciel proven\u00e7al est encore assez opaque et renvoie une lumi\u00e8re pour le moins \u00e9trange.&hellip;\n","protected":false},"author":2,"featured_media":163521,"comment_status":"","ping_status":"","sticky":false,"template":"","format":"standard","meta":{"footnotes":""},"categories":[2],"tags":[17,11,29639,4512,154,1011,27,29638,151,29640,12,1186,16,25],"class_list":{"0":"post-163520","1":"post","2":"type-post","3":"status-publish","4":"format-standard","5":"has-post-thumbnail","7":"category-actualites","8":"tag-17","9":"tag-actualites","10":"tag-cendres","11":"tag-ciel","12":"tag-des","13":"tag-fr","14":"tag-france","15":"tag-laiteux","16":"tag-les","17":"tag-megafeux","18":"tag-news","19":"tag-provence","20":"tag-region","21":"tag-republique-francaise"},"share_on_mastodon":{"url":"https:\/\/pubeurope.com\/@fr\/114654129983724903","error":""},"_links":{"self":[{"href":"https:\/\/www.europesays.com\/fr\/wp-json\/wp\/v2\/posts\/163520","targetHints":{"allow":["GET"]}}],"collection":[{"href":"https:\/\/www.europesays.com\/fr\/wp-json\/wp\/v2\/posts"}],"about":[{"href":"https:\/\/www.europesays.com\/fr\/wp-json\/wp\/v2\/types\/post"}],"author":[{"embeddable":true,"href":"https:\/\/www.europesays.com\/fr\/wp-json\/wp\/v2\/users\/2"}],"replies":[{"embeddable":true,"href":"https:\/\/www.europesays.com\/fr\/wp-json\/wp\/v2\/comments?post=163520"}],"version-history":[{"count":0,"href":"https:\/\/www.europesays.com\/fr\/wp-json\/wp\/v2\/posts\/163520\/revisions"}],"wp:featuredmedia":[{"embeddable":true,"href":"https:\/\/www.europesays.com\/fr\/wp-json\/wp\/v2\/media\/163521"}],"wp:attachment":[{"href":"https:\/\/www.europesays.com\/fr\/wp-json\/wp\/v2\/media?parent=163520"}],"wp:term":[{"taxonomy":"category","embeddable":true,"href":"https:\/\/www.europesays.com\/fr\/wp-json\/wp\/v2\/categories?post=163520"},{"taxonomy":"post_tag","embeddable":true,"href":"https:\/\/www.europesays.com\/fr\/wp-json\/wp\/v2\/tags?post=163520"}],"curies":[{"name":"wp","href":"https:\/\/api.w.org\/{rel}","templated":true}]}}